{"id":44048,"date":"2023-02-10T09:02:02","date_gmt":"2023-02-10T08:02:02","guid":{"rendered":"https:\/\/www.bilten.org\/?p=44048"},"modified":"2023-02-13T11:39:02","modified_gmt":"2023-02-13T10:39:02","slug":"klasno-postupanje","status":"publish","type":"post","link":"https:\/\/www.bilten.org\/?p=44048","title":{"rendered":"Klasno postupanje"},"content":{"rendered":"\n<p>Slu\u010daj Platak pridonio je daljnjem srozavanju povjerenja javnosti u policiju, ali i pokazao krajnje ograni\u010denu perspektivu hrvatskih medija kad je klasna dimenzija u pitanju: ona mo\u017ee biti nagla\u0161ena samo ako je rije\u010d o povezanosti s HDZ-om.<\/p>\n\n\n\n<p>Dva su tjedna ve\u0107 pro\u0161la od incidenta na popularnom skijali\u0161tu Platak, na kojem je grupa mladi\u0107a prvo uznemiravala posjetitelje voze\u0107i automobil po skija\u0161koj stazi, a onda i izazvala tu\u010dnjavu, ozbiljno ozlijediv\u0161i nekolicinu ljudi koji su im se usprotivili. Slu\u010daj je jako brzo izazvao sablazan na nacionalnoj razini, naro\u010dito kada je policija inicijalno poprili\u010dno non\u0161alantno pristupila tako ozbiljnom incidentu s tri ozlije\u0111ene osobe, da bi onda izlaskom novih detalja o samim po\u010diniteljima &#8211; i o politi\u010dkom anga\u017emanu \u010dlanova njihove u\u017ee obitelji &#8211; stvar dobila uhodanu uzro\u010dno-posljedi\u010dnu interpretaciju.<\/p>\n\n\n\n<p>Policiji je trebalo dva dana da se uop\u0107e oglasi o incidentu, a kada su to pod pritiskom medija kona\u010dno i napravili, javnost je dodatno \u0161okirala \u010dinjenica da trojicu nasilnika terete tek za prekr\u0161aj u domeni Zakona o prekr\u0161ajima protiv javnog reda i mira. Posebno je bizarna klasifikacija djela ako uzmemo u obzir da su sva trojica osumnji\u010denika sporta\u0161i, k tome i aktivni MMA-borci, \u0161to imputira dodatnu odgovornost za njihove postupke. A onda je stvar naizgled postala &#8220;o\u010dita&#8221;: jednom od njih, Luki Tirielu Abramovi\u0107u, otkriveno je, otac obna\u0161a du\u017enost visokopozicioniranog \u010dlana lokalnog ogranka HDZ-a Primorsko-goranske \u017eupanije. Za sud javnosti je slu\u010daj &#8211; ili barem razlozi iza takvog usporenog policijskog djelovanja &#8211; ve\u0107 tada bio &#8220;rije\u0161en&#8221;; policija prema toj deduktivnoj metodi poku\u0161ava relativizirati situaciju kako bi sinu lokalnog mo\u0107nika omogu\u0107ila kudikamo bla\u017eu kaznu.<\/p>\n\n\n\n<h2 class=\"wp-block-heading\">Povjerenje na niskim razinama<\/h2>\n\n\n\n<p>Dodu\u0161e, nije da policija ionako u\u017eiva pretjerano dru\u0161tveno povjerenje. Dapa\u010de, pristup poput ovog u slu\u010daju Platak sada je ve\u0107 ponavljaju\u0107i uzorak i to kroz nekoliko slu\u010dajeva u tek ne\u0161to vi\u0161e od proteklih pola godine. Prvi zna\u010dajni <a rel=\"noreferrer noopener\" href=\"https:\/\/www.bilten.org\/?p=43286\" target=\"_blank\">incident<\/a>, sukob policije i navija\u010da na autoputu A1 nakon derbija Dinama i Hajduka, rezultirao je nizom ozlije\u0111enih i privedenih ljudi, i to ponajvi\u0161e onih koji sa samim sukobom nisu imali nikakve veze. Radilo se o o\u010ditom primjeru prekora\u010denja policijskih ovlasti, ali nakon pritiska javnosti &#8211; koja se \u010dak i solidarizirala s ovim nevinim dijelom navija\u010dke populacije &#8211; i pokrenutih &#8220;izvida&#8221;, situacija je pala u duboku sjenu. Devet mjeseci nakon incidenta Dr\u017eavno odvjetni\u0161tvo i dalje tek \u0161turo navodi kako se navedeni izvidi i dalje &#8220;provode&#8221;, odbijaju\u0107i davati vi\u0161e detalja.<\/p>\n\n\n\n<p>Drugi slu\u010daj ru\u0161enja mita iz policijskog slogana o &#8220;sigurnosti i povjerenju&#8221; stigao je tako\u0111er nakon nogometne utakmice, tako\u0111er izme\u0111u Hajduka i Dinama, ovog puta odigrane krajem listopada u Splitu. Policija je tada reagirala na dojavu o bla\u017eem reme\u0107enju javnog reda i mira pred Torcidinim prostorijama, da bi situacija vrlo brzo eskalirala u novi otvoreni sukob policije i navija\u010da, tako\u0111er uz kori\u0161tenje vatrenog oru\u017eja. No najgori dio tog sukoba bila je situacija koju je prolaznik zabilje\u017eio na kameri: trojica policijskih slu\u017ebenika brutalno mlate ve\u0107 vezanu osobu &#8211; koja je, kako se naknadno ispostavilo, tek i\u0161la ku\u0107i s posla &#8211; polegnutu na pod. Bilanca tog policijskog nasilja bila je tek jedna uvjetna kazna za jednog policajca, a dodatno zgra\u017eanje javnosti policija je izazvala prije desetak dana, kada je u javnost dospio njihov izvje\u0161taj Dr\u017eavnom odvjetni\u0161tvu, u kojem mrtvi-hladni navode kako &#8220;ne znaju koga su premlatili&#8221; pa se eto, slijedom toga ni\u0161ta dalje ne mo\u017ee poduzimati po pitanju sankcija. Petorica uhi\u0107enih navija\u010da su ina\u010de kazneno prijavljena.<\/p>\n\n\n\n<p>Dakle, atmosfera u kojem je ozbiljno okrhnuto povjerenje spram policijskog postupanja dosegnula je svoj vrhunac ovim ozbiljnim propustima, gdje je u prakti\u010dnom smislu demonstrirano koliko je lako policiji manipulirati pojedina\u010dnim slu\u010dajevima kada trebaju ishoditi odre\u0111enu &#8220;za\u0161titu&#8221;. U slu\u010daju Platak ta teorija o povla\u0111ivanju lokalnom HDZ-ovcu dr\u017ei vodu kada se uzme u obzir niz neshvatljivih policijskih postupaka. Sindikat policije je na prozivke javnosti i pritisak medija odgovorio svojevrsnim demoniziranjem ideje da se njihovo postupanje dovodi pod znak pitanja, \u0161to je ve\u0107 olinjali manevar s politi\u010dke scene. \u010cinjenicu da je dodatnu sablazan izazvala informacija kako su nasilnici pretukli \u010dlanove Hrvatske gorske slu\u017ebe spa\u0161avanja, koji s druge strane u\u017eivaju zna\u010dajnu javnu podr\u0161ku, policija iskori\u0161tava prozivkama o navodnom &#8220;razdoru&#8221; kojeg takve insinuacije i kritike na njihov rad stvaraju izme\u0111u njih i HGSS-a.<\/p>\n\n\n\n<h2 class=\"wp-block-heading\">Selektivni klasni radari<\/h2>\n\n\n\n<p>Ali, te\u0161ko se ne zapitati zbog \u010dega je policija izbjegavala obavijestiti javnost o ovom ozbiljnom slu\u010daju prakti\u010dki dok on okolnim kanalima nije svejedno dospio u javnost? Zbog \u010dega je onda svim silama poku\u0161avala prvo relativizirati ozljede koje su \u017ertve zadobile, a koje automatski \u010din svrstavaju pod ozbiljniju, kaznenu optu\u017enicu, a onda i tvrditi kako oni nisu tu da &#8220;sude i presu\u0111uju&#8221;? Ta posljednja konstatacija tehni\u010dki dr\u017ei vodu, ali stvar je u tome da upravo njihovo temeljno postupanje i istraga poma\u017ee onima koji zaista sude i presu\u0111uju da svoju presudu donesu sa \u0161to vi\u0161e jasnih i nedvosmislenih detalja koje policija prikuplja svojim postupanjima. Prevladava dojam da je policija vi\u0161e anga\u017eirana oko opravdavanja samih sebe nego \u0161to je oko samog slu\u010daja, ba\u0161 kao i u ova prethodna dva incidenta.<\/p>\n\n\n\n<p>U slu\u010daju Platak je, me\u0111utim, dosta interesantan jo\u0161 jedan faktor koji je pridonio ovako u\u017earenoj reakciji javnosti. Nakon \u0161to su javno objavljeni detalji incidenta, ali i oni o inicijatorima, kao glavni katalizator revolta prometnula se ba\u0161 politi\u010dka pozadina Abramovi\u0107evog oca. Tako\u0111er, kada je objavljeno kako je povod tu\u010dnjavi bilo divljanje automobilom drugoosumnji\u010denog Lovre Paveli\u0107a &#8211; a u pitanju je &#8220;nabrijani&#8221; BMW &#8211; aktivirao se ina\u010de poslovi\u010dno otupljen <a rel=\"noreferrer noopener\" href=\"https:\/\/www.bilten.org\/?p=42209\" target=\"_blank\">klasni radar<\/a> javnosti koji proradi selektivno, i na sasvim usputnim detaljima. Tu je tako\u0111er zanimljivo primijetiti reakciju i razinu medijskog pritiska; djeluje kao da se u doma\u0107im medijima javna prozivka elita doga\u0111a isklju\u010divo ako su na neki na\u010din vezani uz \u010dlanstvo u HDZ-u. Niz drugih, podjednako groznih pa i groznijih nasilni\u010dkih ispada bude popra\u0107eno kudikamo manje intenzivno naprosto jer kao da nedostaje taj krunski element koji onda stvar stavlja u taj &#8220;svima jasni&#8221; specifi\u010dan kontekst. O\u010dito je da osje\u0107aj nadmo\u0107i i nedodirljivosti u na\u0161em dru\u0161tvu zaista u jako puno slu\u010dajeva proizlazi iz politi\u010dkog protektorata, ali daleko od toga da je to jedini kanal kojim se vi\u0161e klase koriste kako bi se postavile iznad ostatka dru\u0161tva.<\/p>\n\n\n\n<p>U ovom je slu\u010daju, dakle, ta javna profilacija po\u010dinitelja, njihova pozadina ali i cijela teorija o politi\u010dki uvjetovanoj policijskoj &#8220;za\u0161titi&#8221; rotirana najvi\u0161e oko \u010dinjenice da je jedan od nasilnika sin uglednog HDZ-ovca. Uz tek manje kori\u0161tenje poslovi\u010dne stereotipizacije voza\u010da BMW-a kao onih koji automobil kao statusni simbol koriste za izdizanje iznad dru\u0161tva i zakona, bez daljnjeg preispitivanja okolnosti koji mu omogu\u0107avaju takvu samopercepciju. U me\u0111uvremenu je pritisak urodio plodom tako \u0161to je DORH ipak pokrenuo kazneni postupak protiv jedne osobe; izgledno je, na\u017ealost, da \u0107emo i dalje dublje razloge navedenih problema, kako u odnosu policije i dru\u0161tva tako i klasnih razlika, tra\u017eiti i o njima u\u010diti tek u\u017earenih glava.<\/p>\n","protected":false},"excerpt":{"rendered":"<p>Slu\u010daj Platak pridonio je daljnjem srozavanju povjerenja javnosti u policiju, ali i pokazao krajnje ograni\u010denu perspektivu hrvatskih medija kad je klasna dimenzija u pitanju: ona mo\u017ee biti nagla\u0161ena samo ako je rije\u010d o povezanosti s HDZ-om. Dva su tjedna ve\u0107 pro\u0161la od incidenta na popularnom skijali\u0161tu Platak, na kojem je grupa mladi\u0107a prvo uznemiravala posjetitelje [&hellip;]<\/p>\n","protected":false},"author":5,"featured_media":44050,"comment_status":"closed","ping_status":"closed","sticky":false,"template":"","format":"standard","meta":{"footnotes":""},"categories":[454],"tags":[66,655],"theme":[458],"country":[38],"articleformat":[450],"coauthors":[1592],"class_list":["post-44048","post","type-post","status-publish","format-standard","has-post-thumbnail","hentry","category-naslovnica","tag-klasa","tag-policija","theme-drustvo","country-hrvatska","articleformat-tema"],"_links":{"self":[{"href":"https:\/\/www.bilten.org\/index.php?rest_route=\/wp\/v2\/posts\/44048","targetHints":{"allow":["GET"]}}],"collection":[{"href":"https:\/\/www.bilten.org\/index.php?rest_route=\/wp\/v2\/posts"}],"about":[{"href":"https:\/\/www.bilten.org\/index.php?rest_route=\/wp\/v2\/types\/post"}],"author":[{"embeddable":true,"href":"https:\/\/www.bilten.org\/index.php?rest_route=\/wp\/v2\/users\/5"}],"replies":[{"embeddable":true,"href":"https:\/\/www.bilten.org\/index.php?rest_route=%2Fwp%2Fv2%2Fcomments&post=44048"}],"version-history":[{"count":1,"href":"https:\/\/www.bilten.org\/index.php?rest_route=\/wp\/v2\/posts\/44048\/revisions"}],"predecessor-version":[{"id":44049,"href":"https:\/\/www.bilten.org\/index.php?rest_route=\/wp\/v2\/posts\/44048\/revisions\/44049"}],"wp:featuredmedia":[{"embeddable":true,"href":"https:\/\/www.bilten.org\/index.php?rest_route=\/wp\/v2\/media\/44050"}],"wp:attachment":[{"href":"https:\/\/www.bilten.org\/index.php?rest_route=%2Fwp%2Fv2%2Fmedia&parent=44048"}],"wp:term":[{"taxonomy":"category","embeddable":true,"href":"https:\/\/www.bilten.org\/index.php?rest_route=%2Fwp%2Fv2%2Fcategories&post=44048"},{"taxonomy":"post_tag","embeddable":true,"href":"https:\/\/www.bilten.org\/index.php?rest_route=%2Fwp%2Fv2%2Ftags&post=44048"},{"taxonomy":"theme","embeddable":true,"href":"https:\/\/www.bilten.org\/index.php?rest_route=%2Fwp%2Fv2%2Ftheme&post=44048"},{"taxonomy":"country","embeddable":true,"href":"https:\/\/www.bilten.org\/index.php?rest_route=%2Fwp%2Fv2%2Fcountry&post=44048"},{"taxonomy":"articleformat","embeddable":true,"href":"https:\/\/www.bilten.org\/index.php?rest_route=%2Fwp%2Fv2%2Farticleformat&post=44048"},{"taxonomy":"author","embeddable":true,"href":"https:\/\/www.bilten.org\/index.php?rest_route=%2Fwp%2Fv2%2Fcoauthors&post=44048"}],"curies":[{"name":"wp","href":"https:\/\/api.w.org\/{rel}","templated":true}]}}