{"id":43614,"date":"2022-12-21T09:32:00","date_gmt":"2022-12-21T08:32:00","guid":{"rendered":"https:\/\/www.bilten.org\/?p=43614"},"modified":"2022-12-22T10:06:02","modified_gmt":"2022-12-22T09:06:02","slug":"top-5-knjiga-marko-kostanic","status":"publish","type":"post","link":"https:\/\/www.bilten.org\/?p=43614","title":{"rendered":"Top 5 knjiga: Marko Kostani\u0107"},"content":{"rendered":"\n<p>Kraj godine smo na Biltenu iskoristili za izlet u popularnu, ali dosad ovdje nekori\u0161tenu rubriku. Top liste su nezaobilazni dio medijskog repertoara u ovom periodu, a mi smo se odlu\u010dili da na\u0161e liste posvetimo knjigama i to onima koje smo pro\u010ditali u godini na izmaku. Samu odrednicu &#8220;top&#8221; smo prepustili slobodnijim individualnim tuma\u010denjima. Ono \u0161to ih spaja jest da odabrane naslove toplo preporu\u010dujemo. Tako\u0111er, nismo radili razliku izme\u0111u ne-fikcionalnih i fikcionalnih djela. Danas svoju listu predstavlja Marko Kostani\u0107, sutra \u0107e to u\u010diniti Mario Kika\u0161, a prekosutra Dora Leva\u010di\u0107.<\/p>\n\n\n\n<h2 class=\"wp-block-heading\">Stefan Eich, The Currency of Politics: The Political Theory of Money from Aristotle to Keynes<\/h2>\n\n\n<div class=\"wp-block-image\">\n<figure class=\"aligncenter size-large is-resized\"><a href=\"https:\/\/www.bilten.org\/wp-content\/uploads\/2022\/12\/etichhhh.jpg\"><img loading=\"lazy\" decoding=\"async\" src=\"https:\/\/www.bilten.org\/wp-content\/uploads\/2022\/12\/etichhhh-678x1024.jpg\" alt=\"\" class=\"wp-image-43618\" width=\"590\" height=\"891\" srcset=\"https:\/\/www.bilten.org\/wp-content\/uploads\/2022\/12\/etichhhh-678x1024.jpg 678w, https:\/\/www.bilten.org\/wp-content\/uploads\/2022\/12\/etichhhh-199x300.jpg 199w, https:\/\/www.bilten.org\/wp-content\/uploads\/2022\/12\/etichhhh-768x1160.jpg 768w, https:\/\/www.bilten.org\/wp-content\/uploads\/2022\/12\/etichhhh.jpg 800w\" sizes=\"auto, (max-width: 590px) 100vw, 590px\" \/><\/a><\/figure>\n<\/div>\n\n\n<p><\/p>\n\n\n\n<p>Inflacija je ove godine, zajedno s ratom u Ukrajini, bila najva\u017enija globalna tema. Rasprava o inflaciji je bila prili\u010dno neobi\u010dna. Naime, odrasle su generacije koje ju nikad nisu iskusile i morale su na brzinu stjecati znanja o tom ekonomskom i politi\u010dkom fenomenu. Posrijedi je zahtjevan zadatak jer pretpostavlja i stjecanje znanja o novcu i njegovoj dru\u0161tvenoj ulozi. Nezaobilaznu postaju na tom zadatku predstavlja knjiga Stefana Eicha, profesora upravljanja na Univerzitetu Georgetown, objavljena ove godine. Eich je knjigu strukturirao tako \u0161to je poglavlja posvetio istaknutim filozofima i ekonomistima i njihovim teorijama novca. Izme\u0111u naslovnih Aristotela i Keynesa smjestili su se Locke, Fichte i Marx. Njihove zapise i teorije Eich tuma\u010di kao reakcije na specifi\u010dne financijske probleme koji su mu\u010dili dru\u0161tva u kojima su \u017eivjeli. <\/p>\n\n\n\n<p>Ne radi se, dakle, o suhoj skolastici, ve\u0107 o \u017eivoj materiji koju Eich izla\u017ee vrlo pristupa\u010dno. Knjiga je fokusirana na razja\u0161njenje dru\u0161tvene i politi\u010dke funkcije novca i njegov demokratski potencijal. Eich uspijeva razlo\u017eiti i do\u010darati te funkcije na na\u010din da kompleksne odnose pojednostavi bez da ih banalizira. To se najbolje osjeti u \u010ditala\u010dkom iskustvu koje je pomalo paradoksalno: epifanije koincidiraju sa zdravorazumskim klimanjem glavom. Rije\u010d je o \u0161tivu koje \u0107e vas nau\u010diti da o novcu mislite politi\u010dki i da ne pokleknete pred autoritetom ekonomskih analiti\u010dara i njihovih &#8220;objektivnosti&#8221;.<\/p>\n\n\n\n<h2 class=\"wp-block-heading\">Clara Mattei, The Capital Order: How Economists Invented Austerity and Paved the Way to Fascism<\/h2>\n\n\n<div class=\"wp-block-image\">\n<figure class=\"aligncenter size-large is-resized\"><a href=\"https:\/\/www.bilten.org\/wp-content\/uploads\/2022\/12\/mattei.jpeg\"><img loading=\"lazy\" decoding=\"async\" src=\"https:\/\/www.bilten.org\/wp-content\/uploads\/2022\/12\/mattei-683x1024.jpeg\" alt=\"\" class=\"wp-image-43619\" width=\"588\" height=\"882\" srcset=\"https:\/\/www.bilten.org\/wp-content\/uploads\/2022\/12\/mattei-683x1024.jpeg 683w, https:\/\/www.bilten.org\/wp-content\/uploads\/2022\/12\/mattei-200x300.jpeg 200w, https:\/\/www.bilten.org\/wp-content\/uploads\/2022\/12\/mattei-768x1152.jpeg 768w, https:\/\/www.bilten.org\/wp-content\/uploads\/2022\/12\/mattei.jpeg 860w\" sizes=\"auto, (max-width: 588px) 100vw, 588px\" \/><\/a><\/figure>\n<\/div>\n\n\n<p><\/p>\n\n\n\n<p>A ta &#8220;objektivnost&#8221; ima svoje politi\u010dke i povijesne izvore. Njima se u nedavno objavljenoj studiji bavi profesorica ekonomije u New Yorku Clara Mattei. Ona je zakopala duboko u povijesne arhive Italije i Velike Britanije iz dvadesetih godina pro\u0161log stolje\u0107a i tamo prona\u0161la kako su ekonomisti izumili \u0161tednju kao navodno objektivnu politiku. Pritom je zna\u010dajno da su Italija i Velika Britanija u tom periodu imale razli\u010dite politi\u010dke sustave. U Britaniji je funkcionirala liberalna demokracija, a u Italiji su fa\u0161isti bili na vlasti. No, ekonomske politike se nisu razlikovale. A nisu se razlikovale jer su imale identi\u010dnu politi\u010dku motivaciju. \u0160tednja je, naime, izumljena kao odgovor na demokratske zahtjeve radni\u010dke klase. Rije\u010d o periodu u kojem mase ulaze u politiku, dobivaju pravo glasa i \u017eele da se sfera demokratskog utjecaja \u0161iri. <\/p>\n\n\n\n<p>Me\u0111utim, kapitalisti, ekonomisti i vode\u0107i politi\u010dari smatraju da ekonomiju moraju za\u0161tititi od demokracije. Mattei manirom ekonomskog arheologa dokazuje da dana\u0161nje ekonomske ekspertize nisu nastale iz dubokog razmi\u0161ljanja neutralnih ekonomista ve\u0107 iz politi\u010dkih potreba vladaju\u0107ih klasa. To ne zna\u010di, kao \u0161to podnaslov na\u017ealost sugerira, da su stvari prili\u010dno jednostavne, da ne treba poznavati ekonomiju i financije i da je jedna ljevi\u010darska parola dovoljna da se svijet u\u010dini prozirnim. Knjiga je i izuzetno va\u017ean doprinos raspravama o fa\u0161izmu i njegovom potencijalu u suvremenom svijetu. Mattei pokazuje da politi\u010dka hipohondrija koja u svakoj rasnoj ili etni\u010dkoj uvredi vidi fa\u0161izam nije ba\u0161 najplodnija taktika.<\/p>\n\n\n\n<h2 class=\"wp-block-heading\">Ryan O&#8217;Hanlon, Net Gains: Inside the Beautiful Game&#8217;s Analytics Revolution<\/h2>\n\n\n<div class=\"wp-block-image\">\n<figure class=\"aligncenter size-full is-resized\"><a href=\"https:\/\/www.bilten.org\/wp-content\/uploads\/2022\/12\/ohanlon.jpeg\"><img loading=\"lazy\" decoding=\"async\" src=\"https:\/\/www.bilten.org\/wp-content\/uploads\/2022\/12\/ohanlon.jpeg\" alt=\"\" class=\"wp-image-43620\" width=\"465\" height=\"706\" srcset=\"https:\/\/www.bilten.org\/wp-content\/uploads\/2022\/12\/ohanlon.jpeg 400w, https:\/\/www.bilten.org\/wp-content\/uploads\/2022\/12\/ohanlon-198x300.jpeg 198w\" sizes=\"auto, (max-width: 465px) 100vw, 465px\" \/><\/a><\/figure>\n<\/div>\n\n\n<p><\/p>\n\n\n\n<p>Kad smo kod taktike, onda se definitivno moramo prebaciti na nogomet. Svjetsko prvenstvo je upravo zavr\u0161ilo, &#8220;civilci&#8221; \u0107e zaboraviti na nogomet do idu\u0107eg velikog natjecanja, a mi zagri\u017eeni se sad okre\u0107emo onom pravom: klupskom nogometu, takti\u010dkim nadmudrivanjima i tenzijama. A da bi kvalitetnije sudjelovali u tome valja se obrazovati. Nogomet se u posljednjih petnaestak godina puno promijenio, a glavni krivci za promjene su analitika i napredna statistika. Konkretnije, spremnost uprava i stru\u010dnjaka u klubovima da prihvate te alate u svrhu bolje igre i postizanja boljih rezultata. Putanju ulaska analitike u nogometu knjizi <em>Net Gains<\/em> vrlo je pitko, zabavno i pou\u010dno prikazao ameri\u010dki novinar Ryan O&#8217;Hanlon. Trenutni zaposlenik ESPN-a i biv\u0161i novinar Ringera, pri\u010du o revoluciji u nogometu ispri\u010dao je kroz autobiografsku prizmu. Naime, on je trenirao odmalena i igrao nogomet na sveu\u010dili\u0161tu i ta mu je izvanjska, ameri\u010dka perspektiva pru\u017eila efektniji kut kamere za promatranje revolucije. Pogotovo jer je ta revolucija &#8220;ameri\u010dke&#8221; sportove odavno zahvatila i promijenila. <\/p>\n\n\n\n<p>Ako vas zanima nogomet i \u017eelite znati o njemu dovoljno da ste imuni na tuma\u010denja koja nemaju nikakve veze s onim \u0161to se zbiva na terenu, O&#8217;Hanlonova knjiga je izvrstan po\u010detak. Rije\u010d je o vrsnom naratoru koji precizno obja\u0161njava klju\u010dne koncepte nogometne analitike i dru\u0161tvene razloge sporog uvo\u0111enja analitike u nogomet. I ti otpori jo\u0161 nisu nestali. O&#8217;Hanlon vam nudi alate da shvatite da danas iza tog otpora uglavnom stoji najobi\u010dniji ma\u010dizam. A \u0161amaranje ma\u010dizma spada vjerojatno u top 5 najkorisnijih dru\u0161tvenih aktivnosti.<\/p>\n\n\n\n<h2 class=\"wp-block-heading\">John Connelly, Od naroda do nacija: Povijest isto\u010dne Europe<\/h2>\n\n\n<div class=\"wp-block-image\">\n<figure class=\"aligncenter size-large is-resized\"><a href=\"https:\/\/www.bilten.org\/wp-content\/uploads\/2022\/12\/connelly.jpeg\"><img loading=\"lazy\" decoding=\"async\" src=\"https:\/\/www.bilten.org\/wp-content\/uploads\/2022\/12\/connelly-674x1024.jpeg\" alt=\"\" class=\"wp-image-43621\" width=\"578\" height=\"878\" srcset=\"https:\/\/www.bilten.org\/wp-content\/uploads\/2022\/12\/connelly-674x1024.jpeg 674w, https:\/\/www.bilten.org\/wp-content\/uploads\/2022\/12\/connelly-198x300.jpeg 198w, https:\/\/www.bilten.org\/wp-content\/uploads\/2022\/12\/connelly-768x1166.jpeg 768w, https:\/\/www.bilten.org\/wp-content\/uploads\/2022\/12\/connelly.jpeg 770w\" sizes=\"auto, (max-width: 578px) 100vw, 578px\" \/><\/a><\/figure>\n<\/div>\n\n\n<p><\/p>\n\n\n\n<p>Nogomet je, kao \u0161to smo vidjeli tijekom Svjetskog prvenstva, prili\u010dno vezan uz nacionalizam. Ta je poveznica ukorijenjena i u ovda\u0161njim &#8220;sociolo\u0161kim&#8221; pristupima koja su u zbivanjima na nogometnim tribinama vidjeli razloge raspada Jugoslavije. Da ne pokleknemo pred takvim i sli\u010dnim izazovima, moramo se posvetiti prou\u010davanju nacionalizma kao politi\u010dkog fenomena. Naime, vrlo je lako dokazati da su nacije &#8220;zami\u0161ljene zajednice&#8221;, da postoje tek koji dvjestotinjak godina i da u njima nema ni\u0161ta prirodno. Ali svi ti dokazi i teorije ne\u0107e suzbiti nacionalizme ni za milimetar. Ponekad se \u010dini da je rije\u010d o uzaludnom poslu, ali nema odustajanja. Pogotovo kad se pojave knjige poput ove ameri\u010dkog povjesni\u010dara Johna Connellyja. Pojavio se i preskupi prijevod na hrvatski, a original mo\u017eete prona\u0107i u digitalnom i dekomodificiranom statusu na Internetu. <\/p>\n\n\n\n<p>Connelly se bavi, dakle, povije\u0161\u0107u isto\u010dne Europe, kroz povijest razvoja nacija i nacionalizama na njenom prostoru. Odre\u0111ene sociolo\u0161ke zasade studije su malo upitne, ali ni\u0161ta ni blizu razine da ugrozi prili\u010dnu kvalitetu njena sadr\u017eaja. Osim \u0161to nas u\u010di povijesti isto\u010dne Evrope, Connelly procese izmi\u0161ljanja nacije (uklju\u010dene su i ove na\u0161e) na tom prostoru prikazuje u &#8220;realnom vremenu&#8221;. Pod tim mislimo da mu je stil sli\u010dniji novinarskoj reporta\u017ei koja bilje\u017ei recentne doga\u0111aje u koje je uronjena nego distanciranoj historiografskoj studiji. Taj nam stil omogu\u0107uje da opipljivije shvatimo sam proces zami\u0161ljanja i realizacije nacija. Tako\u0111er, fokus na klju\u010dne pojedince i grupe koji su sudjelovali u tom procesu nam dopu\u0161ta da bolje razumijemo svu neizvjesnost ishoda takvih procesa.<\/p>\n\n\n\n<h2 class=\"wp-block-heading\">Marija Andrija\u0161evi\u0107, Zemlja bez sutona<\/h2>\n\n\n<div class=\"wp-block-image\">\n<figure class=\"aligncenter size-large is-resized\"><a href=\"https:\/\/www.bilten.org\/wp-content\/uploads\/2022\/12\/zemlja_bez_sutona_300dpi_1.jpg\"><img loading=\"lazy\" decoding=\"async\" src=\"https:\/\/www.bilten.org\/wp-content\/uploads\/2022\/12\/zemlja_bez_sutona_300dpi_1-683x1024.jpg\" alt=\"\" class=\"wp-image-43627\" width=\"501\" height=\"751\" srcset=\"https:\/\/www.bilten.org\/wp-content\/uploads\/2022\/12\/zemlja_bez_sutona_300dpi_1-683x1024.jpg 683w, https:\/\/www.bilten.org\/wp-content\/uploads\/2022\/12\/zemlja_bez_sutona_300dpi_1-200x300.jpg 200w, https:\/\/www.bilten.org\/wp-content\/uploads\/2022\/12\/zemlja_bez_sutona_300dpi_1-768x1152.jpg 768w, https:\/\/www.bilten.org\/wp-content\/uploads\/2022\/12\/zemlja_bez_sutona_300dpi_1-1024x1536.jpg 1024w, https:\/\/www.bilten.org\/wp-content\/uploads\/2022\/12\/zemlja_bez_sutona_300dpi_1-1365x2048.jpg 1365w, https:\/\/www.bilten.org\/wp-content\/uploads\/2022\/12\/zemlja_bez_sutona_300dpi_1.jpg 1655w\" sizes=\"auto, (max-width: 501px) 100vw, 501px\" \/><\/a><\/figure>\n<\/div>\n\n\n<p><\/p>\n\n\n\n<p>Na kraju fikcija. A i sam tretman i recepcija romana Marije Andrija\u0161evi\u0107 koja je za njega dobila nagradu t-portala doimaju se prili\u010dno fikcionalnim. Od dizajna korica i uredni\u010dkog blurba do opaski kriti\u010dara i pitanja u intervjuima gotovo svi kao centralnu temu romana isti\u010du biljke i botani\u010darsko zanimanje protagonistkinje. I ne samo to: biljne metafore navodno se ispreple\u0107u sa samim jezikom romana i sve to zajedno buja u svim zna\u010denjskim smjerovima. A jedna ekolo\u0161ka replika u romanu natjerala je autoricu ni krivu ni du\u017enu da u intervjuima odgovara na brojna pitanja o ekologiji. Meni se \u010dini da je stvar puno jednostavnija, a samim tim i bolja. \u0160to ne zna\u010di da biljke i botanika nisu va\u017ean aspekt naracije. <\/p>\n\n\n\n<p>Roman se prvenstveno bavi splitskom radni\u010dkom klasom posljednjih desetlje\u0107a dvadesetog i po\u010detka 21. stolje\u0107a. Bavi se kroz odnos selo-grad i kroz rodnu dinamiku. Odnosom selo-grad se bavi jer je splitska radni\u010dka klasa (bila) prili\u010dno odre\u0111ena tim odnosom. Nakon industrijalizacije i doseljavanja blizina zale\u0111a je geografski jam\u010dila izostanak potpune urbanizacije, a kriza osamdesetih godina je mali vrt na selu u\u010dinila neophodnim reprodukcijskim resursom. Rodna dinamika je naravno tu jer je svaka pri\u010da o klasi nepotpuna bez te dimenzije. I glavni &#8220;zaplet&#8221; romana eksplicitno po\u010diva na klasnim odnosima. Majka napu\u0161ta protagonistkinju u ranom djetinjstvu i susre\u0107u se u njenim zrelim godinama. Majka napu\u0161tanje obja\u0161njava manjkom elana za odr\u017eavanje braka kao klasnog kompromisa. Naime, ona dolazi iz splitske gra\u0111anske obitelji, a otac je radnik iz Cetinske krajine. Nakon udaje, majka shva\u0107a da ne mo\u017ee ostati u tom klasnom kavezu i igrati ulogu majke i \u017eene kakvu &#8220;nala\u017eu&#8221; kulturni obrasci radni\u010dke klase koja jo\u0161 nije raskrstila s ruralnom pozadinom. Vra\u0107a se svojoj obitelji i kasnije se udaje za lije\u010dnika. Ve\u0107ina trauma protagonistkinje se ve\u017ee za taj klju\u010dni doga\u0111aj i odrastanje bez majke. I kroz roman klasa ne funkcionira kao \u0161ifra za razumijevanje svega ve\u0107 kao ograni\u010davaju\u0107i faktor u ispunjenju razli\u010ditih ambicija. Majka naviknuta na stupanj rodne autonomije u vi\u0161oj klasi ne mo\u017ee izdr\u017eati ograni\u010denja koja name\u0107e ni\u017ea. Protagonistkinja se kroz odrastanje i \u0161kolski sustav bori upravo s tim ograni\u010denjima.<\/p>\n\n\n\n<p>I pritom razvija izo\u0161treni socijalni njuh. Na primjer, na koricama romana se isti\u010du mirisi dalmatinske vegetacije i sva tekstualna i zna\u010denjska metaforika koja se razvija iz zanimanja protagonistkinje. Me\u0111utim, najupe\u010datljiviji &#8220;olfaktivni&#8221; moment u romanu nalazimo u opisu razli\u010ditih mirisa stanova srednje klase i onih radni\u010dke klase u Splitu. U stanovima radni\u010dke klase stalno je prisutan ustajali vonj hrane, \u010desto iznova podgrijavane, a u onima srednje klase mirisi variraju od onih neutralnih \u2013 kao da se reprodukcija uop\u0107e ne doga\u0111a \u2013 do onih iznimno ugodnih. Postoji i cijela lepeza izuzetno preciznih i jezgrovitih klasnih i uop\u0107e socijalnih signala. Kao na primjer kad junakinja pita starog prijatelja poznaje li joj slu\u010dajno polubrata, a on ka\u017ee &#8220;zna san ga vi\u0111at u klubu navija\u010da, normalan \u0111ir&#8221; i sve bude jasno. Ili, kako se \u010dini, ne bude. Ali svejedno pro\u010ditajte.<\/p>\n","protected":false},"excerpt":{"rendered":"<p>Kraj godine smo na Biltenu iskoristili za izlet u popularnu, ali dosad ovdje nekori\u0161tenu rubriku. Top liste su nezaobilazni dio medijskog repertoara u ovom periodu, a mi smo se odlu\u010dili da na\u0161e liste posvetimo knjigama i to onima koje smo pro\u010ditali u godini na izmaku. Samu odrednicu &#8220;top&#8221; smo prepustili slobodnijim individualnim tuma\u010denjima. Ono \u0161to [&hellip;]<\/p>\n","protected":false},"author":5,"featured_media":43635,"comment_status":"closed","ping_status":"closed","sticky":false,"template":"","format":"standard","meta":{"footnotes":""},"categories":[454],"tags":[1731],"theme":[455],"country":[38],"articleformat":[205],"coauthors":[90],"class_list":["post-43614","post","type-post","status-publish","format-standard","has-post-thumbnail","hentry","category-naslovnica","tag-top-lista","theme-rad","country-hrvatska","articleformat-vijest"],"_links":{"self":[{"href":"https:\/\/www.bilten.org\/index.php?rest_route=\/wp\/v2\/posts\/43614","targetHints":{"allow":["GET"]}}],"collection":[{"href":"https:\/\/www.bilten.org\/index.php?rest_route=\/wp\/v2\/posts"}],"about":[{"href":"https:\/\/www.bilten.org\/index.php?rest_route=\/wp\/v2\/types\/post"}],"author":[{"embeddable":true,"href":"https:\/\/www.bilten.org\/index.php?rest_route=\/wp\/v2\/users\/5"}],"replies":[{"embeddable":true,"href":"https:\/\/www.bilten.org\/index.php?rest_route=%2Fwp%2Fv2%2Fcomments&post=43614"}],"version-history":[{"count":16,"href":"https:\/\/www.bilten.org\/index.php?rest_route=\/wp\/v2\/posts\/43614\/revisions"}],"predecessor-version":[{"id":43654,"href":"https:\/\/www.bilten.org\/index.php?rest_route=\/wp\/v2\/posts\/43614\/revisions\/43654"}],"wp:featuredmedia":[{"embeddable":true,"href":"https:\/\/www.bilten.org\/index.php?rest_route=\/wp\/v2\/media\/43635"}],"wp:attachment":[{"href":"https:\/\/www.bilten.org\/index.php?rest_route=%2Fwp%2Fv2%2Fmedia&parent=43614"}],"wp:term":[{"taxonomy":"category","embeddable":true,"href":"https:\/\/www.bilten.org\/index.php?rest_route=%2Fwp%2Fv2%2Fcategories&post=43614"},{"taxonomy":"post_tag","embeddable":true,"href":"https:\/\/www.bilten.org\/index.php?rest_route=%2Fwp%2Fv2%2Ftags&post=43614"},{"taxonomy":"theme","embeddable":true,"href":"https:\/\/www.bilten.org\/index.php?rest_route=%2Fwp%2Fv2%2Ftheme&post=43614"},{"taxonomy":"country","embeddable":true,"href":"https:\/\/www.bilten.org\/index.php?rest_route=%2Fwp%2Fv2%2Fcountry&post=43614"},{"taxonomy":"articleformat","embeddable":true,"href":"https:\/\/www.bilten.org\/index.php?rest_route=%2Fwp%2Fv2%2Farticleformat&post=43614"},{"taxonomy":"author","embeddable":true,"href":"https:\/\/www.bilten.org\/index.php?rest_route=%2Fwp%2Fv2%2Fcoauthors&post=43614"}],"curies":[{"name":"wp","href":"https:\/\/api.w.org\/{rel}","templated":true}]}}