{"id":43363,"date":"2022-11-21T09:20:00","date_gmt":"2022-11-21T08:20:00","guid":{"rendered":"https:\/\/www.bilten.org\/?p=43363"},"modified":"2022-11-23T09:09:27","modified_gmt":"2022-11-23T08:09:27","slug":"nevolje-u-sengenskom-raju","status":"publish","type":"post","link":"https:\/\/www.bilten.org\/?p=43363","title":{"rendered":"Nevolje u \u0161engenskom raju"},"content":{"rendered":"\n<p>Glavni austrijski policajac zaprijetio je Hrvatskoj vetom na ulazak u \u0161engensku zonu i tako barem privremeno ohladio fantazije o kona\u010dnom odlasku s Balkana. Te fantazije nisu prisutne kao devedesetih zbog ishlapjelog entuzijazma oko Europske unije, ali one definiraju hrvatski nacionalizam, i liberalizam, jo\u0161 od samih njegovih za\u010detaka.<\/p>\n\n\n\n<p>Eto ga na! Samo do ju\u010der pro\u0161irenje \u0161engenske zone na balkanske zemlje (Hrvatsku, Bugarsku i Rumunjsku), \u010dinilo se kao gotova stvar. Indeksov novinar ve\u0107 je <a rel=\"noreferrer noopener\" href=\"https:\/\/www.index.hr\/vijesti\/clanak\/schengen-i-euro-konacan-odlazak-hrvatske-s-balkana\/2411091.aspx\" target=\"_blank\">otcvrkutao<\/a> pjesmicu o &#8220;vra\u0107anju Hrvatske u grupu dr\u017eava u koju civilizacijski pripada nakon 104 godine&#8221;, a Karlo Ressler, taj hadezeovski &#8220;Bane&#8221;, dojavio nam je sa svojih web stranica da postajemo &#8220;\u010dlanica elitnog civilizacijskog kluba od samo petnaest zemalja koje su istodobno dio Europske unije, NATO saveza, Schengena i eurozone&#8221;.<\/p>\n\n\n\n<p>A onda hladan tu\u0161. Austrijski ministar unutarnjih poslova, na\u0161oj javnosti slabo poznati Gerhard Karner, ina\u010de iz konzervativne Austrijske pu\u010dke stranke (\u00d6VP), zaprijetio je Hrvatskoj vetom, a za be\u010dki je Kurier <a href=\"https:\/\/kurier.at\/politik\/inland\/schengen-erweiterung-karner-droht-mit-veto\/402226920?tpcc=push&amp;utm_campaign=cleverpush-1668841697&amp;utm_content=%C3%96VP%20versch%C3%A4rft%20Asylkurs&amp;utm_medium=push-notification&amp;utm_source=browser&amp;fbclid=IwAR0JvzctiWaYsJB2pQjwoaVIhPBtIrlFfMME7z6BIVDn13cZ7zEBrTIXhYk\" target=\"_blank\" rel=\"noreferrer noopener\">izjavio<\/a> da &#8220;\u0161irenje pokvarenog sustava ne mo\u017ee funkcionirati. Situacija u Europi kristalno jasno pokazuje da za\u0161tita vanjskih granica nije uspjela&#8221;, a Hrvatska je kriva zato jer je propustila previ\u0161e izbjeglica, te je te vanjske granice slabo branila.<\/p>\n\n\n\n<p>Dobro, mo\u017ee se pretpostaviti da \u0107e se sve to ipak nekako zagladiti. S jedne strane \u0107e uslijediti Plenkovi\u0107eva diplomatska ofenziva, naravno, ako za vanjskopoliti\u010dko poltronstvo njegovog tipa rije\u010d &#8220;ofenziva&#8221; ipak nije preuzetan pojam. S druge strane, iza politike ultimatuma austrijskog ministra unutarnjih poslova zapravo le\u017ei, kako primje\u0107uju tamo\u0161nji komentatori, jedno obi\u010dno predizborno dodvoravanje konzervativnom dijelu bira\u010dkog tijela. Naime, u sije\u010dnju sljede\u0107e godine odr\u017eavaju se lokalni izbori u Donjoj Austriji, njihovoj najve\u0107oj pokrajini, pa austrijskim demokr\u0161\u0107anima ne \u0161kodi malo zao\u0161trene retorike oko navodno nevi\u0111eno porozne isto\u010dne granice EU i nepodno\u0161ljivo velikog broja nedokumentiranih izbjeglica koji da su u proteklom razdoblju preplavili Austriju.<\/p>\n\n\n\n<h2 class=\"wp-block-heading\">Tu\u0111man: Srbi su druga kultura<\/h2>\n\n\n\n<p>Me\u0111utim, zanimljiviji od politike austrijskih demokr\u0161\u0107ana, \u010dine nam se mijene u doma\u0107em proeuropskom, odnosno antibalkanisti\u010dkom diskursu. Ispada nekako da se entuzijazam oko europskih vrijednosti (Shengen, eurozona) u nas pomalo ispuhao. Brane ih, barem zasad, tek komentator jednog portala i \u0161ef mlade\u017ei HDZ-a. Ranije je ushita oko eurointegracija bilo neusporedivo vi\u0161e, prakti\u010dki je oko toga postojao op\u0107edru\u0161tveni konsenzus. Izgleda da su aktualni sukob u Ukrajini u kojoj je EU zauzela jednu od zara\u0107enih strana, zatim recesija koja je pred vratima i nezavidna ekonomska pozicija Hrvatske unutar te asocijacije koja se uporno ne mijenja ve\u0107 \u010ditavo desetlje\u0107e, doveli do zamora konceptom Unije. Samo prije desetak godina polet se oko svih tih ideja lako primje\u0107ivao na svim stranama. Recimo, onda\u0161nja ministrica vanjskih poslova Vesna Pusi\u0107 u predreferendumsko doba &#8216;prijetila&#8217; je bira\u010dima da ako ne izglasaju EU, &#8220;da \u0107e ostati na Balkanu&#8221;, a onda\u0161nji premijer Milanovi\u0107 je govorio u to isto vrijeme da je referendum oko ulaska u EU &#8220;milenijsko pitanje za ili protiv&#8221;. Kad su europske vrijednosti u pitanju, nadstrana\u0161tvo je, kao i u politi\u010dara, bilo prisutno i me\u0111u novinarima. Lijevi i desni novinari, bez razlike, uvjeravali su pu\u010danstvo te 2012. i 2013. da izbora zapravo nema jer, kako je tada rekla novinarska TV-vedeta Mirjana Raki\u0107, &#8220;ulazak u EU je civilizacijski doseg&#8221;, a njezin desni novinarski parnjak Milan Ivko\u0161i\u0107 tih je dana pokazivao supremacijske mi\u0161i\u0107e prema kom\u0161ijama izjavljuju\u0107i da &#8220;nije neva\u017eno da ulaskom u EU pokazujemo i na\u0161im susjedima tko smo i \u0161to smo, pokazujemo na\u0161e povijesne prednosti, posebnosti i razlike\u2026&#8221;.<\/p>\n\n\n\n<p>Neki su antibalkanisti\u010dki tropi ostali isti do danas. I sad se komentatori redovito zapletu u<em> ivko\u0161i\u0107evski<\/em> tip kompleksa\u0161tva po principu &#8220;neka susjedu crkne krava&#8221;. Tako spomenuti indeksovac Vojkovi\u0107 ka\u017ee: &#8220;Pokazali smo da ipak nismo zapeli u potpunoj nefunkcionalnosti kao Bosna i Hercegovina ili u nacionalisti\u010dkim mitovima kao Srbija.&#8221; Ima tu i prostodu\u0161nosti <em>jergovi\u0107evskog<\/em> tipa: &#8220;Euro i \u0161engenski prostor jesu pozitivni, jesu dobri i jesu va\u017eni&#8221;, a bez kulturrasizma u ovakvom tipu tekstova ipak ne ide, pa Vojkovi\u0107 u tom klju\u010du ka\u017ee da moramo &#8220;pokazati da smo Mitteleuropa, a ne Balkan&#8221;.<\/p>\n\n\n\n<p>Otimanje od Balkana i vrijednosti koje se navodno ve\u017eu za ovaj dio svijeta karakteriziralo je hrvatsku politiku jo\u0161 od doba njezinog vrhovnika. U ranom periodu svog predsjednikovanja Franjo Tu\u0111man je na ove teme u reporta\u017ei u ameri\u010dkom &#8220;New Yorkeru&#8221; u prolje\u0107e 1991. <a href=\"https:\/\/www.newyorker.com\/magazine\/1991\/03\/18\/the-yugoslav-idea\" target=\"_blank\" rel=\"noreferrer noopener\">kazao<\/a>: &#8220;Hrvati pripadaju drugoj kulturi \u2013 druga\u010dijoj civilizaciji nego Srbi. Hrvati su dio Zapadne Europe, dio mediteranske tradicije. Mnogo prije Shakespearea i Moli\u00e8rea, na\u0161i su pisci prevo\u0111eni na europske jezike. Srbi pripadaju Istoku. Oni su isto\u010dni ljudi, kao Turci i Albanci. Oni pripadaju bizantskoj kulturi&#8230; Usprkos sli\u010dnosti jezika mi ne mo\u017eemo biti zajedno&#8221;. Ovdje valja voditi ra\u010duna da Tu\u0111man u tom trenutku oko Istoka nije isklju\u010divo esencijaliziraju\u0107e raspolo\u017een, nego je i pragmati\u010dan, on ovakvim izjavama ujedno priprema i teren za eventualni kona\u010dni obra\u010dun sa Srbima i drugima s Balkana.<\/p>\n\n\n\n<h2 class=\"wp-block-heading\">I Hitler je s Balkana<\/h2>\n\n\n\n<p>Istok i Balkan dobro ne prolaze ni u drugih komentatora i autora. Bio je percipiran druk\u010dije samo u stara vremena kad je za ova podru\u010dja bila rezervirana egzoti\u010dna optika. Tako je u 18. stolje\u0107u talijanski putopisac Alberto Fortis izromantizirao na\u0161e Morlake, ba\u0161 kao lord Byron ne\u0161to kasnije Grke, a jo\u0161 kasnije Rebecca West Srbe. Poslije su ova podru\u010dja do\u0161la na zao glas, i takva ostala manje-vi\u0161e do danas. Kasnije je tek Marija Todorova u svom klasi\u010dnom djelu, u &#8220;Imaginarnom Balkanu&#8221;, odgovorila \u010demu toliko ocrnjivanje Balkana. Kazala je da anti-balkanisti\u010dki diskurs ne predstavlja ni\u0161ta drugo doli politi\u010dki, kulturni, pa i akademski suport namjernoj kriminalizaciji periferije, \u010dime su se samo potpomagali razni oblici zapadnog intervencionizma, od ekonomskog, preko kulturnog do vojnog.<\/p>\n\n\n\n<p>U svakom slu\u010daju, takav pogled na ove krajeve vrhuni poslije 1990. godine i ovda\u0161njih ratova, koji novim tuma\u010dima dolaze kao kec na jedanaest za njihove fatalisti\u010dke interpretacije Balkana i Balkanaca. Tako se devedesetih godina obilato raspreda o &#8220;tisu\u0107godi\u0161njem konfliktu&#8221;. Tada\u0161nji ameri\u010dki predsjednik Bill Clinton izjavljuje da sukobi u Bosni idu pet stotina godina unatrag, &#8220;a neki bi rekli i tisu\u0107u godina&#8221;, dok vje\u010dni savjetnik ameri\u010dkih predsjednika Henry Kissinger govori o endemi\u010dkom etni\u010dkom konfliktu na Balkanu<\/p>\n\n\n\n<p>koji traje stolje\u0107ima. Ipak, prvak u svemu tome je ameri\u010dki autor Robert Kaplan. On u svojim &#8220;Balkanskim duhovima&#8221; iz 1993. godine prakti\u010dki sve zlo dana\u0161njeg svijeta smje\u0161ta na Balkan. Tako mu je suvremeni terorizam otpo\u010deo upravo na Balkanu. <a href=\"https:\/\/idoc.pub\/documents\/robert-kaplan-balkanski-duhovi-reljyogrzwl1\" target=\"_blank\" rel=\"noreferrer noopener\">Ka\u017ee<\/a>: &#8220;Balkan je iznjedrio prve teroriste u vijeku. VMRO (Vnatre\u0161na makedonska revolucionerna organizacija) bio je Palestinska oslobodila\u010dka organizacija dvadesetih i tridesetih godina\u2026 Poput dana\u0161njih \u0161ijita iz ju\u017enih predgra\u0111a Bejruta, ubojice VMRO, koje su se na pi\u0161tolju i pravoslavnoj Bibliji zaklinjale na odanost, potekle su iz selja\u010dkog proletarijata bez korijena u skopskim, beogradskim i sofijskim sirotinjskim kvartovima. Uzimanje talaca i masovni pokolji nevinih bili su uobi\u010dajeni.&#8221; Autor je jo\u0161 nedvosmisleniji oko zla koje dolazi s Balkana kad ustvr\u0111uje da je nacizmu korijen, ni manje ni vi\u0161e, nego \u2013 na Balkanu. &#8220;Nacizam, na primjer, mo\u017ee tra\u017eiti svoje porijeklo na Balkanu. U \u0107umezima Be\u010da, plodnom tlu etni\u010dkih trvenja bliskih ju\u017enoslavenskom svijetu, Hitler je nau\u010dio kako da mrzi na tako zarazan na\u010din.&#8221;<\/p>\n\n\n\n<p>Omrznutost Balkana, ve\u0107 smo ustvrdili, ima nadpoliti\u010dku komponentu. Ne podnose ga ni lijevi ni desni. Ne samo da Tu\u0111man u drugima s Istoka vidi Hrvatima nekompatibilne narode, nego i jedna osvjedo\u010dena liberalka poput Slavenke Drakuli\u0107 Jugoslaviju, a koja nije ni\u0161ta drugo do socijalisti\u010dka verzija Balkana, vidi kao tamnicu, ako ne ba\u0161 naroda, a onda svakako individualaca. Slavenka Drakuli\u0107 je slu\u017eila kao kaziva\u010dica Robertu Kaplanu kad je ovaj odsjedao u Zagrebu. Pa mu je kazala: &#8220;Ovdje nema lakih tema. Zbog Titovog prekida sa Staljinom, neprijatelj u Jugoslaviji uvijek je bio unutra\u0161nji, ne vanjski. Godinama smo obmanjivani ne\u010dim \u0161to je bila samo iluzija slobode&#8230;&#8221; Ina\u010de, Slavenka Drakuli\u0107 je, kad je Hrvatskoj kona\u010dno svanula sloboda, do\u017eivjela sa jo\u0161 svoje \u010detiri &#8220;sestre&#8221; vi\u0161emjese\u010dni \u0161ovinisti\u010dki maltretman u re\u017eiji tjednika &#8220;Globus&#8221; i tada\u0161njeg predsjednikovog savjetnika Slavena Letice, poznat kao afera &#8220;Vje\u0161tice iz Rija&#8221;, \u0161to joj ipak nije smetalo da Kaplanu na jedinom miteleuropskom mjestu u Zagrebu, u kavani hotela &#8220;Esplanade&#8221;, gdje su se, prema rije\u010dima autora, njih dvoje sastajali, oblajava biv\u0161u domovinu.<\/p>\n\n\n\n<h2 class=\"wp-block-heading\">Sociolo\u0161ka blama\u017ea<\/h2>\n\n\n\n<p>Na tim i takvim etno-dihotomijama tih je devedesetih godina inzistirao, a onda se i izblamirao i dio doma\u0107eg znanstvenog pogona, onaj iz sociologije i politologije. Naglo je reafirmiran dotad posve zaboravljeni sociolog Dinko Toma\u0161i\u0107 i njegov sociolo\u0161ki model koji se sastoji od dva pola, onoga nepo\u017eeljnog na kojem su nomadsko-plja\u010dka\u0161ki dinarci (\u010dlanovi plemenske kulture), krajnje rezistentni na modernizacijske procese i drugog, po\u017eeljnog na kojem su &#8220;panonci&#8221; (pripadnici zadru\u017ene kulture), demokrati\u010dni i miroljubivi. Prema toj fatalisti\u010dkoj dualnosti, violentni tipovi iz dinarskih krajeva obi\u010dno zavr\u0161avaju u kriminalu i korupciji. Ta simplificirana sociologija dalje ka\u017ee da je svojedobna pobjeda komunista u Jugoslaviji zna\u010dila zapravo pobjedu dinarskog mentaliteta, a i dana\u0161nji toma\u0161i\u0107evci \u010desto ka\u017eu da se tog mentaliteta ni do danas nismo uspjeli otarasiti. Grublju varijantu <em>toma\u0161i\u0107evske<\/em> etno-dihotomije nalazimo u nas ve\u0107 kod Ante Star\u010devi\u0107a koji razlikuje vladaju\u0107e Hrvate (gospoduju\u0107i narod) i Srbe-serve (sluge). Kasnije se na to nastavlja rasna teorija Milana \u0160ufllaya koja govori o gotskom porijeklu Hrvata, \u0161to ih \u010dini dominantnima u odnosu na druge Ju\u017ene Slavene. U tu grupu binaristi\u010dkih autora spadaju i figure poput Filipa Lukasa s njegovom jezi\u010dnom razdiobom i Ivo Pilar za koga su Vlasi (Srbi) dru\u0161tveno destruktivni, a pravoslavlje moralno korumpirano. Toma\u0161i\u0107 ne spada u ovaj niz u potpunosti, ali po\u010detkom devedesetih godina pro\u0161log stolje\u0107a i on je uz ove spomenute (posebno Pilara), reafirmiran, izme\u0111u ostaloga, i zbog dramati\u010dnih ratnih zbivanja u to vrijeme. Trebalo je, naime, u to vrijeme odgovoriti kako je do rata do\u0161lo, pa se javno mnijenje, a onda i dio znanstvenog pogona, u odgovoru na to pitanje \u010desto ispomagalo reaktualiziranjem neke od arijevskih dijadskih teorija kojima se trebalo separirati od Srba.<\/p>\n\n\n\n<p>I na kraju, taj \u0107e na\u0161 povratak u civilizacijsko okrilje Be\u010da, srednje-europskog duha, <em>wienermelangea<\/em> i kifli, nakon duge 104 godine odsustva i boravka na mra\u010dnom Balkanu, ipak biti pomalo sporan. Ko\u0161tat \u0107e nas jo\u0161 ne\u0161to malo \u017eivaca. I za to je zaslu\u017ean, ironi\u010dno, jedan posve neobazrivi ministar policije iz te iste Austrije iz \u010dije smo se orbite silom prilika te 1918. godine katapultirali u europsko &#8220;srce tame&#8221;.<\/p>\n","protected":false},"excerpt":{"rendered":"<p>Glavni austrijski policajac zaprijetio je Hrvatskoj vetom na ulazak u \u0161engensku zonu i tako barem privremeno ohladio fantazije o kona\u010dnom odlasku s Balkana. Te fantazije nisu prisutne kao devedesetih zbog ishlapjelog entuzijazma oko Europske unije, ali one definiraju hrvatski nacionalizam, i liberalizam, jo\u0161 od samih njegovih za\u010detaka. Eto ga na! Samo do ju\u010der pro\u0161irenje \u0161engenske [&hellip;]<\/p>\n","protected":false},"author":5,"featured_media":43365,"comment_status":"closed","ping_status":"closed","sticky":false,"template":"","format":"standard","meta":{"footnotes":""},"categories":[454],"tags":[245,103,25],"theme":[458],"country":[38],"articleformat":[450],"coauthors":[129],"class_list":["post-43363","post","type-post","status-publish","format-standard","has-post-thumbnail","hentry","category-naslovnica","tag-balkan","tag-ideologija","tag-nacionalizam","theme-drustvo","country-hrvatska","articleformat-tema"],"_links":{"self":[{"href":"https:\/\/www.bilten.org\/index.php?rest_route=\/wp\/v2\/posts\/43363","targetHints":{"allow":["GET"]}}],"collection":[{"href":"https:\/\/www.bilten.org\/index.php?rest_route=\/wp\/v2\/posts"}],"about":[{"href":"https:\/\/www.bilten.org\/index.php?rest_route=\/wp\/v2\/types\/post"}],"author":[{"embeddable":true,"href":"https:\/\/www.bilten.org\/index.php?rest_route=\/wp\/v2\/users\/5"}],"replies":[{"embeddable":true,"href":"https:\/\/www.bilten.org\/index.php?rest_route=%2Fwp%2Fv2%2Fcomments&post=43363"}],"version-history":[{"count":2,"href":"https:\/\/www.bilten.org\/index.php?rest_route=\/wp\/v2\/posts\/43363\/revisions"}],"predecessor-version":[{"id":43366,"href":"https:\/\/www.bilten.org\/index.php?rest_route=\/wp\/v2\/posts\/43363\/revisions\/43366"}],"wp:featuredmedia":[{"embeddable":true,"href":"https:\/\/www.bilten.org\/index.php?rest_route=\/wp\/v2\/media\/43365"}],"wp:attachment":[{"href":"https:\/\/www.bilten.org\/index.php?rest_route=%2Fwp%2Fv2%2Fmedia&parent=43363"}],"wp:term":[{"taxonomy":"category","embeddable":true,"href":"https:\/\/www.bilten.org\/index.php?rest_route=%2Fwp%2Fv2%2Fcategories&post=43363"},{"taxonomy":"post_tag","embeddable":true,"href":"https:\/\/www.bilten.org\/index.php?rest_route=%2Fwp%2Fv2%2Ftags&post=43363"},{"taxonomy":"theme","embeddable":true,"href":"https:\/\/www.bilten.org\/index.php?rest_route=%2Fwp%2Fv2%2Ftheme&post=43363"},{"taxonomy":"country","embeddable":true,"href":"https:\/\/www.bilten.org\/index.php?rest_route=%2Fwp%2Fv2%2Fcountry&post=43363"},{"taxonomy":"articleformat","embeddable":true,"href":"https:\/\/www.bilten.org\/index.php?rest_route=%2Fwp%2Fv2%2Farticleformat&post=43363"},{"taxonomy":"author","embeddable":true,"href":"https:\/\/www.bilten.org\/index.php?rest_route=%2Fwp%2Fv2%2Fcoauthors&post=43363"}],"curies":[{"name":"wp","href":"https:\/\/api.w.org\/{rel}","templated":true}]}}