{"id":43281,"date":"2022-11-11T13:30:21","date_gmt":"2022-11-11T12:30:21","guid":{"rendered":"https:\/\/www.bilten.org\/?p=43281"},"modified":"2022-11-11T13:30:21","modified_gmt":"2022-11-11T12:30:21","slug":"poljska-prepoznaje-istospolne-brakove-sklopljene-u-inozemstvu","status":"publish","type":"post","link":"https:\/\/www.bilten.org\/?p=43281","title":{"rendered":"Poljska prepoznaje istospolne brakove sklopljene u inozemstvu"},"content":{"rendered":"\n<p>Iako Poljska posljednjih godina uvodi sve nazadnije politike prema LGBTQ+ osobama te je me\u0111u \u0161est \u010dlanica EU u kojima se istospolni parovi ne smiju ni vjen\u010dati ni registrirati civilno\/\u017eivotno partnerstvo, poljski Vrhovni sud pro\u0161log tjedna donio je <a rel=\"noreferrer noopener\" href=\"https:\/\/notesfrompoland.com\/2022\/11\/03\/polish-top-court-issues-ruling-on-same-sex-marriage\/\" target=\"_blank\">presudu<\/a> kojom se priznaju istospolni brakovi sklopljeni u inozemstvu. \u010clanak 18. poljskog ustava sadr\u017eava famoznu definiciju braka kao zajednice mu\u0161karca i \u017eene, kao i ustavi Bugarske, Hrvatske, Ma\u0111arske, Latvije, Litve i Slova\u010dke (od \u010dlanica EU). Me\u0111utim, sud je presudio da taj \u010dlanak ne mo\u017ee biti prepreka upisivanju stranog vjen\u010danog lista ako je u doma\u0107em [pravnom] poretku ustanova braka definirana kao zajednica osoba istog spola. Konkretno, u \u010dlanku 18. stoji da su &#8220;brak kao zajednica mu\u0161karca i \u017eene, obitelj, maj\u010dinstvo i roditeljstvo pod za\u0161titom i brigom Republike Poljske\u201c. Protivnici istospolnih brakova u Poljskoj dugo su tvrdili da ustav time zabranjuje istospolne brakove, no sada se pokazalo da to nije tako, ve\u0107 da taj \u010dlanak samo zna\u010di da su hetero brakovi pod za\u0161titom i brigom dr\u017eave, a ne i da su drugi oblici zajednica zabranjeni.<\/p>\n\n\n\n<p>Slu\u010daj su pokrenuli Jakub Kwieci\u0144ski i Dawid Mycek, poljski gej par koji se pet godina bori za prepoznavanje braka koji su sklopili u Portugalu. Iako je presuda va\u017ena, u konkretnom slu\u010daju \u017ealba Kwieci\u0144skog i Myceka nije prihva\u0107ena. Par je na dru\u0161tvenim mre\u017eama napisao da presuda &#8220;ru\u0161i mit koji desnica ponavlja godinama. Ako ikada \u010dujete kako (ministar pravosu\u0111a) Ziobro ili (ministar obrazovanja) Czarnek govore da na\u0161 ustav zabranjuje istopsolne brakove, znajte da la\u017eu. Od danas to imamo na papiru.&#8221;<\/p>\n\n\n\n<p>Ova presuda predstavlja iznimku u kontekstu negativnog odnosa poljske vlade prema LGBTQ+ osobama posljednjih godina. Prema posljednjoj Rainbow Map Ranking ljestvici koju radi organizacija ILGA-Europe, Poljska dr\u017eava EU u kojoj je najgore biti LGBTQ+ osoba. Do toga je dovela aktualna vlada koja \u0161iri homofobne stavove i politike, poput \u201cZakona o LGBTQ+ propagandi\u201d donesenog 2019. sa ciljem \u201cprotivljenja poku\u0161ajima uvo\u0111enja LGBT ideologije u lokalne zajednice i promicanju ove ideologije u javnom \u017eivotu\u201c. Dono\u0161enjem te mjere tako\u0111er je izra\u017eeno protivljenje \u201cLGBT ideologiji\u201c koja je u \u201cproturje\u010dju s kulturnom ba\u0161tinom i stoljetnom kr\u0161\u0107anskom tradicijom ne samo\u2026 regije, ve\u0107 tako\u0111er Poljske i Europe.\u201d Tako\u0111er su progla\u0161ene tzv. \u201cLGBT-free zone\u201d u raznim gradovima, \u0161to je <a rel=\"noreferrer noopener\" href=\"https:\/\/www.bilten.org\/?p=39592\" target=\"_blank\">poni\u0161teno<\/a> tek intervencijom EU, tj. pod prijetnjom ukidanja sredstava iz EU fondova. U rujnu je <a rel=\"noreferrer noopener\" href=\"https:\/\/www.pinknews.co.uk\/2022\/09\/27\/malwina-chmara-poland-arrest-torun-police-lgbtq\/\" target=\"_blank\">uhi\u0107ena<\/a> tinejd\u017eerka koja je u gradu Toru\u0144u na plo\u010dnik ispred crkve kredom napisala &#8220;Pustite LGBT ljude na miru\u201c, \u010dime je reagirala na homofobno okupljanje na kojem su sudionici povezivali gej osobe s pedofilijom. &nbsp;<\/p>\n\n\n\n<p>Unato\u010d homofobnoj agendi koju \u0161iri vladaju\u0107a stranka PiS (Pravo i pravda), LGBT zajednica posljednjih godina postala je <a href=\"https:\/\/notesfrompoland.com\/2022\/06\/10\/growing-majority-in-poland-support-same-sex-civil-unions-or-marriage-finds-poll\/\" target=\"_blank\" rel=\"noreferrer noopener\">vidljivija<\/a> i glasnija kroz razne vrste aktivizma i sve ve\u0107i broj parada jednakosti diljem Poljske, uklju\u010duju\u0107i i u manjim gradovima, kojima zahtijeva ve\u0107a prava. Novija istra\u017eivanja pokazuju da ve\u0107ina stanovnika\/ica Poljske podr\u017eava istospolne brakove i\/ili \u017eivotno partnerstvo, dok samo tre\u0107ina (33%) smatra da trenutni zakon \u2013 koji ne nudi nikakav oblik priznanja zajednica LGBTQ+ osoba \u2013 ne treba mijenjati.<\/p>\n","protected":false},"excerpt":{"rendered":"<p>Iako Poljska posljednjih godina uvodi sve nazadnije politike prema LGBTQ+ osobama te je me\u0111u \u0161est \u010dlanica EU u kojima se istospolni parovi ne smiju ni vjen\u010dati ni registrirati civilno\/\u017eivotno partnerstvo, poljski Vrhovni sud pro\u0161log tjedna donio je presudu kojom se priznaju istospolni brakovi sklopljeni u inozemstvu. \u010clanak 18. poljskog ustava sadr\u017eava famoznu definiciju braka kao [&hellip;]<\/p>\n","protected":false},"author":9,"featured_media":43283,"comment_status":"closed","ping_status":"closed","sticky":false,"template":"","format":"standard","meta":{"footnotes":""},"categories":[454],"tags":[985,1484,108,1683,286],"theme":[456],"country":[1102],"articleformat":[205],"coauthors":[241],"class_list":["post-43281","post","type-post","status-publish","format-standard","has-post-thumbnail","hentry","category-naslovnica","tag-istospolni-brakovi","tag-konzervativizam","tag-lgbt","tag-lgbtiq","tag-poljska","theme-politika","country-poljska","articleformat-vijest"],"_links":{"self":[{"href":"https:\/\/www.bilten.org\/index.php?rest_route=\/wp\/v2\/posts\/43281","targetHints":{"allow":["GET"]}}],"collection":[{"href":"https:\/\/www.bilten.org\/index.php?rest_route=\/wp\/v2\/posts"}],"about":[{"href":"https:\/\/www.bilten.org\/index.php?rest_route=\/wp\/v2\/types\/post"}],"author":[{"embeddable":true,"href":"https:\/\/www.bilten.org\/index.php?rest_route=\/wp\/v2\/users\/9"}],"replies":[{"embeddable":true,"href":"https:\/\/www.bilten.org\/index.php?rest_route=%2Fwp%2Fv2%2Fcomments&post=43281"}],"version-history":[{"count":2,"href":"https:\/\/www.bilten.org\/index.php?rest_route=\/wp\/v2\/posts\/43281\/revisions"}],"predecessor-version":[{"id":43284,"href":"https:\/\/www.bilten.org\/index.php?rest_route=\/wp\/v2\/posts\/43281\/revisions\/43284"}],"wp:featuredmedia":[{"embeddable":true,"href":"https:\/\/www.bilten.org\/index.php?rest_route=\/wp\/v2\/media\/43283"}],"wp:attachment":[{"href":"https:\/\/www.bilten.org\/index.php?rest_route=%2Fwp%2Fv2%2Fmedia&parent=43281"}],"wp:term":[{"taxonomy":"category","embeddable":true,"href":"https:\/\/www.bilten.org\/index.php?rest_route=%2Fwp%2Fv2%2Fcategories&post=43281"},{"taxonomy":"post_tag","embeddable":true,"href":"https:\/\/www.bilten.org\/index.php?rest_route=%2Fwp%2Fv2%2Ftags&post=43281"},{"taxonomy":"theme","embeddable":true,"href":"https:\/\/www.bilten.org\/index.php?rest_route=%2Fwp%2Fv2%2Ftheme&post=43281"},{"taxonomy":"country","embeddable":true,"href":"https:\/\/www.bilten.org\/index.php?rest_route=%2Fwp%2Fv2%2Fcountry&post=43281"},{"taxonomy":"articleformat","embeddable":true,"href":"https:\/\/www.bilten.org\/index.php?rest_route=%2Fwp%2Fv2%2Farticleformat&post=43281"},{"taxonomy":"author","embeddable":true,"href":"https:\/\/www.bilten.org\/index.php?rest_route=%2Fwp%2Fv2%2Fcoauthors&post=43281"}],"curies":[{"name":"wp","href":"https:\/\/api.w.org\/{rel}","templated":true}]}}