{"id":43244,"date":"2022-11-09T09:30:00","date_gmt":"2022-11-09T08:30:00","guid":{"rendered":"https:\/\/www.bilten.org\/?p=43244"},"modified":"2022-11-10T09:34:43","modified_gmt":"2022-11-10T08:34:43","slug":"kapetan-i-nesto-drugacija-posada","status":"publish","type":"post","link":"https:\/\/www.bilten.org\/?p=43244","title":{"rendered":"Kapetan i ne\u0161to druga\u010dija posada"},"content":{"rendered":"\n<p>Sastav nove Vlade u Srbiji se primarno i\u0161\u010dekivao kroz pitanje ho\u0107e li biti &#8220;prozapadna&#8221; ili &#8220;proruska&#8221;. \u0160to se tog pitanja ti\u010de, obje ambasade su zadovoljne. Puno va\u017eniji aspekt sastava jest prili\u010dan broj &#8220;eksperata&#8221; na va\u017enim mjestima. Njihova je funkcija jasna: zadovoljavaju ra\u0161ireni dru\u0161tveni sentiment koji politiku tretira kao prljavu i korumpiranu, preuzimaju na sebe nepopularne poteze, a Aleksandra Vu\u010di\u0107a li\u0161avaju unutarstrana\u010dke konkurencije.<\/p>\n\n\n\n<p>Vi\u0161e od \u0161est meseci nakon \u0161to su odr\u017eani vanredni parlamentarni izbori tre\u0107eg aprila, formirana je nova Vlada Srbije. Izbori su formalno zavr\u0161eni tek petog jula, zato \u0161to je na jednom bira\u010dkom mestu u op\u0161tini Bujanovac glasanje ponavljano \u010dak pet puta. Par stotina glasova <sup><a href=\"#footnote_1_43244\" id=\"identifier_1_43244\" class=\"footnote-link footnote-identifier-link\" title=\"Da bi u&scaron;la u Narodnu skup&scaron;tinu, lista albanske zajednice je trebalo da osvoji vi&scaron;e od 600 glasova. Na poslednjem ponovljenim izborima osvojili su 698 glasova, &scaron;to je dovoljno za jedan mandat. Zanimljivo je da su se na izborima kandidovale dve liste albanske manjine, &scaron;to je jedan od razloga zbog \u010dega tre\u0107eg aprila nijedna od njih nije ostvarila dovoljno glasova za prelazak cenzusa. Na svakom narednom glasanju je cela zajednica stala iza ve\u0107e liste &ndash; Koalicije Albanaca Doline &ndash; kako bi Albanci imali makar jednog predstavnika u Skup&scaron;tini.\">1<\/a><\/sup> odlu\u010divalo je o tome da li \u0107e lista albanske manjine pre\u0107i cenzus, i time osvojiti jedan mandat, ili \u0107e SPS zadr\u017eati trideset dva poslani\u010dka mesta. Obe opcije su, kada bi bili objavljeni nepogodni rezultati po njih, podnosile primedbe i obarale bira\u010dko mesto, te su ovogodi\u0161nji izbori u Srbiji trajali rekordno dugo. <\/p>\n\n\n\n<p>Kona\u010dno, nakon petog ponavljanja glasanja lista, Koalicija Albanaca Doline je uspela osvoji dovoljan broj glasova za jedno poslani\u010dko mesto. Nakon toga, po\u010deo je da te\u010de rok od trideset dana za konstituisanje Narodne skup\u0161tine, te devedeset dana za formiranje Vlade. <a rel=\"noreferrer noopener\" href=\"https:\/\/rosalux.rs\/izbori-u-srbiji-ozbiljan-pad-sns-a-i-etabliranje-zelene-levice\/\" target=\"_blank\">O\u010dekivano<\/a>, Vu\u010di\u0107 je sa\u010dekao poslednji trenutak, jo\u0161 jednom pokazav\u0161i li\u010dni karakter re\u017eima u Srbiji. <sup><a href=\"#footnote_2_43244\" id=\"identifier_2_43244\" class=\"footnote-link footnote-identifier-link\" title=\"Novu vladu Srbije podr\u017eali su poslanici SNS-a, SPS-a, Jedinstvene Srbije, Socijaldemokratske partije Srbije (i Sand\u017ea\u010dke demokratske partije) Rasima Ljaji\u0107a, Partije ujedinjenih penzionera Srbije, Saveza vojvo\u0111anskih Ma\u0111ara, Stranke pravde i pomirenja, te Demokratskog saveza Hrvata u Vojvodini. Predstavnik hrvatske manjine po prvi put \u0107e obavljati funkciju ministra u jednoj Vladi Srbije. Ministarstvo za manjinska prava i dru&scaron;tveni dijalog pripalo je Tomislavu \u017digmanovu.\">2<\/a><\/sup><\/p>\n\n\n\n<h2 class=\"wp-block-heading\">Klju\u010dna pitanja<\/h2>\n\n\n\n<p>Vlada je formirana u kontekstu naznake re\u0161avanja dva va\u017ena politi\u010dka pitanja. Jedno se ti\u010de mogu\u0107eg otpetljavanja kosovskog klupka i eventualnog potpisivanja &#8220;sveobuhvatnog sporazuma&#8221;, ovoga puta na francusko-nema\u010dku inicijativu. Ako je verovati politi\u010dkom vrhu Srbije, na stolu je predlog da se Kosovu dozvoli ulazak u UN, navodno, bez <em>de jure<\/em> priznanja od strane Srbije, u zamenu za brzo \u010dlansvo Srbije u EU.<\/p>\n\n\n\n<p>Neposredno pre formiranja Vlade odr\u017eana je i <a href=\"https:\/\/www.bilten.org\/?p=42947\" target=\"_blank\" rel=\"noreferrer noopener\">posebna sednica<\/a> o Kosovu, dok je prethodnih nekoliko dana zao\u0161travana atmosfera u medijima, navodima da su dronovi koji su podizani sa teritorije Kosova nadgledali vojne baze u Srbiji. Uz to, aktuelno je i pitanje tablica. Prvog novembra je istekao rok za preregistraciju vozila na Kosovu sa tablicama koje su izdale dr\u017eavni organi Srbije. Ubrzo je suspendovan direktor policije za Sever Nenad \u0110uri\u0107, zbog odbijanja da sprovede preregistraciju (i odluke policajaca srpske nacionalnosti da ne izdaju kazne), nakon \u010dega su se predstavnici Srba povukli iz svih kosovskih institucija. Ostaje da se vidi da li \u0107e se narednih dana Kurtijeva Vlada zaista odlu\u010diti za zaplenu vozila stanovni\u0161tva, \u0161to bi mogla da bude iskra koja bi dovela do ve\u0107ih tenzija. Zahtev <a href=\"https:\/\/kossev.info\/hil-spor-oko-tablica-nece-resiti-kljucna-pitanja\/\" target=\"_blank\" rel=\"noreferrer noopener\">ameri\u010dke ambasade<\/a> da se preregistracija odlo\u017ei na deset meseci mo\u017ee biti presudan.<\/p>\n\n\n\n<p>Drugo pitanje se, naravno, ti\u010de eventualnog uvo\u0111enja sankcija Rusiji. Iako Srbija vu\u010de poteze kojima se <a rel=\"noreferrer noopener\" href=\"https:\/\/www.danas.rs\/svet\/srbija-glasala-protiv-inicijative-rusije-u-savetu-bezbednosti-ujedinjenih-nacija\/\" target=\"_blank\">otvorenije svrstava<\/a> na stranu dr\u017eava koje su ve\u0107 uvele sankcije, one i formalno nisu uvedene. Sa druge strane, imenovanje Ivice Da\u010di\u0107a na mesto ministra spoljnih poslova signal je ruskoj strani da se ne odustaje od politike sedenja na vi\u0161e stolica. Ipak, politi\u010dka doslednost SPS-u nikada nije bila ja\u010da strana, a novi ministar je dao zanimljiv <a rel=\"noreferrer noopener\" href=\"https:\/\/rs.n1info.com\/vesti\/dacic-francusko-nemacki-plan-neprihvatljiv-u-osnovi-je-da-je-kosovo-nezavisno\/?fbclid=IwAR3Y_3OvSCS3V6cj2ecDUKCVYO3rWg1zWr05g0SphbqQRNhvfKoIJpEzX48\" target=\"_blank\">odgovor na pitanje o sankcijama<\/a>, iako je celokupna izborna kampanja &#8220;socijalista&#8221; bila obojena proruskim narativom.<\/p>\n\n\n\n<p>Va\u017eno je naglasiti da, i pored toga \u0161to objektivno ove dve teme imaju va\u017enost, vlast ih \u010desto koristi radi zadovoljenja sopstvenih ciljeva i stvaranja kriznih situacija u kojima se Vu\u010di\u0107 najbolje snalazi. Naime, te\u0161ko da se bilo koja opoziciona opcija mo\u017ee bolje sna\u0107i od Vu\u010di\u0107a, koji je, sa pozicije mo\u0107i i uz kontrolu najve\u0107eg dela medijske scene, u mogu\u0107nosti da diktira tempo, postavlja agendu i kontroli\u0161e narativ povodom ova dva krupna identitetska pitanja. Direktna konfrontacija sa re\u017eimom povodom ovih tema te\u0161ko da mo\u017ee i\u0107i opoziciji u korist.<\/p>\n\n\n\n<p>Kroz prizmu ove dva podele su mediji u Srbiji i posmatrali izbor nove Vlade. Klju\u010dno pitanje bilo je da li \u0107e nova Vlada biti &#8220;proruska&#8221; ili &#8220;prozapadna&#8221;. Na ovu dilemu najbolje su odgovorili ameri\u010dki i ruski ambasador \u2013 obojica su izrazila <a rel=\"noreferrer noopener\" href=\"https:\/\/rs.n1info.com\/vesti\/i-na-istok-i-na-zapad-ambasadori-rusije-i-sad-zadovoljni-formiranjem-vlade\/\" target=\"_blank\">zadovoljstvo<\/a> sastavom Vlade. Bez ministarskih mesta su ostale Zorana Mihajlovi\u0107 <sup><a href=\"#footnote_3_43244\" id=\"identifier_3_43244\" class=\"footnote-link footnote-identifier-link\" title=\"Nakon &scaron;to je objavljeno da Zorana Mihajlovi\u0107 vi&scaron;e ne\u0107e biti ministarka odmah su krenule medijske spekulacije da biv&scaron;a ministarka planira da samostalno nastavi politi\u010dku karijeru. Dobar indikator da odnosi na liniji Mihajlovi\u0107-SNS nisu toliko topli je to &scaron;to se ona, uz ve\u0107 nepo\u017eeljne Neboj&scaron;u Stefanovi\u0107a i biv&scaron;eg predsednika Tomislava Nikoli\u0107a, nije pojavila na strana\u010dkoj slavi SNS-a.\">3<\/a><\/sup> , koja je va\u017eila za politi\u010darku najbli\u017eu zapadnim ambasadama, te Jadranka Joksimovi\u0107, dosada\u0161nja ministarka za evropske integracije. Da bi situacija bila u ravnote\u017ei, ministri vi\u0161e nisu ni politi\u010dari koji su ozna\u010deni kao proruski. Aleksandar Vulin je, istina, postao \u0161ef obave\u0161tajne slu\u017ebe, dok je bez svog mesta ostao i Nenad Popovi\u0107, dosada\u0161nji ministar bez portfelja i redovni posetilac litija koje su odr\u017eavane pre Evroprajd-a. Dakle, re\u0161enja u dovoljnoj meri zadovoljavaju interese obe strane.<\/p>\n\n\n\n<p>Zanimljivo je to \u0161to se ovoga puta se u novoj Vladi se na\u0161ao rekordan broj &#8220;istaknutih li\u010dnosti&#8221; i &#8220;stru\u010dnjaka u svojim oblastima&#8221;. Koju funkciju imaju &#8220;eksperti&#8221; u novoj Vladi, za\u0161to se Vu\u010di\u0107 tako \u010desto odlu\u010duje da ba\u0161 njima, a ne strana\u010dkim kadrovima dodeli najvi\u0161e dr\u017eavne funkcije, i na kraju, koja je njihova korist od u\u010destvovanja u Vladi u kojoj se gotovo ni za \u0161ta ne\u0107e pitati?<\/p>\n\n\n\n<h2 class=\"wp-block-heading\">Sve funkcije ekspertize<\/h2>\n\n\n\n<p>Od dvadeset osam ministara u novoj Vladi (dvadeset pet ministarstava i tri ministra bez portfelja) barem deset ministara se mogu okarakterisati kao nestrana\u010dke li\u010dnosti. Toliko \u010dlanova Vlade dolazi i neposredno iz SNS-a. Stranka koja se di\u010di najbrojnijim \u010dlanstvom u Evropi <sup><a href=\"#footnote_4_43244\" id=\"identifier_4_43244\" class=\"footnote-link footnote-identifier-link\" title=\"Procene su da je u SNS formalno u\u010dlanjeno izme\u0111u sedamsto i osamsto hiljada ljudi.\">4<\/a><\/sup> , spremna da uka\u017ee poverenje ljudima iz sopstvenih redova, ve\u0107 re\u0161enja pronalazi u &#8220;istaknutim pojedincima&#8221;.<\/p>\n\n\n\n<p>Ovo nije prvi poku\u0161aj da se vlast legitimi\u0161e saradnjom sa raznoraznim &#8220;ekspertima&#8221;. Premijerka Brnabi\u0107 je svoju politi\u010dku karijeru zapo\u010dela iz jedne &#8220;ekspertske&#8221; nevladine organizacije \u2013 <a rel=\"noreferrer noopener\" href=\"https:\/\/www.masina.rs\/tag\/naled\/\" target=\"_blank\">NALED<\/a>-a. Ova organizacija, ili preciznije re\u010deno, lobi grupa, sada ve\u0107 decenijama, sara\u0111uje sa svim vladama Srbije. Re\u010d je o grupaciji koja je blisko vezana za interese (inostranog) kapitala, i gotovo da je deo svih radnih grupa za izmenu zakona kojima se dodatno fleksibilizuje radno zakonodavstvo i dereguli\u0161e tr\u017ei\u0161te radne snage.<\/p>\n\n\n\n<p>Ana Brnabi\u0107 je, kao ekspertkinja, imenovana 2016. za ministarku dr\u017eavne uprave i lokalne samouprave, a tek 2019. je postala \u010dlanica stranke. Srbija je, tako\u0111e, imala i svog mladog i perspektivnog ministra za brzo ozdravljenje ekonomije sa presti\u017enog ameri\u010dkog univerziteta. Legitimet Vladi iz 2014. godine da sprovede mere \u0161tednje dao je, u tom trenutku, tridesetogodi\u0161nji ekonomski stru\u010dnjak sa diplomom Jejla, Lazar Krsti\u0107.<\/p>\n\n\n\n<p>Naravno, jasno je da Vu\u010di\u0107eva li\u010dnost vredi vi\u0161e od same stranke i da SNS bez Vu\u010di\u0107a ne bi bio ni pribli\u017eno popularan. Me\u0111utim, ovakav sastav nove Vlade jasno ukazuje na to koliko je <a href=\"https:\/\/nova.rs\/vesti\/politika\/sta-ce-biti-sa-nebojsom-stefanovicem-bivseg-ministra-cekaju-specijalni-zadaci\/\" target=\"_blank\" rel=\"noreferrer noopener\">nepoverenje me\u0111u strana\u010dkim<\/a> vrhom u svetlu neuspe\u0161nih poku\u0161aja pojedinih visokopozicioniranih funkcionera da oja\u010daju svoju mo\u0107. Umesto da ponovo rizikuje sa dodeljivanjem visokih dr\u017eavnih funkcija nekome iz stranke, nekome ko bi potencijalno mogao da bude pretendent na presto, manje je rizi\u010dno uklju\u010diti ljude kojima \u0107e ministarska funkcija poslu\u017eiti kao va\u017ena stavka u CV-ju u budu\u0107oj profesionalnoj karijeri. Imenovanjem eksperata Vu\u010di\u0107 zadr\u017eava gotovo svu mo\u0107 u svojim rukama i onemogu\u0107ava druge strana\u010dke funkcionere da se dokopaju poluga kojima mogu okrnjiti njegovu vladavinu.<\/p>\n\n\n\n<p>Te\u0161ko je poverovati da neko zaista misli da bi aktuelni re\u017eim bilo kome, pa \u010dak i &#8220;ekspertu&#8221;, dao prostora za autonomno delovanje. Prethodnih deset godina vladavine SNS-a pokazuje da se, \u010dak i oni, koji zbog takvih motiva u\u0111u u vlast, ubrzo razo\u010daraju i povuku. Bilo je slu\u010dajeva, poput Sa\u0161e Radulovi\u0107a, kada bi ministri zapo\u010dinjali sopstvenu politi\u010dku karijeru, nakon burnih raskida sa vla\u0161\u0107u. Me\u0111utim, takvi potezi, nakon svih prethodnih iskustava, verovatno ne bi bili protuma\u010deni kao dovoljno iskreni. Verovatnije je da je ovo prvi korak ka ulasku u strana\u010dku politiku.<\/p>\n\n\n\n<p>Osim toga, imenovanjem eksperata se zadovoljava tehnokratski i antipoliti\u010dki sentiment koji postoji u srpskom dru\u0161tvu. Politika je za ve\u0107inu gra\u0111ana ne\u0161to prljavo i po sebi korumpirano. Obi\u010dno se podrazumeva da motiv za bavljenjem politkom jeste li\u010dni interes i prilika za napredovanje na dru\u0161tvenoj lestvici kroz \u010dlanstvo u partijama. Zato i ne \u010dudi da i sam Vu\u010di\u0107 \u010desto pravi otklon od dnevnopoliti\u010dkog sitni\u010darenja isticanjem da se on bavi isklju\u010divo ozbiljnim, dr\u017eavni\u010dkim poslovima.<\/p>\n\n\n\n<p>Otuda i potreba da se, razli\u010diti (nepopularni) potezi legitimi\u0161u odlukama eksperata i tako skine sopstvena politi\u010dka odgovornost \u2013 za sve ono \u0161to je dobro odgovoran je li\u010dno Vu\u010di\u0107, dok nepopularne i lo\u0161e stvari rade &#8220;ovi oko njega&#8221;. No, na kraju uvek ispadne da je svaki ekspert bio deo Vu\u010di\u0107eve vladavine, bez ve\u0107ih li\u010dnih doprinosa, dok jedino Vu\u010di\u0107 opstaje kao nadstrana\u010dka figura.<\/p>\n\n\n\n<p>Poseban problem javlja se iz demokratske perspektive. Nestrana\u010dki ministri su, naj\u010de\u0161\u0107e, neizabrane li\u010dnosti <sup><a href=\"#footnote_5_43244\" id=\"identifier_5_43244\" class=\"footnote-link footnote-identifier-link\" title=\"Politi\u010dki sistem Srbije ne dozvoljava istovremeno obavljanje ministarske i poslani\u010dke funkcije. Poslanici koji bivaju imenovani za ministre du\u017eni su da podnesu ostavke na poslani\u010dke funkcije.\">5<\/a><\/sup> koje se nikada nisu kandidovali ni za jedan nivo vlasti. \u010cesto ni u samim kampanjama nije bilo naznaka da bi neko od njih mogao da preuzme funkciju u izvr\u0161noj vlasti. Oni su jednostavno tu zato \u0161to su &#8220;uspe\u0161ni&#8221; u svojim oblastima.<\/p>\n\n\n\n<p>Stoga, deluje da bi opozicija na antipoliti\u010dke poteze vlasti trebalo da odgovori jasno profilisanim politi\u010dkim delovanjem. Op\u0161te je poznato da se iza navodno nepristrasnih i tehnokratskih odluka naj\u010de\u0161\u0107e kriju politike koje idu na \u0161tetu dru\u0161tvene ve\u0107ine. Prvi korak je defeti\u0161izacija ekspertske uloge i izgradnja jasno profilisane politi\u010dke alternative koja ne bi svoje delovanje svodila na ukazivanje na koruptivne skandale.<\/p>\n<ol class=\"footnotes\"><li id=\"footnote_1_43244\" class=\"footnote\">Da bi u\u0161la u Narodnu skup\u0161tinu, lista albanske zajednice je trebalo da osvoji vi\u0161e od 600 glasova. Na poslednjem ponovljenim izborima osvojili su 698 glasova, \u0161to je dovoljno za jedan mandat. Zanimljivo je da su se na izborima kandidovale dve liste albanske manjine, \u0161to je jedan od razloga zbog \u010dega tre\u0107eg aprila nijedna od njih nije ostvarila dovoljno glasova za prelazak cenzusa. Na svakom narednom glasanju je cela zajednica stala iza ve\u0107e liste \u2013 Koalicije Albanaca Doline \u2013 kako bi Albanci imali makar jednog predstavnika u Skup\u0161tini.<span class=\"footnote-back-link-wrapper\">[<a href=\"#identifier_1_43244\" class=\"footnote-link footnote-back-link\">&#8617;<\/a>]<\/span><\/li><li id=\"footnote_2_43244\" class=\"footnote\">Novu vladu Srbije podr\u017eali su poslanici SNS-a, SPS-a, Jedinstvene Srbije, Socijaldemokratske partije Srbije (i Sand\u017ea\u010dke demokratske partije) Rasima Ljaji\u0107a, Partije ujedinjenih penzionera Srbije, Saveza vojvo\u0111anskih Ma\u0111ara, Stranke pravde i pomirenja, te Demokratskog saveza Hrvata u Vojvodini. Predstavnik hrvatske manjine po prvi put \u0107e obavljati funkciju ministra u jednoj Vladi Srbije. Ministarstvo za manjinska prava i dru\u0161tveni dijalog pripalo je Tomislavu \u017digmanovu.<span class=\"footnote-back-link-wrapper\">[<a href=\"#identifier_2_43244\" class=\"footnote-link footnote-back-link\">&#8617;<\/a>]<\/span><\/li><li id=\"footnote_3_43244\" class=\"footnote\">Nakon \u0161to je objavljeno da Zorana Mihajlovi\u0107 vi\u0161e ne\u0107e biti ministarka odmah su krenule medijske spekulacije da biv\u0161a ministarka planira da samostalno nastavi politi\u010dku karijeru. Dobar indikator da odnosi na liniji Mihajlovi\u0107-SNS nisu toliko topli je to \u0161to se ona, uz ve\u0107 nepo\u017eeljne Neboj\u0161u Stefanovi\u0107a i biv\u0161eg predsednika Tomislava Nikoli\u0107a, <a rel=\"noreferrer noopener\" href=\"https:\/\/nova.rs\/vesti\/politika\/guzva-u-centrali-sns-na-slavu-dosli-bivsi-i-novi-ministri-voditeljka-slagalice-ali-nema-zorane-foto\/\" target=\"_blank\">nije pojavila na strana\u010dkoj slavi SNS-a.<\/a><span class=\"footnote-back-link-wrapper\">[<a href=\"#identifier_3_43244\" class=\"footnote-link footnote-back-link\">&#8617;<\/a>]<\/span><\/li><li id=\"footnote_4_43244\" class=\"footnote\">Procene su da je u SNS formalno u\u010dlanjeno izme\u0111u sedamsto i osamsto hiljada ljudi.<span class=\"footnote-back-link-wrapper\">[<a href=\"#identifier_4_43244\" class=\"footnote-link footnote-back-link\">&#8617;<\/a>]<\/span><\/li><li id=\"footnote_5_43244\" class=\"footnote\">Politi\u010dki sistem Srbije ne dozvoljava istovremeno obavljanje ministarske i poslani\u010dke funkcije. Poslanici koji bivaju imenovani za ministre du\u017eni su da podnesu ostavke na poslani\u010dke funkcije.<span class=\"footnote-back-link-wrapper\">[<a href=\"#identifier_5_43244\" class=\"footnote-link footnote-back-link\">&#8617;<\/a>]<\/span><\/li><\/ol>","protected":false},"excerpt":{"rendered":"<p>Sastav nove Vlade u Srbiji se primarno i\u0161\u010dekivao kroz pitanje ho\u0107e li biti &#8220;prozapadna&#8221; ili &#8220;proruska&#8221;. \u0160to se tog pitanja ti\u010de, obje ambasade su zadovoljne. Puno va\u017eniji aspekt sastava jest prili\u010dan broj &#8220;eksperata&#8221; na va\u017enim mjestima. Njihova je funkcija jasna: zadovoljavaju ra\u0161ireni dru\u0161tveni sentiment koji politiku tretira kao prljavu i korumpiranu, preuzimaju na sebe nepopularne [&hellip;]<\/p>\n","protected":false},"author":5,"featured_media":43246,"comment_status":"closed","ping_status":"closed","sticky":false,"template":"","format":"standard","meta":{"footnotes":""},"categories":[454],"tags":[463,12,469],"theme":[456],"country":[11],"articleformat":[450],"coauthors":[971],"class_list":["post-43244","post","type-post","status-publish","format-standard","has-post-thumbnail","hentry","category-naslovnica","tag-aleksandar-vucic","tag-izbori","tag-srbija","theme-politika","country-srbija","articleformat-tema"],"_links":{"self":[{"href":"https:\/\/www.bilten.org\/index.php?rest_route=\/wp\/v2\/posts\/43244","targetHints":{"allow":["GET"]}}],"collection":[{"href":"https:\/\/www.bilten.org\/index.php?rest_route=\/wp\/v2\/posts"}],"about":[{"href":"https:\/\/www.bilten.org\/index.php?rest_route=\/wp\/v2\/types\/post"}],"author":[{"embeddable":true,"href":"https:\/\/www.bilten.org\/index.php?rest_route=\/wp\/v2\/users\/5"}],"replies":[{"embeddable":true,"href":"https:\/\/www.bilten.org\/index.php?rest_route=%2Fwp%2Fv2%2Fcomments&post=43244"}],"version-history":[{"count":2,"href":"https:\/\/www.bilten.org\/index.php?rest_route=\/wp\/v2\/posts\/43244\/revisions"}],"predecessor-version":[{"id":43247,"href":"https:\/\/www.bilten.org\/index.php?rest_route=\/wp\/v2\/posts\/43244\/revisions\/43247"}],"wp:featuredmedia":[{"embeddable":true,"href":"https:\/\/www.bilten.org\/index.php?rest_route=\/wp\/v2\/media\/43246"}],"wp:attachment":[{"href":"https:\/\/www.bilten.org\/index.php?rest_route=%2Fwp%2Fv2%2Fmedia&parent=43244"}],"wp:term":[{"taxonomy":"category","embeddable":true,"href":"https:\/\/www.bilten.org\/index.php?rest_route=%2Fwp%2Fv2%2Fcategories&post=43244"},{"taxonomy":"post_tag","embeddable":true,"href":"https:\/\/www.bilten.org\/index.php?rest_route=%2Fwp%2Fv2%2Ftags&post=43244"},{"taxonomy":"theme","embeddable":true,"href":"https:\/\/www.bilten.org\/index.php?rest_route=%2Fwp%2Fv2%2Ftheme&post=43244"},{"taxonomy":"country","embeddable":true,"href":"https:\/\/www.bilten.org\/index.php?rest_route=%2Fwp%2Fv2%2Fcountry&post=43244"},{"taxonomy":"articleformat","embeddable":true,"href":"https:\/\/www.bilten.org\/index.php?rest_route=%2Fwp%2Fv2%2Farticleformat&post=43244"},{"taxonomy":"author","embeddable":true,"href":"https:\/\/www.bilten.org\/index.php?rest_route=%2Fwp%2Fv2%2Fcoauthors&post=43244"}],"curies":[{"name":"wp","href":"https:\/\/api.w.org\/{rel}","templated":true}]}}