{"id":43147,"date":"2022-10-24T10:02:09","date_gmt":"2022-10-24T09:02:09","guid":{"rendered":"https:\/\/www.bilten.org\/?p=43147"},"modified":"2022-10-25T11:08:51","modified_gmt":"2022-10-25T10:08:51","slug":"rekapitulacija-politickog-vikenda","status":"publish","type":"post","link":"https:\/\/www.bilten.org\/?p=43147","title":{"rendered":"Rekapitulacija politi\u010dkog vikenda"},"content":{"rendered":"\n<p>Ovaj vikend su, regionalno politi\u010dki gledaju\u0107i, obilje\u017eili lokalni izborni u Crnoj Gori, prvi krug predsjedni\u010dkih izbora u Sloveniji, dugo i\u0161\u010dekivana objava sastava nove srpske vlade, te objava (skoro pa) kona\u010dnih rezultata izbora u Bosni i Hercegovini. No, krenimo redom.<\/p>\n\n\n\n<p>Lokalni izbori koji su se odr\u017eali u 13 od 24 op\u0107ina u Crnoj Gori zavr\u0161ili su&nbsp;<a rel=\"noreferrer noopener\" href=\"https:\/\/www.vijesti.me\/vijesti\/politika\/627537\/krah-dps-na-lokalnim-izborima-djukanovic-juce-evropa-sad\" target=\"_blank\">porazom Mila \u0110ukanovi\u0107a i njegova DPS-a<\/a>. Najzvu\u010dniji je onaj u glavnom gradu Podgorici gdje je DPS osvojio ve\u0107inu mjesta u skup\u0161tini grada (24 od 61 mjesta), ali nedovoljno da bi obna\u0161ao vlast jer nema nikakvog koalicijskog potencijala. Naime, sve ostale stranke i koalicije koje su pre\u0161le prag u kampanju su i\u0161le s ciljem ru\u0161enja DPS-ove vlasti u Podgorici i sve su izrijekom negirale ikakvu mogu\u0107nost suradnje s \u0110ukanovi\u0107evom strankom. Gradona\u010delni\u010dko mjesto u Podgorici \u0107e vrlo vjerojatno preuzeti Jakov Milatovi\u0107, proeuropski tehnokrat i ministar ekonomije u vladi Zdravka Krivokapi\u0107a. Milatovi\u0107, zajedno s biv\u0161im ministrom financija iz iste vlade Milojkom Spaji\u0107em, na \u010delu je liberalne stranke Evropa sada nazvane po reformskom paketu koji su u svom mandatu kao ministri iznjedrili. Izbori u Podgorici su im bili prvi pravi politi\u010dki test, a da bi dobili mjesto gradona\u010delnika, iza njih treba stati cijela opozicija od srpskih nacionalista (DF) do zelenih liberala (URA).<\/p>\n\n\n\n<p>Unato\u010d svim turbulencijama koji obilje\u017eavaju politi\u010dki \u017eivot i razli\u010dite vladaju\u0107e koalicije u Crnoj Gori nakon izbora 30. kolovoza 2020., izgleda da je jedno sigurno: ve\u0107ina gra\u0111ana Crne Gore ne \u017eeli \u0110ukanovi\u0107a i njegov DPS na vlasti. Ovi izbori su tako poslu\u017eili kao potvrda rezultata parlamentarnih izbora od prije dvije godine, a istovremeno dali legitimitet \u0161irokoj, raspar\u010danoj i posva\u0111anoj anti-DPS koaliciji da se napokon dogovori oko sastava tre\u0107e vlade u tri godine ili pak raspi\u0161e izvanredne izbore koji \u0107e, ako je suditi prema rezultatima ovih lokalnih, rezultirati jo\u0161 jednim crvenim kartonom za Mila.<\/p>\n\n\n\n<p>U Sloveniji je odr\u017ean prvi krug predsjedni\u010dkih izbora nakon \u0161to je tu funkciju u dva uzastopna mandata obna\u0161ao nekada\u0161nji \u0161ef slovenskih socijaldemokrata Borut Pahor. U drugi krug su u\u0161li An\u017ee Logar, kojeg slovenski mediji percipiraju kao dio liberalnije struje unutar Jan\u0161inog SDS-a (34%) te Nata\u0161a Pirc Musar (26,7%), nezavisna kandidatkinja, dru\u0161tvena radnica i odvjetnica koju je podr\u017eavao dio liberalne slovenske javnosti predvo\u0111en svojevrsnim patrijarhom slovenske politike, Milanom Ku\u010danom. Slu\u017ebeni kandidati vladaju\u0107e koalicije Milan Brglez (podr\u0161ka Socijaldemokrata i Pokreta &#8220;Sloboda&#8221;) te Miha Kordi\u0161 (Ljevica) do\u017eivjeli su poraz \u0161to neki analiti\u010dari tuma\u010de kao mjerenje popularnosti nove koalicijske vlade nakon pola godine mandata, a pred lokalne izbore krajem studenog ove godine.<\/p>\n\n\n\n<p>Uz ove fri\u0161ke izbore, vikend je obilje\u017eila i rekapitulacija nekih starijih te kona\u010dna potvrda ne\u0161to manje starijih izbornih rezultata. Srbija je ju\u010der, nakon pola godine \u010dekanja, kona\u010dno dobila svoju novu vladu. Imena novih ministara je obznanio predsjednik Srpske napredne stranke i dr\u017eave Aleksandar Vu\u010di\u0107. U novoj vladi nema vi\u0161e neslu\u017ebenih predstavnika ruske i prozapadne frakcije, Aleksandra Vulina i Zorane Mihajlovi\u0107. Vulin je za kaznu, ili nagradu, dobio vo\u0111enje sigurnosne slu\u017ebe BIA-a, a \u0161to \u0107e se dogoditi sa biv\u0161om ministricom rudarstva i energetike, jo\u0161 ne znamo. Od ostalih imena, valjalo bi izdvojiti imenovanje Tomislava \u017digmanova, predsjednika Demokratskog saveza Hrvata u Vojvodini za ministra ljudskih i manjinskih prava \u0161to bi moglo doprinijeti otopljavanju potpuno zahla\u0111enih odnosa Zagreba i Beograda posljednjih nekoliko godina.<\/p>\n\n\n\n<p>Za kraj, Centralna izborna komisija BiH je, napokon, objavila rezultate izbora od 2. listopada ove godine, iako jo\u0161 nije stavljena to\u010dka na i izbora za predsjednika Republike Srpske. Naime, ponovno brojanje jo\u0161 traje. Me\u0111utim, ako je vjerovati rezultatima Dodikova SNSD-a na ostalim razinama vlasti, unato\u010d vrlo vjerojatnim pojedina\u010dnim kra\u0111ama glasova na nekim izbornim mjestima, njegova pobjeda je neminovna i neupitna. Od ostalih rezultata i potvr\u0111enih mandata, valja izdvojiti najve\u0107i i najbogatiji Kanton Sarajevo u kojem \u0107e vlast vrlo vjerojatno nastaviti sastavljati anti-SDA koalicija u ne\u0161to promijenjenom aran\u017emanu. No puno va\u017enije pitanje od toga je ono kakve i koje \u0107e se koalicije sastavljati na dr\u017eavnom i federalnom nivou i \u0161to \u0107e to zna\u010diti za sarajevsku trojku ili \u010detvorku. Ovaj vikend se u kuloarima sve \u010de\u0161\u0107e i glasnije spominje sukob unutar SDP-a u kojem je dio strana\u010dkog vrha o\u010dito sklon koaliranju sa SDA-DF, dok se veliki dio o\u0161tro protivi pogotovo nakon \u0161to je SDP-ovac Be\u0107irovi\u0107 porazio SDA-ovca Izetbegovi\u0107a na izborima za bo\u0161nja\u010dkog \u010dlana predsjedni\u0161tva. Uz to,  takav razvoj doga\u0111aja i priklanjanje SDA-DF-u mo\u017ee ugroziti i sarajevsku koaliciju.  Naravno, u BiH je utvr\u0111ivanje rezultata izbora i raspodjela mandata tek uvertira u pravu politi\u010dku borbu koja se ovaj put ne\u0107e odvijati samo po kafanama i ambasadama, nego i na ulicama. Za danas su najavljeni prosvjedi simpatizera bo\u0161nja\u010dko-gra\u0111anisti\u010dke opcije pred zgradom Ureda visokog predstavnika u Sarajevu, a povodom njegovih nametnutih promjena izbornog zakona u izbornoj no\u0107i.&nbsp;<\/p>\n","protected":false},"excerpt":{"rendered":"<p>Ovaj vikend su, regionalno politi\u010dki gledaju\u0107i, obilje\u017eili lokalni izborni u Crnoj Gori, prvi krug predsjedni\u010dkih izbora u Sloveniji, dugo i\u0161\u010dekivana objava sastava nove srpske vlade, te objava (skoro pa) kona\u010dnih rezultata izbora u Bosni i Hercegovini. No, krenimo redom. Lokalni izbori koji su se odr\u017eali u 13 od 24 op\u0107ina u Crnoj Gori zavr\u0161ili su&nbsp;porazom [&hellip;]<\/p>\n","protected":false},"author":11,"featured_media":43150,"comment_status":"closed","ping_status":"closed","sticky":false,"template":"","format":"standard","meta":{"footnotes":""},"categories":[454],"tags":[12],"theme":[456],"country":[35,77,30,11],"articleformat":[205],"coauthors":[1630],"class_list":["post-43147","post","type-post","status-publish","format-standard","has-post-thumbnail","hentry","category-naslovnica","tag-izbori","theme-politika","country-bih","country-crna-gora","country-slovenija","country-srbija","articleformat-vijest"],"_links":{"self":[{"href":"https:\/\/www.bilten.org\/index.php?rest_route=\/wp\/v2\/posts\/43147","targetHints":{"allow":["GET"]}}],"collection":[{"href":"https:\/\/www.bilten.org\/index.php?rest_route=\/wp\/v2\/posts"}],"about":[{"href":"https:\/\/www.bilten.org\/index.php?rest_route=\/wp\/v2\/types\/post"}],"author":[{"embeddable":true,"href":"https:\/\/www.bilten.org\/index.php?rest_route=\/wp\/v2\/users\/11"}],"replies":[{"embeddable":true,"href":"https:\/\/www.bilten.org\/index.php?rest_route=%2Fwp%2Fv2%2Fcomments&post=43147"}],"version-history":[{"count":3,"href":"https:\/\/www.bilten.org\/index.php?rest_route=\/wp\/v2\/posts\/43147\/revisions"}],"predecessor-version":[{"id":43154,"href":"https:\/\/www.bilten.org\/index.php?rest_route=\/wp\/v2\/posts\/43147\/revisions\/43154"}],"wp:featuredmedia":[{"embeddable":true,"href":"https:\/\/www.bilten.org\/index.php?rest_route=\/wp\/v2\/media\/43150"}],"wp:attachment":[{"href":"https:\/\/www.bilten.org\/index.php?rest_route=%2Fwp%2Fv2%2Fmedia&parent=43147"}],"wp:term":[{"taxonomy":"category","embeddable":true,"href":"https:\/\/www.bilten.org\/index.php?rest_route=%2Fwp%2Fv2%2Fcategories&post=43147"},{"taxonomy":"post_tag","embeddable":true,"href":"https:\/\/www.bilten.org\/index.php?rest_route=%2Fwp%2Fv2%2Ftags&post=43147"},{"taxonomy":"theme","embeddable":true,"href":"https:\/\/www.bilten.org\/index.php?rest_route=%2Fwp%2Fv2%2Ftheme&post=43147"},{"taxonomy":"country","embeddable":true,"href":"https:\/\/www.bilten.org\/index.php?rest_route=%2Fwp%2Fv2%2Fcountry&post=43147"},{"taxonomy":"articleformat","embeddable":true,"href":"https:\/\/www.bilten.org\/index.php?rest_route=%2Fwp%2Fv2%2Farticleformat&post=43147"},{"taxonomy":"author","embeddable":true,"href":"https:\/\/www.bilten.org\/index.php?rest_route=%2Fwp%2Fv2%2Fcoauthors&post=43147"}],"curies":[{"name":"wp","href":"https:\/\/api.w.org\/{rel}","templated":true}]}}