{"id":43120,"date":"2022-10-20T09:06:00","date_gmt":"2022-10-20T08:06:00","guid":{"rendered":"https:\/\/www.bilten.org\/?p=43120"},"modified":"2022-10-21T10:01:35","modified_gmt":"2022-10-21T09:01:35","slug":"psihologija-klimatskog-sloma","status":"publish","type":"post","link":"https:\/\/www.bilten.org\/?p=43120","title":{"rendered":"Psihologija klimatskog sloma"},"content":{"rendered":"\n<p>U politi\u010dkom i\u0161\u010dekivanju sve izra\u017eenijih u\u010dinaka klimatskih promjena raspravama kolaju razne ideje o ljudskoj prirodi i o\u010dekivanom pona\u0161anju. Takve su rasprave jalove, a samim tim i borba protiv ubla\u017eavanja u\u010dinaka klimatskih promjena, ako ne razumijemo dru\u0161tvene odnose u kojima su te promjene nastale.<\/p>\n\n\n\n<p>Nedavno je u \u010dasopisu Lancet objavljena <a href=\"https:\/\/www.thelancet.com\/journals\/lanplh\/article\/PIIS2542-5196(22)00173-5\/fulltext\" target=\"_blank\" rel=\"noreferrer noopener\">studija<\/a> koja je otkrila povezanost izme\u0111u agresivnog pona\u0161anja na internetu i vremenskih prilika. Istra\u017eiva\u010di su usporedili govor mr\u017enje na Twitteru s temperaturama i otkrili porast online agresije u slu\u010daju ni\u017eih ili vi\u0161ih temperatura. Najizra\u017eeniji porast online neprijateljstva otkriven je u slu\u010dajevima ekstremnih vru\u0107ina.<\/p>\n\n\n\n<p>U vrijeme globalnog zatopljenja studija nas navodi na pesimisti\u010dne zaklju\u010dke: ako vru\u0107ina pove\u0107ava ljudsku agresivnost, onda su to zaista lo\u0161e vijesti za \u010dovje\u010danstvo koje \u0107e se morati prilagoditi \u017eivotu na vru\u0107em planetu, bez obzira na uspjehe u ubla\u017eavanju klimatskih promjena.<\/p>\n\n\n\n<p>Utjecaj klimatskih promjena na <a rel=\"noreferrer noopener\" href=\"https:\/\/www.eurekalert.org\/news-releases\/794591\" target=\"_blank\">konfliktnost<\/a>, <a rel=\"noreferrer noopener\" href=\"https:\/\/www.nature.com\/articles\/s41586-019-1300-6\" target=\"_blank\">nasilje<\/a> i <a rel=\"noreferrer noopener\" href=\"https:\/\/link.springer.com\/article\/10.1007\/s40641-019-00121-2\" target=\"_blank\">agresiju <\/a>prili\u010dno je dobro istra\u017een, a veza je intuitivno pozitivna: ali samo pod pretpostavkom svijeta u kojem \u017eivimo. Iako jesu korisne s obzirom na to da ukazuju na biolo\u0161ke granice podno\u0161enja visokih temperatura, studije ne treba shvatiti kao suho zlato: ljudi su dru\u0161tvena bi\u0107a i vi\u0161e od svega definiraju nas prvenstveno dru\u0161tveni odnosi u koje ulazimo. Oni nisu nepromjenjivi, ve\u0107 se mijenjaju u skladu s borbama dru\u0161tvenih aktera.<\/p>\n\n\n\n<h2 class=\"wp-block-heading\">Kapitalizam katastrofe<\/h2>\n\n\n\n<p>\u0160pekulacije ili tvrdnje o ljudskoj prirodi oduvijek su bile prisutne u intelektualnom \u017eivotu \u010dovje\u010danstva, a odigrale su i posebno va\u017enu ulogu u formiranju politi\u010dkih trendova modernog doba. U posljednje desetlje\u0107e ili dva, pop psihologija &#8211; paralelno s usponom ameri\u010dke internetske desnice &#8211; tako\u0111er se etablirala u \u0161irim raspravama. S jasnim naglaskom: \u010dovjek je sebi\u010dno, natjecateljsko i agresivno bi\u0107e.<br>To su, naravno, idealne karakteristike aktera na slobodnom tr\u017ei\u0161tu. U kapitalisti\u010dkim dru\u0161tvima taj tip pona\u0161anja se poti\u010de, ako ne i proizvodi. Takvo gledi\u0161te slu\u017ei za prikaz kapitalizma kao prirodnog stanja &#8211; dru\u0161tvenog poretka koji najbolje odgovara ljudskoj prirodi.<\/p>\n\n\n\n<p>Iz ove su perspektive razumljivi pesimisti\u010dni pogledi psiholo\u0161kih studija. U dru\u0161tvenom poretku koji se temelji na privatnom prisvajanju zajedni\u010dkog bogatstva \u2013 prirodnih resursa i dru\u0161tvenog rada, i u kojem ve\u0107ina stanovni\u0161tva ne mo\u017ee samostalno odlu\u010divati \u200b\u200bo svojim \u017eivotima, a dr\u017eava autoritarno kontrolira svoje stanovni\u0161tvo i brani svoje granice od drugih, dok u isto vrijeme cvijeta opresija zasnovana na spolu, boji ko\u017ee ili drugim obilje\u017ejima, ne treba o\u010dekivati \u200b\u200bdruga\u010dije odgovore. Poo\u0161travanje prirodnih \u017eivotnih uvjeta poo\u0161trit \u0107e i pona\u0161anje ljudi koji se na\u0111u u takvom svijetu.<\/p>\n\n\n\n<p>Upravo je takav dru\u0161tveni poredak uzrok ubrzanog iscrpljivanja i uni\u0161tavanja prirode. Kapitalizam proizvodi i prirodne i dru\u0161tvene katastrofe. \u010cak i kada su u pitanju samo sile prirode, primjerice geolo\u0161ka u slu\u010daju potresa, katastrofu istovremeno stvaraju dru\u0161tveni uvjeti: lo\u0161ija stambena izgradnja u manje bogatim sredinama, nejednake mogu\u0107nosti obnove domova, (ne)dostupni resursi za brzu pomo\u0107 itd. U klimatskom kolapsu kauzalnost je o\u010dita: kapitalizam pokre\u0107u fosilna goriva koja su glavni uzrok globalnog zatopljenja.<\/p>\n\n\n\n<p>Prirodne i socijalne katastrofe tako\u0111er su poslovna prilika iz perspektive kapitala. Naomi Klein skrenula je pa\u017enju na to izrazom &#8220;kapitalizam katastrofe&#8221;. Te\u0161ko je pore\u0107i da kapital ne koristi katastrofe kao katalizator za eksproprijaciju, deregulaciju, privatizaciju, tj. kapitalisti\u010dku ekspanziju. Trenutno to mo\u017eemo promatrati &#8220;u\u017eivo&#8221; tijekom rata u Ukrajini. Za\u0161to bismo zami\u0161ljali da mo\u017eemo o\u010dekivati \u200b\u200bdruga\u010dije trendove u vremenima intenzivnijeg kolapsa klime?<\/p>\n\n\n\n<h2 class=\"wp-block-heading\">Komunizam katastrofe<\/h2>\n\n\n\n<p>U odgovorima na katastrofe mo\u017ee se prona\u0107i i upori\u0161te za optimizam. <a href=\"http:\/\/rebeccasolnit.net\/book\/a-paradise-built-in-hell\/\" target=\"_blank\" rel=\"noreferrer noopener\">Rebecca Solnit<\/a> suprotstavila se uvjerenju da katastrofe izvla\u010de ono najgore iz ljudi idejom &#8220;zajednice katastrofe&#8221; &#8211; novih kolektivnih veza solidarnosti i uzajamne pomo\u0107i i suradnje koje se uspostavljaju izme\u0111u ljudi u katastrofalnim situacijama. Njezin primjer je uragan Katrina koji je poharao New Orleans, a u na\u0161em okru\u017eenju mo\u017eemo se prisjetiti velikih poplava na Balkanu 2014. godine.<\/p>\n\n\n\n<p>Solnit upozorava da je nakon katastrofe \u010desto prvi zadatak dr\u017eave uspostaviti &#8220;red&#8221;, a ne pomo\u0107i \u017ertvama. U slu\u010daju uragana Katrina, policija se usredoto\u010dila na sprje\u010davanje &#8220;plja\u010dke&#8221; i pritom ubila dosta pre\u017eivjelih koji su poku\u0161avali pobje\u0107i iz poplavljenog grada. Pritom nije rijedak jo\u0161 jedan odgovor dr\u017eave &#8211; da zaka\u017ee u ve\u0107oj ili manjoj mjeri; ne mo\u017ee se nositi s posljedicama, a ujedno i (privremeno) gubi vlast na tom podru\u010dju. Time se otvara jo\u0161 vi\u0161e prostora za samoorganiziranu solidarnost ljudi.<\/p>\n\n\n\n<p>U nekim slu\u010dajevima, gdje je mre\u017ea solidarnosti, organizacijskih veza i kulture uzajamne pomo\u0107i ve\u0107 postojala prije katastrofe, zajednice katastrofe zapo\u010dele su proces druga\u010dije organizacije dru\u0161tva, temeljene na nekapitalisti\u010dkim na\u010delima, eliminiraju\u0107i stare oblike dominacije i ugnjetavanje. Istodobno su se odupirali poku\u0161ajima kapitala koji je u katastrofi prepoznao prilike za gentrifikaciju ili druge intervencije u dru\u0161tvenom tkivu. U krugovima libertarijanskih socijalista za takav odgovor na katastrofalne situacije ustalio se izraz &#8220;komunizam katastrofe&#8221;.<\/p>\n\n\n\n<p>Ali to su samo prolazni trenuci oslobo\u0111enja jer ih dr\u017eava &#8220;raspu\u0161ta&#8221; ili ukida kada se uspostavi barem neka razina stabilnosti. U isto vrijeme, ti trenuci raja uspostavljeni su u pravom paklu: razaranja koje odnosi mnoge ljudske \u017eivote i va\u017enu dru\u0161tvenu infrastrukturu. Ipak, ovi odgovori nude optimizam &#8211; pogled koji je u suprotnosti s freneti\u010dnom borbom svih protiv svih koju pogor\u0161ava eskaliraju\u0107a vru\u0107ina.<\/p>\n\n\n\n<p>Iz obje perspektive mo\u017eemo napraviti neku vrstu realne sinteze. Ovo je otrcano opa\u017eanje, ali o\u010dito je da ljudi imaju potencijal biti lo\u0161i i dobri. Sebi\u010dni, neprijateljski, \u0161ovinisti\u010dki ili altruisti\u010dki, solidarni, drugarski. Pona\u0161anje ljudi mora se razumjeti u spletu dru\u0161tvenih okolnosti i njihova vlastitog djelovanja.<\/p>\n\n\n\n<h2 class=\"wp-block-heading\">Realizam<\/h2>\n\n\n\n<p>Ako ne \u017eelimo pristati na pesimisti\u010dan pogled, onda se moramo posvetiti promjeni dru\u0161tvenih okolnosti koje nas guraju u sebi\u010dnost i natjecanje, a planet u ekolo\u0161ki kolaps. No, da bi se promijenile dru\u0161tvene okolnosti, one se najprije moraju analizirati i razumjeti. Moramo pristupiti razumijevanju dru\u0161tvenih odnosa i okolnosti sa stajali\u0161ta pripisivanja ljudima \u0161to manje ili nimalo uro\u0111enih karakteristika. U suprotnom svoje razumijevanje dru\u0161tvenih procesa prilago\u0111avamo svojim pretpostavkama o ljudskoj prirodi ili na tim pretpostavkama gradimo cijelu konstrukciju punu pogre\u0161nih zaklju\u010daka i predrasuda.<\/p>\n\n\n\n<p>Kada se promi\u0161ljaju razlozi izostanka pravog masovnog otpora na rubu klimatskog kolapsa, \u010desto se name\u0107e hipoteza da je degradacija prirode previ\u0161e apstraktna, da su krize prolazne i da ih radni ljudi ne osje\u0107aju dovoljno na vlastitoj ko\u017ei. Ako malo pro\u0161irimo hipotezu \u2013 da ipak imaju dovoljno komfora za njegovanje unutarnjeg egoizma. Takvo gledi\u0161te previ\u0111a drugu stranu: da nema jasnog odgovora \u0161to u\u010diniti. Razlog izostanka odgovora ili njihove marginalnosti je i nerazumijevanje dru\u0161tvenih okolnosti \u2013 odnosno teorije koja bi mogla pridonijeti razvoju takvog odgovora.<\/p>\n\n\n\n<p>Trendovi pogor\u0161anja i brzo pribli\u017eavanje klimatskih &#8220;to\u010daka preokreta&#8221; doga\u0111aju se unato\u010d raznim naporima naprednih dru\u0161tvenih snaga. To pridonosi \u0161irenju defetizma, pa i klimatskog nihilizma: &#8220;ne mo\u017eemo ni\u0161ta zaustaviti, nemamo rje\u0161enja&#8221;, \u0161to nadopunjuje na\u010delo &#8220;u\u017eivaj dok mo\u017ee\u0161&#8221;.<\/p>\n\n\n\n<p>No, pritom ne smijemo zaboraviti uvodno upozorenje o biolo\u0161kim u\u010dincima velikih vru\u0107ina i ekstremnih vremenskih pojava koje su posljedica zagrijavanja planeta. Klimatski kolaps nije stvar distopijske budu\u0107nosti, ve\u0107 se danas na globalnom jugu ubrzano uru\u0161avaju prirodni uvjeti za \u017eivot, posebno za male poljoprivredne proizvo\u0111a\u010de, radni ljudi se guraju u jo\u0161 goru bijedu ili bje\u017ee za novim \u017eivotom, a sve izra\u017eeniji su i sukobi za osnovne prirodne resurse. Ne\u0107e pro\u0107i dugo prije nego \u0161to neka podru\u010dja budu nenastanjiva zbog kombinacije topline i vlage. Svaka desetinka stupnja manje je va\u017ena. Bez obzira na trendove, ne smijemo odustati od borbe za ubla\u017eavanje klimatskih promjena. Znanost o klimi je jasna: jo\u0161 uvijek ima prostora za manevriranje.<\/p>\n\n\n\n<p>No, su\u017eavanje manevarskog prostora i horizonta klimatskog sloma ne zna\u010di i slom smisla dru\u0161tvene borbe. Pouke o &#8220;zajednici katastrofe&#8221; ili &#8220;komunizmu katastrofe&#8221; pokazuju koliko je, bez obzira na situaciju, va\u017ena borba za institucije solidarnosti &#8211; kako za dr\u017eavno organiziranu solidarnost (npr. javno zdravstvo), tako i za oblike izvan dr\u017eave, tj. novi autonomni oblici solidarnosti.<\/p>\n\n\n\n<p>S druge strane, horizont klimatskog kolapsa name\u0107e radikalizam u borbi, i to u leksikonskom zna\u010denju rije\u010di: borba koja se &#8220;ti\u010de su\u0161tine, temelja ne\u010dega i ostvaruje se odlu\u010dno, bez popu\u0161tanja&#8221;. Bit ili temelj su kapitalisti\u010dki dru\u0161tveni odnosi koji ubrzano uni\u0161tavaju \u017eivotne uvjete \u010dovje\u010danstva i neljudske prirode te name\u0107u konkurenciju i agresivnost.<\/p>\n","protected":false},"excerpt":{"rendered":"<p>U politi\u010dkom i\u0161\u010dekivanju sve izra\u017eenijih u\u010dinaka klimatskih promjena raspravama kolaju razne ideje o ljudskoj prirodi i o\u010dekivanom pona\u0161anju. Takve su rasprave jalove, a samim tim i borba protiv ubla\u017eavanja u\u010dinaka klimatskih promjena, ako ne razumijemo dru\u0161tvene odnose u kojima su te promjene nastale. Nedavno je u \u010dasopisu Lancet objavljena studija koja je otkrila povezanost izme\u0111u [&hellip;]<\/p>\n","protected":false},"author":5,"featured_media":43122,"comment_status":"closed","ping_status":"closed","sticky":false,"template":"","format":"standard","meta":{"footnotes":""},"categories":[454],"tags":[727,357],"theme":[457],"country":[459],"articleformat":[450],"coauthors":[164],"class_list":["post-43120","post","type-post","status-publish","format-standard","has-post-thumbnail","hentry","category-naslovnica","tag-klimatska-kriza","tag-klimatske-promjene","theme-klima","country-svijet","articleformat-tema"],"_links":{"self":[{"href":"https:\/\/www.bilten.org\/index.php?rest_route=\/wp\/v2\/posts\/43120","targetHints":{"allow":["GET"]}}],"collection":[{"href":"https:\/\/www.bilten.org\/index.php?rest_route=\/wp\/v2\/posts"}],"about":[{"href":"https:\/\/www.bilten.org\/index.php?rest_route=\/wp\/v2\/types\/post"}],"author":[{"embeddable":true,"href":"https:\/\/www.bilten.org\/index.php?rest_route=\/wp\/v2\/users\/5"}],"replies":[{"embeddable":true,"href":"https:\/\/www.bilten.org\/index.php?rest_route=%2Fwp%2Fv2%2Fcomments&post=43120"}],"version-history":[{"count":3,"href":"https:\/\/www.bilten.org\/index.php?rest_route=\/wp\/v2\/posts\/43120\/revisions"}],"predecessor-version":[{"id":43126,"href":"https:\/\/www.bilten.org\/index.php?rest_route=\/wp\/v2\/posts\/43120\/revisions\/43126"}],"wp:featuredmedia":[{"embeddable":true,"href":"https:\/\/www.bilten.org\/index.php?rest_route=\/wp\/v2\/media\/43122"}],"wp:attachment":[{"href":"https:\/\/www.bilten.org\/index.php?rest_route=%2Fwp%2Fv2%2Fmedia&parent=43120"}],"wp:term":[{"taxonomy":"category","embeddable":true,"href":"https:\/\/www.bilten.org\/index.php?rest_route=%2Fwp%2Fv2%2Fcategories&post=43120"},{"taxonomy":"post_tag","embeddable":true,"href":"https:\/\/www.bilten.org\/index.php?rest_route=%2Fwp%2Fv2%2Ftags&post=43120"},{"taxonomy":"theme","embeddable":true,"href":"https:\/\/www.bilten.org\/index.php?rest_route=%2Fwp%2Fv2%2Ftheme&post=43120"},{"taxonomy":"country","embeddable":true,"href":"https:\/\/www.bilten.org\/index.php?rest_route=%2Fwp%2Fv2%2Fcountry&post=43120"},{"taxonomy":"articleformat","embeddable":true,"href":"https:\/\/www.bilten.org\/index.php?rest_route=%2Fwp%2Fv2%2Farticleformat&post=43120"},{"taxonomy":"author","embeddable":true,"href":"https:\/\/www.bilten.org\/index.php?rest_route=%2Fwp%2Fv2%2Fcoauthors&post=43120"}],"curies":[{"name":"wp","href":"https:\/\/api.w.org\/{rel}","templated":true}]}}