{"id":43107,"date":"2022-10-18T09:02:00","date_gmt":"2022-10-18T08:02:00","guid":{"rendered":"https:\/\/www.bilten.org\/?p=43107"},"modified":"2022-10-19T08:50:27","modified_gmt":"2022-10-19T07:50:27","slug":"intervju-s-vampirom","status":"publish","type":"post","link":"https:\/\/www.bilten.org\/?p=43107","title":{"rendered":"Intervju s vampirom"},"content":{"rendered":"\n<p>Nakon objave odvratnog intervjua s vi\u0161estrukim silovateljem u Informeru krajem pro\u0161log mjeseca zapo\u010dela je serija protesta na sedmi\u010dnoj bazi. Oni su, pored svog osnovnog cilja, otvorili prostor za raspravu o neuralgi\u010dnim to\u010dkama srpskog dru\u0161tva: nasilju nad \u017eenama, medijskom poslovnom modelu i vezama s politikom te dru\u0161tvenoj ulozi kaznenog zakona.<\/p>\n\n\n\n<p>Ozlogla\u0161eni tabloid Informer, provladino glasilo koje slu\u017ei za difamaciju i obra\u010dun sa onima koji su u datom trenutku na meti vlasti, 27. septembra ove godine objavio je &#8220;eksklzivni&#8221; intervju sa izvesnim Igorom Milo\u0161evi\u0107em, \u010dovekom koji je vi\u0161estruki silovatelj. Njegov poslednji boravak u zatvoru na osnovu presude trajao je 15 godina. Samo sedam dana nakon pu\u0161tanja na slobodu, postao je i medijska zvezda.<\/p>\n\n\n\n<p>Najve\u0107i deo javnosti reagovao je konsternirano; senzacionalisti\u010dko takozvano novinarstvo pre\u0161lo je sve crte i bes je po\u010deo da kulja. Glasilo mr\u017enje i prljav\u0161tine dobilo je odgovor kome se nije nadalo. Pokrenuta je serija protesta koje predvodi organizacija \u017denska solidarnost i do sada ih je odr\u017eano \u010detiri, ali kraj im se za sada ne nazire.<\/p>\n\n\n\n<p>Ako pogledamo sam razgovor, koji uprkos protestima, nije skinut sa doti\u010dnog portala, on je ura\u0111en u uobi\u010dajenom maniru tabloidnog, nazovimo to novinarstvom. Iako dobrog trenutka za ovakav razgovor nema, on je do\u0161ao posle serije u\u017easnih zlo\u010dina nad \u017eenama i decom od strane nasilnika koji su bili poznati policiji i\/ili slu\u017ebama za socijalni rad.<\/p>\n\n\n\n<h2 class=\"wp-block-heading\">Politi\u010dke veze<\/h2>\n\n\n\n<p>U o\u010di je upala bahatost ure\u0111iva\u010dke politike koju personifikuje Dragan J. Vu\u010di\u0107evi\u0107, \u010dija je vernost Vu\u010di\u0107u i spremnost da se u trenutku relativizuje bilo koji problem neupitna i koji je zbog toga postao nezaobilazni u\u010desnik jednostranih debata na provladinim televizijama, prvenstveno na ni\u0161ta manje zloglasnom Pinku.<\/p>\n\n\n\n<p>Zauzvrat, Vu\u010di\u0107 li\u010dno je posle prvog protesta na\u0161ao za shodno da brani svog rasplakanog kerbera: proteste je nazvao &#8220;licemernim&#8221;, jer su, po njegovom mi\u0161ljenju &#8220;politizovani&#8221;. Ina\u010de je izjavio da je za poo\u0161travanje kazni silovateljima, kao i to da on ne bi uradio takav intervju da je novinar, ali&#8230; Uglavnom, u\u010desnice i u\u010desnike protesta predsednik smatra za folirante, \u0161to je re\u010d koju je upotrebio.<\/p>\n\n\n\n<p>O\u010dito da je da je ovaj intervju otvorio mnoga pitanja i dotakao vi\u0161e neuralgi\u010dnih ta\u010dki koje postoje u srpskom dru\u0161tvu u ovom \u010dasu, a mi ih mo\u017eemo grupisati u tri celine: problem pristupa temama tabloidnih medija (koje neki nazivaju &#8220;dnovinarima&#8221;); problem tretmana nasilja nad \u017eenama koji je postojao oduvek, ali u datim okolnostima postaje sve uo\u010dljiviji i dramati\u010dniji, pa na kraju tu je i pitanje kaznene politike i njihove svrhe, te tretman te teme u dru\u0161tvu u ovom \u010dasu.<\/p>\n\n\n\n<p>Slika na medijskom nebu Srbije je dosta mra\u010dna. Mediji, novine pre svega, koje su u pro\u0161losti imale nekakvu reputaciju. poput Politike i lista Danas, te nedeljnika NIN i Vreme pre svega, izgubili su nekada\u0161nji uticaj i do\u017eivele vrtoglavi pad tira\u017ea, jer se informisanje preselilo na internet, odnosno na dru\u0161tvene mre\u017ee. Tabloidi, koji se obra\u0107aju starijoj publici koja manje koristi internet, neuporedivo su jeftiniji od ne\u0161to ozbiljnijih starijih tradicionalnih novina pobrojanih u prethodnoj re\u010denici. Uz to, prisutni su i na internetu.<\/p>\n\n\n\n<p>Logika koja ka\u017ee da &#8220;nije vest da je pas ujeo \u010doveka, nego da je \u010dovek ujeo psa&#8221; u savremenom informacijskom divlja\u0161tvu Tre\u0107eg svetskog rata i klikabilnosti na periferiji poretka ume da dovede dovde, ako se na pravom mestu na\u0111u likovi poput aktuelnog glodura Informera. Uz hroni\u010dni nedostatak pravog nezavisnog novinarstva ili medija, u glasilima koji su samo megafoni odre\u0111enih frakcija kapitala i mo\u0107i, ra\u010dunaju\u0107i i one kriminalnog porekla, uglavnom za mizerne plate rade ljudi \u010diji je jedini kriterijum dobrog broj pregleda i \u010ditanja, a jedina svetinja \u2013 moneta, uz nekoliko mahom manje poznatih izuzetaka.<\/p>\n\n\n\n<p>Tako smo i do\u0161li dotle da se silovanje u medijima skoro pa normalizuje \u010dime se pomera granica dalje ka stvaranju neosetljivosti, da ne ka\u017eemo otupljivanju konzumenata ovih medija. Da ne govorimo o tome da se na taj na\u010din vr\u0161i dvostruko zlostavljanje \u017ertava. Sve se to de\u0161ava u godini koja tri meseca pre svog kraja ve\u0107 ima upisanih vi\u0161e od dvadeset \u017eena u svoju crnu evidenciju ubijenih.<\/p>\n\n\n\n<h2 class=\"wp-block-heading\">Dnovinarstvo<\/h2>\n\n\n\n<p>Dragan J. Vu\u010di\u0107evi\u0107 je ve\u0107 godinama lice takvog dna. Od ranih radova, sa bed\u017eom Otpora na prsluku, preko zloglasnog Kurira do jo\u0161 zloglasnijeg Informera i pozicije zvani\u010dnog branioca zvani\u010dne politike, probijao se gaze\u0107i svaku normu profesije. Galamd\u017eija, nepristojan, besprizoran i bezobrazan, uprkos trenutnoj mo\u0107i u kojoj u\u017eiva, do\u017eiveo je da na prvom protestu ispred redakcije bude \u0161utnut od jedne u\u010desnice protesta u mesto na kome le\u0111a gube pristojno ime \u0161to bi nekada rekli.<\/p>\n\n\n\n<p>Namah je poku\u0161ao da zauzme poziciju \u017ertve zbog toga, a dovoljno je bitan sada\u0161njoj vlasti da ga i li\u010dno Vu\u010di\u0107 brani i to nije prvi put. To mu, naravno, ne poma\u017ee mnogo jer u\u010desnice i u\u010desnici sada\u0161njih protesta ne dr\u017ee mnogo do predsednikovog mi\u0161ljenja. Ipak, po\u0161teno je re\u0107i da je on samo sticajem istorijskih okolnosti na povr\u0161inu izba\u010den samo jedan u armiji ljudi koji \u017eive od pisanja u medijima, koji su nau\u010deni samo na to da po\u0161tuju mo\u0107, ali ne i moralne obzire, spremni da brane interes svakoga ko ho\u0107e za to da plati.<\/p>\n\n\n\n<p>Kada se tako postave stvari, da je interes pojedinaca va\u017eniji od op\u0161teg interesa, onda obi\u010dno oni koji imaju najmanje mo\u0107i najgore i prolaze. To se mo\u017ee o\u010ditovati i u ovom slu\u010daju: &#8220;novinarima&#8221;, a jo\u0161 manje njihovom uredniku nije palo na pamet \u010dak ni da pita ikoga kakve bi posledice moglo da ima objavljivanje ovakvog jednog razgovora, u video kao i u pisanom formatu. Dana\u0161nji tabloidi na ovim prostorima imaju tendenciju da morbidne pri\u010de ra\u0161lanjuju na \u010dinioce, ulaze\u0107i u najmorbidnije detalje nekih zlo\u010dina ne obaziru\u0107i se na mogu\u0107e efekte takvog pisanja, ponekad i preuveli\u010danog, na \u010ditavu svoju publiku, kao ni na \u017ertve.<\/p>\n\n\n\n<p>Ovaj razgovor sa silovateljem je jedan od tipi\u010dnih primera za to. Redakcija kao da nije ra\u010dunala na to da reakcija na tekst ne\u0107e da ostane samo u uobi\u010dajenom obliku zgra\u017eavanja na dru\u0161tvenim mre\u017eama, nego da \u0107e da se manifestuje i u analognom svetu. Zato je glodur Informera i do\u0161ao u situaciju da bude \u0161utnut u su\u0161tinu svoga bi\u0107a.<\/p>\n\n\n\n<p>Zbog tog simboli\u010dnog \u010dina na trenutak je poku\u0161ao da se predstavi kao \u017ertva, ali izgleda da je \u010dak i njemu to bilo neubedljivo, pa je odustao od te pri\u010de. Zato je Vu\u010di\u0107 iskoristio da postavi pravac tretmana protesta: sve je to u ne\u010dijem interesu, neko time manipuli\u0161e, neko ho\u0107e da iskoristi situaciju jednog \u017ealosnog slu\u010daja da bi ostvario svoje politi\u010dke interese. Me\u0111utim to \u017eene koje su pokrenule i izvode proteste ne impresionira previ\u0161e; oni \u0107e biti nastavljeni do daljnjega u dosada\u0161njem ritmu od jednog okupljanja sedmi\u010dno.<\/p>\n\n\n\n<h2 class=\"wp-block-heading\">Dru\u0161tveni odjeci<\/h2>\n\n\n\n<p>U kratkom Vu\u010di\u0107evom osvrtu na taj slu\u010daj postoji deo koji se ne odnosi direktno na ovaj slu\u010daj, a koji dobro oslikava odnos prema kaznenoj politici i o\u010dekivanjima od nje, a koja se podudara sa vi\u0161edecenijskim tendencijama koje u vremenu op\u0161te nesigurnosti i nepravde mnogima deluju razumno: a to je da se od kaznene politike o\u010dekuje samo jedno \u2013 da bude \u0161to stro\u017ea.<\/p>\n\n\n\n<p>Ve\u0107 decenijama, u medijima kao i u politici postoji jedan stav da samo \u0161to o\u0161trije i te\u017ee kazne mogu ne samo da donesu pravdu, nego i da preduprede kriminal i zlo\u010dine. I zaista, zakoni koji se donose, od saobra\u0107ajnih propisa do kazni za najte\u017ea krivi\u010dna dela imaju tendenciju da budu stro\u017ea od ranijih propisa. Ta teorija je krajnje pogre\u0161na, ako je sude\u0107i po svakodnevnoj praksi i zvani\u010dnim statistikama. Stepen kriminaliteta je sve ve\u0107i, a \u017ertava je sve vi\u0161e, u \u010ditavom rasponu od \u017ertava saobra\u0107ajnih nesre\u0107a do onih dela koja se kvalifikuju kao &#8220;te\u0161ka ubistva&#8221;.<\/p>\n\n\n\n<p>Sa druge strane imamo notornu \u010dinjenicu da se najte\u017ei kriminalci, od bandita i ubica do finansijskih prestupnika raznih vrsta lako izvla\u010de od te\u017eih kazni. Opet, zatvori su prepuni, a kao da ne postoji svest o tome da najve\u0107a ve\u0107ina njih tamo prosto ne mo\u017ee da ostane doveka. Rad na rehabilitaciji i resocijalizaciji osu\u0111enih lica je ispod svakog nivoa kritike. Sve izgleda kao da se izgubila svrha kaznene politike, ali zato se u javnosti podgreva jedna krvo\u017eedna atmosfera (\u010desto ba\u0161 preko tabloida poput Informera i njihovih sekcija za komentare tekstova) da jedino te\u0161ka patnja osu\u0111enih mo\u017ee da donese satisfakciju ostatku dru\u0161tva, uop\u0161te ne ra\u010dunaju\u0107i na njihov izlazak jednog dana.<\/p>\n\n\n\n<p>Povrh toga, poslednjih nekoliko meseci dogodila su se ubistva \u017eena, pa i dece koja su pokazala da uprkos svoj rigoroznosti zapre\u0107enih kazni, mnogi \u010dinioci koji su uklju\u010deni u procedure sprovo\u0111enja zakona prosto ne rade svoj posao kako treba, a onda poo\u0161travanje zakona i javni pozivi na lin\u010d treba da nadomeste ose\u0107aj borbe protiv nasilja i kriminala, kao i da toliko upla\u0161e eventualne po\u010dinioce krivi\u010dnih dela da oni odustanu od njih.<\/p>\n\n\n\n<p>Kao glavne adrese onih koji su zakazali pominju se sudstvo, policija i centri za socijalni rad. Iz tih institucija do sada, uprkos svemu, do sada niko nije pozvan na odgovornost. U ovom slu\u010daju, jedino \u010dega je dr\u017eava mogla da se seti jeste ponovno pritvaranje intervjuisanog na 48 sati \u0161to bi trebalo da umiri uznemirenu javnost. Najlu\u0111e od svega je \u0161to je krivi\u010dnu prijavu podneo upravo tabloid Informer, \u010dime, valjda, poku\u0161avaju da operu ruke od zla koje \u010dine. Informer je, dakle, prijavio svog intervjuisanog eksluzivca zbog krivi\u010dnog dela &#8220;ugro\u017eavanja sigurnosti&#8221;-<\/p>\n\n\n\n<p>Sve u svemu, jedan morbidni i nepotrebni intervju otvorio je rane \u017ertvama, ali i mnoga pitanja koja mu\u010de jedno dru\u0161tvo sa previ\u0161e nere\u0161enih protivre\u010dnosti. Kao rezultat tog nere\u0161avanja \u010desto se dobije bes kao odgovor, a na besu upravo i insistiraju u\u010desnice skupova koji se odr\u017eavaju u Beogradu petkom.<\/p>\n\n\n\n<p>Dok ovaj gnev ne da svoje plodove, tabloidi u Srbiji u sprezi sa svojim nalogodavcima, gazdama, \u0161ti\u0107enicima i ekskluzivcima nastaviti da &#8220;ugro\u017eava sigurnost&#8221; \u010ditavog dru\u0161tva.<\/p>\n","protected":false},"excerpt":{"rendered":"<p>Nakon objave odvratnog intervjua s vi\u0161estrukim silovateljem u Informeru krajem pro\u0161log mjeseca zapo\u010dela je serija protesta na sedmi\u010dnoj bazi. Oni su, pored svog osnovnog cilja, otvorili prostor za raspravu o neuralgi\u010dnim to\u010dkama srpskog dru\u0161tva: nasilju nad \u017eenama, medijskom poslovnom modelu i vezama s politikom te dru\u0161tvenoj ulozi kaznenog zakona. Ozlogla\u0161eni tabloid Informer, provladino glasilo koje [&hellip;]<\/p>\n","protected":false},"author":5,"featured_media":43109,"comment_status":"closed","ping_status":"closed","sticky":false,"template":"","format":"standard","meta":{"footnotes":""},"categories":[454],"tags":[28,33,469],"theme":[458],"country":[11],"articleformat":[450],"coauthors":[117],"class_list":["post-43107","post","type-post","status-publish","format-standard","has-post-thumbnail","hentry","category-naslovnica","tag-mediji","tag-protest","tag-srbija","theme-drustvo","country-srbija","articleformat-tema"],"_links":{"self":[{"href":"https:\/\/www.bilten.org\/index.php?rest_route=\/wp\/v2\/posts\/43107","targetHints":{"allow":["GET"]}}],"collection":[{"href":"https:\/\/www.bilten.org\/index.php?rest_route=\/wp\/v2\/posts"}],"about":[{"href":"https:\/\/www.bilten.org\/index.php?rest_route=\/wp\/v2\/types\/post"}],"author":[{"embeddable":true,"href":"https:\/\/www.bilten.org\/index.php?rest_route=\/wp\/v2\/users\/5"}],"replies":[{"embeddable":true,"href":"https:\/\/www.bilten.org\/index.php?rest_route=%2Fwp%2Fv2%2Fcomments&post=43107"}],"version-history":[{"count":2,"href":"https:\/\/www.bilten.org\/index.php?rest_route=\/wp\/v2\/posts\/43107\/revisions"}],"predecessor-version":[{"id":43111,"href":"https:\/\/www.bilten.org\/index.php?rest_route=\/wp\/v2\/posts\/43107\/revisions\/43111"}],"wp:featuredmedia":[{"embeddable":true,"href":"https:\/\/www.bilten.org\/index.php?rest_route=\/wp\/v2\/media\/43109"}],"wp:attachment":[{"href":"https:\/\/www.bilten.org\/index.php?rest_route=%2Fwp%2Fv2%2Fmedia&parent=43107"}],"wp:term":[{"taxonomy":"category","embeddable":true,"href":"https:\/\/www.bilten.org\/index.php?rest_route=%2Fwp%2Fv2%2Fcategories&post=43107"},{"taxonomy":"post_tag","embeddable":true,"href":"https:\/\/www.bilten.org\/index.php?rest_route=%2Fwp%2Fv2%2Ftags&post=43107"},{"taxonomy":"theme","embeddable":true,"href":"https:\/\/www.bilten.org\/index.php?rest_route=%2Fwp%2Fv2%2Ftheme&post=43107"},{"taxonomy":"country","embeddable":true,"href":"https:\/\/www.bilten.org\/index.php?rest_route=%2Fwp%2Fv2%2Fcountry&post=43107"},{"taxonomy":"articleformat","embeddable":true,"href":"https:\/\/www.bilten.org\/index.php?rest_route=%2Fwp%2Fv2%2Farticleformat&post=43107"},{"taxonomy":"author","embeddable":true,"href":"https:\/\/www.bilten.org\/index.php?rest_route=%2Fwp%2Fv2%2Fcoauthors&post=43107"}],"curies":[{"name":"wp","href":"https:\/\/api.w.org\/{rel}","templated":true}]}}