{"id":43006,"date":"2022-10-05T11:48:00","date_gmt":"2022-10-05T10:48:00","guid":{"rendered":"https:\/\/www.bilten.org\/?p=43006"},"modified":"2022-10-10T11:13:05","modified_gmt":"2022-10-10T10:13:05","slug":"novinarstvo-izmedu-afera-i-kapitala","status":"publish","type":"post","link":"https:\/\/www.bilten.org\/?p=43006","title":{"rendered":"Novinarstvo izme\u0111u afera i kapitala"},"content":{"rendered":"\n<p>Tijekom i netom nakon predizborne kampanje za zagreba\u010dke lokalne izbore predstavnici desnice \u017ealili su se na medijski tretman. I to ne na tretman njih samih u vode\u0107im medijima ve\u0107 na tretman Tomislava Toma\u0161evi\u0107a i platforme Mo\u017eemo!. I bili su u pravu: Toma\u0161evi\u0107 i platforma bili su svojevrsni ljubimci mejnstrim medija. S obzirom na &#8220;pristojan&#8221; nastup, aktivisti\u010dku legitimaciju, antikorupcijski ton i dobrodo\u0161lu dozu &#8220;modernosti&#8221; u vidu naglaska na ekologiji tretman nije \u010dudio. A i, valja naglasiti, s obzirom i na prljave igre konkurenata na desnici.<\/p>\n\n\n\n<p>Takozvani &#8220;medeni mjesec&#8221; nije dugo trajao. Ne zato \u0161to je inicijalni tretman bio la\u017ean ili licemjeran ili zato \u0161to su &#8220;mo\u017eemosi&#8221; iznevjerili neka fundamentalna o\u010dekivanja koja su od njih imali mejnstrim mediji. Radi se samo o tome da se i u njihovom slu\u010daju aktivirao standardni i gotovo pa jedini modus operandi suvremenog hrvatskog novinarstva. Vode\u0107i mediji i njihova &#8220;najo\u0161trija pera&#8221; krenuli su odmah u potragu za aferama. Jer ne\u010dega mora biti, jer politika tako funkcionira. Najsvje\u017eiji primjeri su nastojanja portala Index da po\u0161to poto prona\u0111e aferu u poslovima nove vlasti. Prvo su napravili &#8220;prijelomnu vijest&#8221; oko navodnog spornog kredita koji je sasvim legalan, e da bi ju\u010der ustvrdili kako je vlast na jedno pro\u010delni\u010dko mjesto izabrala &#8220;\u0161pijuna&#8221; iako ni\u0161ta proceduralno sporno u tom izboru nema.<\/p>\n\n\n\n<p>Cijeli igrokaz djeluje pomalo smije\u0161no. &#8220;Mo\u017eemosi&#8221;, na momente i posve karikaturalno, toliko vjeruju u transparentnost i stru\u010dnost da se libe postaviti &#8220;svoje ljude&#8221; na politi\u010dke pozicije kao da se ne bave politikom. A mejnstrim mediji kopaju po tim odabirima gotovo pa razo\u010darani \u0161to ni\u010deg &#8220;politi\u010dkog&#8221; nema. I upravo je u njihovoj ideji &#8220;politi\u010dkog&#8221; jedan od klju\u010dnih problema ovda\u0161njeg novinarstva. Bjesomu\u010dna potraga za aferama je dru\u0161tveno korisna aktivnost, ali kad afere postanu okvir u kojem se razumije politika i kad politika nije ni\u0161ta drugo nego redoslijed afera, onda vi\u0161e nemamo politiku. Gubimo mo\u0107 opa\u017eanja i tuma\u010denja odnosa mo\u0107i u svakodnevnoj, &#8220;normalnoj&#8221; politici i ekonomiji. Jer dok nema afera onda se, valjda, sve odvija prema zaslugama. I da Mo\u017eemo! ni\u0161ta bitno ne napravi u svojoj politi\u010dkoj putanji, ovo nehoti\u010dno raskrinkavanje politi\u010dki slijepog novinarstva ostat \u0107e zna\u010dajan doprinos na\u0161em dru\u0161tvu i politici.<\/p>\n\n\n\n<p>Drugi simptomati\u010dni moment u praksama na\u0161eg suvremenog novinarstva ti\u010de se pulskog referenduma. Vi\u0161e smo puta <a rel=\"noreferrer noopener\" href=\"https:\/\/www.bilten.org\/?p=42259\" target=\"_blank\">ovdje<\/a> pisali o \u010demu se radi tako da ne treba ulaziti u detalje. Osvrnut \u0107emo se samo na simptomati\u010dni moment. Naime, investitor u sporni hotelski projekt je srpski biznismen Dragan \u0160olak koji je ujedno vlasnik i medijske grupacije u kojoj se nalaze NovaTV i N1. Na oba ta televizijska kanala ne mo\u017eemo \u010duti ni\u0161ta o spornoj investiciji i referendumu, a u posljednjih gotovo pa pola godine na N1 nije gostovao nijedan \u010dlan platforme Mo\u017eemo! \u010diji je pulski ogranak prili\u010dno aktivan u borbi protiv izgradnje hotela. Posve je bjelodano da se provodi cenzura i da postoje granice &#8220;objektivnog&#8221; i anga\u017eiranog novinarstva kojima se, ina\u010de, upravo N1, nerijetko i zaslu\u017eeno ponosio. Da parafraziramo Marxa: granica novinarstva je kapital sam.<\/p>\n\n\n\n<p>Me\u0111utim, dok je reakcija &#8220;\u0160olakovih medija&#8221; razumljiva iz perspektive vlasnika, ostaje donekle nejasna reakcija ostatka medijske scene. Naime, o samom se sukobu i referendumu gotovo pa redovito izvje\u0161tava, ali u prili\u010dno politi\u010dki steriliziranom tonu. Kao da je rije\u010d o jo\u0161 jednoj vijesti iz Istre: ima li gostiju, ima li tartufa, ima li referenduma? S obzirom na to da postoji konkurencija na medijskom tr\u017ei\u0161tu ne bi li konkurenti trebali prokazati Novu i N1 kao licemjerne i nedosljedne medije? Za\u0161to se izbjegava ovaj \u010disti volej? Na\u017ealost, odgovor je prili\u010dno jednostavan: mo\u017eda \u0107e se jednog dana vlasnik tog medija ili glavni ogla\u0161iva\u010d na\u0107i u sli\u010dnoj situaciji. S obzirom na to da je prostor uz more gotovo jedini preostali vrijedan eksploatacijski resurs u dr\u017eavi, \u0161to vidimo i po najavi novog Zakona o pomorskom dobru, nema smisla davati podr\u0161ku onima koji bi ga \u0161titili. Iz nekog razloga &#8220;sve na\u0161e vruje&#8221; ipak nisu sve na\u0161e vruje.<\/p>\n\n\n\n<p>Ni sve otkrivene afere ne mogu iskupiti novinarstvo \u010dije domete odre\u0111uje interes kapitala. I to ne samo zbog \u0161utnje ili depolitizacije kao u pulskom slu\u010daju ve\u0107 i zbog sustavne depolitizacije publike koja bi u investicijskim potezima trebala prepoznati ugrozu javnog interesa.<\/p>\n","protected":false},"excerpt":{"rendered":"<p>Tijekom i netom nakon predizborne kampanje za zagreba\u010dke lokalne izbore predstavnici desnice \u017ealili su se na medijski tretman. I to ne na tretman njih samih u vode\u0107im medijima ve\u0107 na tretman Tomislava Toma\u0161evi\u0107a i platforme Mo\u017eemo!. I bili su u pravu: Toma\u0161evi\u0107 i platforma bili su svojevrsni ljubimci mejnstrim medija. S obzirom na &#8220;pristojan&#8221; nastup, [&hellip;]<\/p>\n","protected":false},"author":5,"featured_media":43008,"comment_status":"closed","ping_status":"closed","sticky":false,"template":"","format":"standard","meta":{"footnotes":""},"categories":[454],"tags":[1126,1705,28],"theme":[455],"country":[38],"articleformat":[205],"coauthors":[90],"class_list":["post-43006","post","type-post","status-publish","format-standard","has-post-thumbnail","hentry","category-naslovnica","tag-kapital","tag-lungomare","tag-mediji","theme-rad","country-hrvatska","articleformat-vijest"],"_links":{"self":[{"href":"https:\/\/www.bilten.org\/index.php?rest_route=\/wp\/v2\/posts\/43006","targetHints":{"allow":["GET"]}}],"collection":[{"href":"https:\/\/www.bilten.org\/index.php?rest_route=\/wp\/v2\/posts"}],"about":[{"href":"https:\/\/www.bilten.org\/index.php?rest_route=\/wp\/v2\/types\/post"}],"author":[{"embeddable":true,"href":"https:\/\/www.bilten.org\/index.php?rest_route=\/wp\/v2\/users\/5"}],"replies":[{"embeddable":true,"href":"https:\/\/www.bilten.org\/index.php?rest_route=%2Fwp%2Fv2%2Fcomments&post=43006"}],"version-history":[{"count":2,"href":"https:\/\/www.bilten.org\/index.php?rest_route=\/wp\/v2\/posts\/43006\/revisions"}],"predecessor-version":[{"id":43009,"href":"https:\/\/www.bilten.org\/index.php?rest_route=\/wp\/v2\/posts\/43006\/revisions\/43009"}],"wp:featuredmedia":[{"embeddable":true,"href":"https:\/\/www.bilten.org\/index.php?rest_route=\/wp\/v2\/media\/43008"}],"wp:attachment":[{"href":"https:\/\/www.bilten.org\/index.php?rest_route=%2Fwp%2Fv2%2Fmedia&parent=43006"}],"wp:term":[{"taxonomy":"category","embeddable":true,"href":"https:\/\/www.bilten.org\/index.php?rest_route=%2Fwp%2Fv2%2Fcategories&post=43006"},{"taxonomy":"post_tag","embeddable":true,"href":"https:\/\/www.bilten.org\/index.php?rest_route=%2Fwp%2Fv2%2Ftags&post=43006"},{"taxonomy":"theme","embeddable":true,"href":"https:\/\/www.bilten.org\/index.php?rest_route=%2Fwp%2Fv2%2Ftheme&post=43006"},{"taxonomy":"country","embeddable":true,"href":"https:\/\/www.bilten.org\/index.php?rest_route=%2Fwp%2Fv2%2Fcountry&post=43006"},{"taxonomy":"articleformat","embeddable":true,"href":"https:\/\/www.bilten.org\/index.php?rest_route=%2Fwp%2Fv2%2Farticleformat&post=43006"},{"taxonomy":"author","embeddable":true,"href":"https:\/\/www.bilten.org\/index.php?rest_route=%2Fwp%2Fv2%2Fcoauthors&post=43006"}],"curies":[{"name":"wp","href":"https:\/\/api.w.org\/{rel}","templated":true}]}}