{"id":42868,"date":"2022-09-20T07:00:00","date_gmt":"2022-09-20T06:00:00","guid":{"rendered":"https:\/\/www.bilten.org\/?p=42868"},"modified":"2022-09-22T11:38:36","modified_gmt":"2022-09-22T10:38:36","slug":"stvarna-kriza-simbolicke-geste","status":"publish","type":"post","link":"https:\/\/www.bilten.org\/?p=42868","title":{"rendered":"Stvarna kriza, simboli\u010dke geste"},"content":{"rendered":"\n<p>Dru\u0161tveno-politi\u010dka situacija u Albaniji pogor\u0161ava se na tjednoj bazi: kruh je duplo skuplji nego pro\u0161le godine, siroma\u0161tvo i nejednakosti rastu. Dok dr\u017eavom vladaju vladaju oligarsi, gangsteri i korumpirani politi\u010dari, jedini izlaz za brojne mlade Albance je emigracija.<\/p>\n\n\n\n<p>Dru\u0161tveno-politi\u010dka situacija u Albaniji pogor\u0161ava se na tjednoj bazi. Po\u010dnimo s ekonomijom: slu\u017ebena stopa godi\u0161nje inflacije u Albaniji je 8% (za razdoblje od kolovoza 2021 do kolovoza 2022), ali stvarni brojevi za ve\u0107inu stanovni\u0161tva daleko su gori. Cijene osnovnih potrep\u0161tina, od hrane do goriva, porasle su za 30-50% \u2013 na primjer, cijena kruha je u odnosu na pro\u0161lu godinu porasla za 50%. Ovi su brojevi vrlo zastra\u0161uju\u0107i ako se prisjetimo da je prosje\u010dna obitelj u Albaniji prije krize tro\u0161ila 41% prihoda na hranu. Da bi stvari bile jo\u0161 gore, ekonomska nejednakost sve je ve\u0107a. Na primjer, najbogatijih 3% vlasnika bankovnih depozita posjeduje vi\u0161e novaca od preostalih 97% deponenata zajedno.<\/p>\n\n\n\n<p>Jedan od tradicionalnih na\u010dina bijega od te\u0161kog siroma\u0161tva za Albance je emigracija. Tijekom prva dva desetlje\u0107a tranzicije, Albanci su emigrirali uglavnom u susjednu Gr\u010dku i Italiju, gdje su postajali dijelom radni\u010dkih klasa tih zemalja. U posljednjem desetlje\u0107u \u2013 posebno nakon ekonomskog sloma Gr\u010dke i kvazi-permanentne stagnacije talijanske ekonomije \u2013 Albanci se sve vi\u0161e odlu\u010duju za Njema\u010dku i Ujedinjeno Kraljevstvo. Ako je prva generacija emigranata bila selja\u010dkog i radni\u010dkog porijekla, trenutnu generaciju sve vi\u0161e \u010dine mladi stru\u010dnjaci (doktori, in\u017eenjeri, itd.), koji ne vide budu\u0107nost u perifernoj i slabo razvijenoj ekonomiji kojom neometano vladaju oligarsi, gangsteri i korumpirani politi\u010dari. Posljednjih tjedana engleski su tabloidi pokrenuli kampanju demonizacije mladih albanskih imigranata koje se stalno snima kako brodovima prelaze La Manche i prikazuje ih se kao potencijalne kriminalce ili dilere; namjerno zanemaruju\u0107i \u010dinjenicu da prevladavaju\u0107a ve\u0107ina mladih ljudi koji prelaze La Manche popunjava ni\u017ee slojeve britanske radni\u010dke klase te rade u gra\u0111evini ili praonicama automobila.<\/p>\n\n\n\n<h2 class=\"wp-block-heading\"><strong>Socijalizam niti kao simbol<\/strong><\/h2>\n\n\n\n<p>Na politi\u010dkoj fronti stvari se razvijaju prili\u010dno brzo i legitimitet politi\u010dkog sustava svakodnevno se uru\u0161ava. Korupcijski skandali u vladi \u2013 od skandala sa spaljivanjem otpada, zbog kojeg su zasad u zatvoru zavr\u0161ili biv\u0161i ministar i zastupnik Socijalisti\u010dke stranke u parlamentu, do sprege va\u017enih politi\u010dara i \u0161efova organiziranog kriminala \u2013 pokazuju pravo lice re\u017eima koji je izgubio doticaj s glavnim problemima ve\u0107ine naroda. No to nije problem legitimiteta vlade, ve\u0107 se radi o krizi legitimiteta \u010ditavog politi\u010dkog sustava. Posljednjih tjedana Specijalna anti-korupcijska struktura (SPAK, poseban ogranak dr\u017eavnog odvjetni\u0161tva) zapo\u010dela je kriminalnu istragu protiv Ilira Mete, biv\u0161eg predsjednika i vo\u0111e Stranke slobode, manje oporbene stranke, koji je optu\u017een za ilegalno financiranje izborne kampanje. Voditelj SPAK-a nedavno je izjavio da bi i Sali Berisha (biv\u0161i premijer i trenutni vo\u0111a Demokratske stranke) mogao biti pod istragom zbog optu\u017ebi za korupciju.<\/p>\n\n\n\n<p>Dok oporbene stranke tvrde da su te istrage dio kampanje progona oporbe i da imaju isti cilj kao vlade SAD-a i Ujedinjenog Kraljevstva koje su Saliju Berishi dodijelile status <em>non grata<\/em>, mnogi u Albaniji vjeruju da je glavni problem to \u0161to SPAK ne istra\u017euje \u010dlanove aktualne vlasti jednako rigorozno, ve\u0107 se njihove koruptivne aktivnosti toleriraju. S druge strane, vlada radi na politi\u010dkoj izolaciji trenutnih oporbenih stranaka koje su je optu\u017eile za autoritarnost. Socijalisti\u010dka partija razmi\u0161lja o zakonu o lustraciji, koji bi sprije\u010dio \u010dlanove Stranke rada (koja je vladala Albanijom od 1944. do 1991.) i agente\/dou\u0161nike tajne policije (<em>Sigurimi<\/em> tijekom birokratskog socijalizma) da dospiju na politi\u010dke funkcije. &nbsp;<\/p>\n\n\n\n<p>\u010cini se da je cilj sprije\u010diti Salija Berishu (srednje rangirani \u010dlan Stranke rada tijekom birokratskog socijalizma) i Ilira Metu (navodno dou\u0161nika <em>Sigurimija<\/em>) da budu izabrani na du\u017enost. Za dono\u0161enje ovog zakona Socijalisti\u010dkoj partiji je potrebna ustavna ve\u0107ina (dvije tre\u0107ine zastupnika u parlamentu). Kako bi dosegli ovaj prag potrebna im je potpora velikog broja parlamentarnih zastupnika Demokratske stranke (PD) koji su u sukobu sa sada\u0161njim \u010delnikom Salijem Berishom. Oni su prista\u0161e biv\u0161eg predsjednika PD-a Lulzima Bashe, kojeg su Sali Berisha i njegovi prista\u0161e smijenili s du\u017enosti u prvim mjesecima 2022.<\/p>\n\n\n\n<p>No kako bi dali podr\u0161ku Socijalisti\u010dkoj stranci u borbi protiv trenutnog zajedni\u010dkog neprijatelja (Sali Berisha), zastupnici Demokratske stranke tra\u017eili su u zamjenu dono\u0161enje zakona o de-komunistizaciji. Ovim bi zakonom postalo protuzakonito bilo kakvo javno isticanje \u201ckomunisti\u010dkih simbola&#8221;, odnosno crvene zvijezde i drugih simbola proiza\u0161lih iz antifa\u0161isti\u010dke borbe tijekom Drugog svjetskog rata. To bi zna\u010dilo i ru\u0161enje (ili barem simboli\u010dne izmjene) spomenika u \u010dast partizana. Ti parlamentarni zastupnici tako\u0111er tra\u017ee cenzuru kinematografske i druge umjetni\u010dke ostav\u0161tine socijalisti\u010dkog doba. Na primjer, televizije ne bi smjele emitirati filmove koji imaju komunisti\u010dke simbole ili brane komunisti\u010dku ideologiju ili socijalisti\u010dki re\u017eim. \u010cinjenica da bi Socijalisti\u010dka stranka, potomak &#8220;komunisti\u010dke\u201c Stranke rada, mogla pristati na to krajnji je znak njezinog politi\u010dkog oportunizma i potpunog otu\u0111enja \u010dak i od posljednjih simboli\u010dkih aspekata socijalizma, radni\u010dke klase i op\u0107enito emancipatornih pokreta iz povijesti.<\/p>\n\n\n\n<h2 class=\"wp-block-heading\"><strong>Od dr\u017eave ni\u0161ta<\/strong><\/h2>\n\n\n\n<p>Iako je vlada Edija Rame samopouzdanija u usporedbi s glavnim politi\u010dkim rivalima, potencijalni doga\u0111aji u bliskoj budu\u0107nosti nisu tako optimisti\u010dni za nju. Iako se \u010dini da su SPAK i druge pravosudne institucije puno vi\u0161e zaokupljene oporbenim strankama, u idu\u0107im mjesecima mogli bi se ja\u010de okomiti na va\u017ena lica iz vlade. Kru\u017ee glasine da bi predstavnici SAD-a i EU mogli izvr\u0161iti pritisak na SPAK da ozbiljnije istra\u017ei trenutnu vladu.<\/p>\n\n\n\n<p>Prethodno je prevladavalo mi\u0161ljenje da su Edi Rama i njegove glavne kohorte amnestiju kupili time \u0161to su prvi prihvatili reformu pravosu\u0111a koju guraju predstavnici SAD-a i EU, ali i time \u0161to su bili mnogo vi\u0161e podre\u0111eni zapadnim vladama i institucijama u usporedbi s Demokratskom strankom, \u010diji je rastu\u0107i ideolo\u0161ki konzervativizam izazvao sumnje u neku vrstu srodnosti s Rusijom ili drugim populisti\u010dkim desnim snagama u Europi. Dapa\u010de, ovih su dana ameri\u010dki du\u017enosnici izjavili da je 2017. Demokratska stranka primila izborne donacije iz ruskih izvora. No budu\u0107i da bi PD mogla biti politi\u010dki oslabljena u bliskoj budu\u0107nosti, Edi Rama i njegove kohorte mogli bi postati idu\u0107a meta istraga o korupciji, posebno ako \u0107e biti velikih prosvjeda koji \u0107e zahtijevati va\u017ene promjene u politi\u010dkom sustavu.<\/p>\n\n\n\n<p>Nasuprot tome, rastu\u0107a gospodarska kriza, za koju se o\u010dekuje da \u0107e sljede\u0107ih mjeseci biti pogor\u0161ana energetskom krizom, slabi poziciju Vlade. Ljudi su frustrirani i tra\u017ee \u201cne\u0161to novo\u201d u politici. U prosincu 2018. i o\u017eujku 2022. pojavili su se znakovi politi\u010dke vitalnosti od strane studenata i obi\u010dnih gra\u0111ana, nepovezanih s aktualnim politi\u010dkim strankama. Ako tijekom jeseni ili zime do\u0111e do novog prosvjednog vala, tada \u0107e na vladi biti neusporedivo ve\u0107i pritisak. Strahuju\u0107i od takvih doga\u0111aja, premijer Edi Rama povukao je neke poteze protiv jednog ili dva oligarha, posebno u vezi s ilegalnim gradnjama u Tirani i na obali Dra\u010da. No te su geste simboli\u010dke, a njihove mete selektivne. U perifernoj dr\u017eavi poput Albanije, dr\u017eavi nedostaje autonomije da bi se suprotstavila oligarsima i postala generalnim predstavnikom kapitala. Vladaju\u0107a birokracija je slabija od ekonomskih oligarha i previ\u0161e upletena u koruptivne poslove s njima da bi poku\u0161ala ne\u0161to vi\u0161e od simboli\u010dnih gesti.<\/p>\n\n\n\n<p>Stoga je jedina nada u obi\u010dnim ljudima, u eksploatiranim klasama i diskriminiranim slojevima, u gra\u0111anima koji su potpuno otu\u0111eni od trenutnog politi\u010dkog sustava: radnicima, studentima, penzionerima, malim trgovcima, nezadovoljnim intelektualcima.<\/p>\n","protected":false},"excerpt":{"rendered":"<p>Dru\u0161tveno-politi\u010dka situacija u Albaniji pogor\u0161ava se na tjednoj bazi: kruh je duplo skuplji nego pro\u0161le godine, siroma\u0161tvo i nejednakosti rastu. Dok dr\u017eavom vladaju vladaju oligarsi, gangsteri i korumpirani politi\u010dari, jedini izlaz za brojne mlade Albance je emigracija. Dru\u0161tveno-politi\u010dka situacija u Albaniji pogor\u0161ava se na tjednoj bazi. Po\u010dnimo s ekonomijom: slu\u017ebena stopa godi\u0161nje inflacije u Albaniji [&hellip;]<\/p>\n","protected":false},"author":9,"featured_media":42873,"comment_status":"closed","ping_status":"closed","sticky":false,"template":"","format":"standard","meta":{"footnotes":""},"categories":[454],"tags":[516,127,64,1072],"theme":[456],"country":[65],"articleformat":[450],"coauthors":[57],"class_list":["post-42868","post","type-post","status-publish","format-standard","has-post-thumbnail","hentry","category-naslovnica","tag-albanija","tag-korupcija","tag-kriza","tag-siromastvo","theme-politika","country-albanija","articleformat-tema"],"_links":{"self":[{"href":"https:\/\/www.bilten.org\/index.php?rest_route=\/wp\/v2\/posts\/42868","targetHints":{"allow":["GET"]}}],"collection":[{"href":"https:\/\/www.bilten.org\/index.php?rest_route=\/wp\/v2\/posts"}],"about":[{"href":"https:\/\/www.bilten.org\/index.php?rest_route=\/wp\/v2\/types\/post"}],"author":[{"embeddable":true,"href":"https:\/\/www.bilten.org\/index.php?rest_route=\/wp\/v2\/users\/9"}],"replies":[{"embeddable":true,"href":"https:\/\/www.bilten.org\/index.php?rest_route=%2Fwp%2Fv2%2Fcomments&post=42868"}],"version-history":[{"count":7,"href":"https:\/\/www.bilten.org\/index.php?rest_route=\/wp\/v2\/posts\/42868\/revisions"}],"predecessor-version":[{"id":42877,"href":"https:\/\/www.bilten.org\/index.php?rest_route=\/wp\/v2\/posts\/42868\/revisions\/42877"}],"wp:featuredmedia":[{"embeddable":true,"href":"https:\/\/www.bilten.org\/index.php?rest_route=\/wp\/v2\/media\/42873"}],"wp:attachment":[{"href":"https:\/\/www.bilten.org\/index.php?rest_route=%2Fwp%2Fv2%2Fmedia&parent=42868"}],"wp:term":[{"taxonomy":"category","embeddable":true,"href":"https:\/\/www.bilten.org\/index.php?rest_route=%2Fwp%2Fv2%2Fcategories&post=42868"},{"taxonomy":"post_tag","embeddable":true,"href":"https:\/\/www.bilten.org\/index.php?rest_route=%2Fwp%2Fv2%2Ftags&post=42868"},{"taxonomy":"theme","embeddable":true,"href":"https:\/\/www.bilten.org\/index.php?rest_route=%2Fwp%2Fv2%2Ftheme&post=42868"},{"taxonomy":"country","embeddable":true,"href":"https:\/\/www.bilten.org\/index.php?rest_route=%2Fwp%2Fv2%2Fcountry&post=42868"},{"taxonomy":"articleformat","embeddable":true,"href":"https:\/\/www.bilten.org\/index.php?rest_route=%2Fwp%2Fv2%2Farticleformat&post=42868"},{"taxonomy":"author","embeddable":true,"href":"https:\/\/www.bilten.org\/index.php?rest_route=%2Fwp%2Fv2%2Fcoauthors&post=42868"}],"curies":[{"name":"wp","href":"https:\/\/api.w.org\/{rel}","templated":true}]}}