{"id":42832,"date":"2022-09-14T08:20:00","date_gmt":"2022-09-14T07:20:00","guid":{"rendered":"https:\/\/www.bilten.org\/?p=42832"},"modified":"2022-09-15T10:17:13","modified_gmt":"2022-09-15T09:17:13","slug":"strah-od-svakog-udaha","status":"publish","type":"post","link":"https:\/\/www.bilten.org\/?p=42832","title":{"rendered":"Strah od svakog udaha"},"content":{"rendered":"\n<p>Premda se doslovno radi o pitanjima \u017eivota i smrti, kroni\u010dno zaga\u0111enje zraka u Bosni i Hercegovini nije tema predizbornih prepucavanja. Nebriga politike, podila\u017eenje investitorima i visoke cijene energenata prisiljavaju gra\u0111ane na individualna rje\u0161enja, a jedino &#8220;rje\u0161enje&#8221; koje se name\u0107e je ostanak u ku\u0107ama.<\/p>\n\n\n\n<p>Ve\u0107ina ku\u0107a u bli\u017eoj okolini \u017eeljezare u Zenici ima ba\u0161te i vrtove, ali je vo\u0107e i povr\u0107e prekriveno sivom pra\u0161inom. &#8220;Mi ne sadimo ni\u0161ta jer su nas upozorili da to nije zdravo&#8221;, ka\u017ee Fehim H., otac troje djece \u0161kolskog uzrasta. Iako su stanovnici naselja oko \u017eeljezare upozoreni da ne dr\u017ee koko\u0161ke, Fehim ipak to radi jer, kao i mnoge njegove kom\u0161ije koje imaju djecu, nemaju drugog izbora. Jaja na pijaci, kao i mnogi drugi prehrambeni proizvodi, su im preskupi. U porodici radi samo on, i zara\u0111uje minimalnu platu, dok supruga povremeno na\u0111e neki posli\u0107.<\/p>\n\n\n\n<p>Tek nekolicina ljudi u ovim naseljima je zaposlena, a nerijetko rade u prekarnim uslovima zara\u0111uju\u0107i tek minimum koji im ne dozvoljava da priu\u0161te djeci i sebi pristojan \u017eivot. Siroma\u0161tvo ih tjera da se u zimskim mjesecima griju drvenim ugljem koji kupuju od ljudi koji ga iskopavaju u nelagalnim rudnicima u okolini i koji je izuzetno lo\u0161eg kvaliteta.<\/p>\n\n\n\n<p>Oboljenja plu\u0107a, kancerogena i sr\u010dana oboljenja, svakodnevnica su u ovom gradu. Zimski period je najte\u017ei. Mje\u0161tani ka\u017eu da nekada danima ne mogu pustiti djecu da iza\u0111u iz ku\u0107a, \u010dak da idu \u0161kolu, nadaju\u0107i se da dok su u ku\u0107i bivaju manje izlo\u017eeni vazduhu koji doslovno ubija. Stariji ljudi ostaju zatvoreni nekada i sedmicama. Ipak, u svakoj ku\u0107i su vidljive naslage crne sitne pra\u0161ine koju je ljepljiva i, ka\u017eu nam, nemogu\u0107e ju je ukloniti.<\/p>\n\n\n\n<p>Prema rezultatima mjerenja kancerogenih materija u okolini departmana Koksara kompanije ArcelorMittal Zenica obavljenim ovog prolje\u0107a, satne koncentracije benzena su u prosjeku 18 puta ve\u0107e od ciljne vrijednosti za za\u0161titu zdravlja ljudi, <a href=\"https:\/\/abrasmedia.info\/kolicina-kancerogenih-materija-izmjerenih-u-blizini-amz-a-zenica-daleko-veca-od-prihvatljivih\/?fbclid=IwAR0nyCg0VdkDSiFJokk0IP6ktLNMa8m863724ZCCoLYSIL1pBABAfyLOCzM\" target=\"_blank\" rel=\"noreferrer noopener\">tvrde aktivisti Eko foruma Zenica<\/a>. Maksimalna koncentracija zabilje\u017eena u posljednjoj sedmici marta iznosila 1279 \u03bcg\/m3, a \u0161to je i 255 puta iznad ciljne vrijednosti.<\/p>\n\n\n\n<p>Rezultati mjerenja koja su vr\u0161ena u martu i aprilu ove godine, te analiza izvr\u0161enih naknadno, pokazale su alarmantne koli\u010dine kancerogenih materija u zraku. Na ovaj problem eko aktivisti iz Zenice upozoravaju godinama, ali do sada nema rezultata. Sada pozivaju gra\u0111ane da di\u017eu li\u010dnu parnice za nadoknadu \u0161tete protiv vlasnika \u017deljezare.<\/p>\n\n\n\n<h2 class=\"wp-block-heading\"><strong>Kisele ki\u0161e<\/strong><\/h2>\n\n\n\n<p>Zenica nije jedini grad u BiH u kojem se ljudi doslovno gu\u0161e i umiru zbog zaga\u0111enja zraka. Tuzla, naro\u010dito naselja oko Termoelektrane koja je najve\u0107i proizvo\u0111a\u010d elektri\u010dne energije u BiH, a za rad koristi ugalj, tako\u0111er se pla\u0161e disati.<\/p>\n\n\n\n<p>Aktivista Goran Stojak tvrdi da je na podru\u010dju naselja u neposrednoj blizini Termoelektrane, samo u 2020. godini od posljedica vezanih za zaga\u0111enje zraka umrlo 38 ljudi. &#8220;Ovdje nekad tek u podne svane, jer se ni\u0161ta ne vidi od smoga. Od pra\u0161ine se osjeti ljutina u grlu i peckanje o\u010diju. Padaju kisele ki\u0161e, po stanovnicima pada magla iz Termoelektrane&#8221;, <a href=\"https:\/\/www.slobodnaevropa.org\/a\/termoelektrane-bih-zagadjenje\/32009366.html\" target=\"_blank\" rel=\"noreferrer noopener\">tvrdi Stojak<\/a>.<\/p>\n\n\n\n<p>Human Rights Watch, organizacija \u010diji fokus je na ljudskim pravima, nedavno je iza\u0161la u javnost sa zabrinjavaju\u0107im informacijama o zaga\u0111enju zraka u BiH. Njihov izvje\u0161taj je publikovan prije vi\u0161e od mjesec dana no, kako ka\u017ee HRW istra\u017eiva\u010d Felix Horne, do sada nije bilo adekvatnih reakcija iz BiH. &#8220;HRW je pisao razli\u010ditim ministrima na razli\u010ditim nivoima u BiH, kompanijama koje proizvode struju, kantonalnim vlastima. Odgovorili su Elektroprivreda Republike Srpske, Ministarstvo rudarstva i enrgetike iz tog entiteta i kantonalne vlasti u Sarajevu. Generalno, priznali su da postoji problem sa zaga\u0111enjem&#8221;, ka\u017ee za Bilten Horne. HRW je svjestan da pojedine vlade, naro\u010dito u Tuzli, Banja Luci i Sarajevu, poduzimaju odre\u0111ene mjere, ali da su rezultati limitirani.<\/p>\n\n\n\n<p>Anes Podi\u0107, ispred Udru\u017eenja Eko akcija ka\u017ee da izostanak reakcije na ovaj, ali i brojne druge izvje\u0161taje koji upozoravaju na zaga\u0111enje, nije iznena\u0111enje, naro\u010dito u izbornoj godini. &#8220;Briga za ljude se u BiH ispoljava samo ako se na takav na\u010din mogu skupiti njihovi glasovi. Dok god izborima dominiraju pitanja navodno suprotstavljenih nacionalnih identiteta, rje\u0161avanje okoli\u0161nih problema ne\u0107e postati prioritet&#8221;, ka\u017ee Podi\u0107 za Bilten.<\/p>\n\n\n\n<h2 class=\"wp-block-heading\"><strong>Najzaga\u0111enija zemlja u Europi<\/strong><\/h2>\n\n\n\n<p>HRW tvrdi da su im sagovornici tokom istra\u017eivanja ukazali na strah od pove\u0107anja kancerogenih i oboljenja respiratornog sistema, te od kardiovaskularnih bolesti koje su prisutne i u nekoliko generacija kod vi\u0161e \u010dlanova porodica. Sve \u0161to gra\u0111ani mogu uraditi je da ograni\u010de kretanje u danima, nekada mjesecima, kada je zaga\u0111enje naro\u010dito poja\u010dano, ali to nije rje\u0161enje.<\/p>\n\n\n\n<p>Posljednji izvje\u0161taj, ali i niz drugih, pokazuju da su izvori zaga\u0111enja nerijetko projekti u kojima sudjeluju strani investitori koji se \u010desto ne pridr\u017eavaju pravila i zakona, \u0161to vlasti toleri\u0161u, kakav je slu\u010daj \u017deljezare u Zenici.<\/p>\n\n\n\n<p>&#8220;EU je podr\u017eala \u0161irenje upotrebe gasa i unutar EU i na zapadnom Balkanu, istovremeno govore\u0107i o potrebi rje\u0161avanja klimatske krize. Ne mogu to imati na oba na\u010dina. Pitanje snabdevanja gasom iz Rusije trebalo bi da podstakne hitno preispitivanje i trebalo bi da dovede do udvostru\u010davanja podr\u0161ke za brzu tranziciju na obnovljivu energiju, a ne povratka na sve ve\u0107u podr\u0161ku za vi\u0161e energije iz uglja&#8221;, upozorava Horne koji tvrdi da BiH ima dovoljno energetskog potencijala i da rje\u0161enja postoje.<\/p>\n\n\n\n<p>Kako u Tuzli i Zenici, od zaga\u0111enja zraka oboljevaju i stanovnici Sarajeva. Sva tri grada godinama se nalaze na listi najzaga\u0111enijih gradova u Europi, naro\u010dito u zimskim mjesecima, na \u0161to upozorava i Svjetska zdravstvena organizacija koja tvrdi da zbog visokog stepena zaga\u0111enosti, BiH ima 231 umrlu osobu na 100 hiljada stanovnika.<\/p>\n\n\n\n<p>Zima koja dolazi mogla bi biti jo\u0161 gora. Podi\u0107 upozorava kako ove godine ljudima u BiH problem ne\u0107e biti samo redovno zaga\u0111enje zraka ve\u0107 i hladni domovi. &#8220;Do\u0161lo je da enormnog poskupljenja svih energenata koja se koriste za grijanje u BiH. Skoro tri \u010detvrtine stanovnika BiH za grijanje koristi drvo, dok je sve ve\u0107a upotreba i drvnih peleta&#8221;, ka\u017ee Podi\u0107 dodaju\u0107i kako postoje\u0107e mjere zabrane izvoza ovih proizvoda nisu dovele do sni\u017eavanja cijena. Cijena metra drva za ogrijev u BiH trenutno prelazi 70 eura, dok je 10 kg pelata oko 5 eura. Istovremeno, najni\u017ea penzija je tek ne\u0161to malo vi\u0161e od 200 eura, koliko je i minimalna plata, dok je prosje\u010dna oko 500 eura.<\/p>\n\n\n\n<p>&#8220;Izvoznici su zabranu protuma\u010dili kao predizborni trik i nastavili da lageruju proizvode u o\u010dekivanju podizanja zabrane i nastavka unosnog izvoza. Dok drva za grijanje ima u izobilju i u bh. \u0161umama i na skladi\u0161tima privatnih kompanija, za doma\u0107instva drva ili nema ili su prinu\u0111ena da ih pla\u0107aju po visokim cijenama \u0161to \u0107e mnoga doma\u0107instva natjerati u hladno\u0107u i bolest&#8221;, zaklju\u010duje Podi\u0107.<\/p>\n\n\n\n<p>Zaga\u0111enje, ali ni ekonomija ili mjere kojima bi stanovni\u0161tvu olak\u0161ali te\u0161ku zimu koja dolazi, nisu predizborna tema, ni ove godine. Oni koji ostanu u BiH, iz koje stanovni\u0161tvo masovno odlazi, u strahu o\u010dekuju prve zimske dane.<\/p>\n","protected":false},"excerpt":{"rendered":"<p>Premda se doslovno radi o pitanjima \u017eivota i smrti, kroni\u010dno zaga\u0111enje zraka u Bosni i Hercegovini nije tema predizbornih prepucavanja. Nebriga politike, podila\u017eenje investitorima i visoke cijene energenata prisiljavaju gra\u0111ane na individualna rje\u0161enja, a jedino &#8220;rje\u0161enje&#8221; koje se name\u0107e je ostanak u ku\u0107ama. Ve\u0107ina ku\u0107a u bli\u017eoj okolini \u017eeljezare u Zenici ima ba\u0161te i vrtove, [&hellip;]<\/p>\n","protected":false},"author":5,"featured_media":42834,"comment_status":"closed","ping_status":"closed","sticky":false,"template":"","format":"standard","meta":{"footnotes":""},"categories":[454],"tags":[612,1297],"theme":[457],"country":[35],"articleformat":[450],"coauthors":[156],"class_list":["post-42832","post","type-post","status-publish","format-standard","has-post-thumbnail","hentry","category-naslovnica","tag-zagadenje","tag-zrak","theme-klima","country-bih","articleformat-tema"],"_links":{"self":[{"href":"https:\/\/www.bilten.org\/index.php?rest_route=\/wp\/v2\/posts\/42832","targetHints":{"allow":["GET"]}}],"collection":[{"href":"https:\/\/www.bilten.org\/index.php?rest_route=\/wp\/v2\/posts"}],"about":[{"href":"https:\/\/www.bilten.org\/index.php?rest_route=\/wp\/v2\/types\/post"}],"author":[{"embeddable":true,"href":"https:\/\/www.bilten.org\/index.php?rest_route=\/wp\/v2\/users\/5"}],"replies":[{"embeddable":true,"href":"https:\/\/www.bilten.org\/index.php?rest_route=%2Fwp%2Fv2%2Fcomments&post=42832"}],"version-history":[{"count":1,"href":"https:\/\/www.bilten.org\/index.php?rest_route=\/wp\/v2\/posts\/42832\/revisions"}],"predecessor-version":[{"id":42833,"href":"https:\/\/www.bilten.org\/index.php?rest_route=\/wp\/v2\/posts\/42832\/revisions\/42833"}],"wp:featuredmedia":[{"embeddable":true,"href":"https:\/\/www.bilten.org\/index.php?rest_route=\/wp\/v2\/media\/42834"}],"wp:attachment":[{"href":"https:\/\/www.bilten.org\/index.php?rest_route=%2Fwp%2Fv2%2Fmedia&parent=42832"}],"wp:term":[{"taxonomy":"category","embeddable":true,"href":"https:\/\/www.bilten.org\/index.php?rest_route=%2Fwp%2Fv2%2Fcategories&post=42832"},{"taxonomy":"post_tag","embeddable":true,"href":"https:\/\/www.bilten.org\/index.php?rest_route=%2Fwp%2Fv2%2Ftags&post=42832"},{"taxonomy":"theme","embeddable":true,"href":"https:\/\/www.bilten.org\/index.php?rest_route=%2Fwp%2Fv2%2Ftheme&post=42832"},{"taxonomy":"country","embeddable":true,"href":"https:\/\/www.bilten.org\/index.php?rest_route=%2Fwp%2Fv2%2Fcountry&post=42832"},{"taxonomy":"articleformat","embeddable":true,"href":"https:\/\/www.bilten.org\/index.php?rest_route=%2Fwp%2Fv2%2Farticleformat&post=42832"},{"taxonomy":"author","embeddable":true,"href":"https:\/\/www.bilten.org\/index.php?rest_route=%2Fwp%2Fv2%2Fcoauthors&post=42832"}],"curies":[{"name":"wp","href":"https:\/\/api.w.org\/{rel}","templated":true}]}}