{"id":42732,"date":"2022-09-02T08:00:00","date_gmt":"2022-09-02T07:00:00","guid":{"rendered":"https:\/\/www.bilten.org\/?p=42732"},"modified":"2022-09-02T08:27:10","modified_gmt":"2022-09-02T07:27:10","slug":"gradani-protiv-hotelcine","status":"publish","type":"post","link":"https:\/\/www.bilten.org\/?p=42732","title":{"rendered":"Gra\u0111ani protiv hotel\u010dine"},"content":{"rendered":"\n<p>Na sjednici pulskog parlamenta 30. kolovoza donesena je odluka o raspisivanju referenduma o mogu\u0107nosti gradnje hotela, turisti\u010dkih smje\u0161tajnih kapaciteta i stambeno-poslovnih gra\u0111evina na podru\u010dju \u0161etali\u0161ta Lungomare. Gra\u0111ani Pule \u0107e tako 9. listopada odlu\u010divati o izmjeni Generalnog urbanisti\u010dkog plana koja bi mogla zaustaviti izgradnju gigantskog hotela na <a rel=\"noreferrer noopener\" href=\"https:\/\/www.bilten.org\/?p=42098\" target=\"_blank\">\u0161etali\u0161tu<\/a> Lungomare, dijelu pulske obale. Iza plana za gradnju hotela stoji investitor Dragan \u0160olak koji posjeduje zemlji\u0161te uz gradski Lungomare za koji mu trenutni GUP omogu\u0107ava gradnju. Me\u0111utim, postoje osnovane sumnje da je prilikom pretvorbe pulske cementare &#8211; u kojoj su privatizirani i sportski tereni te veliko podru\u010dje \u0161etali\u0161ta Lungomare &#8211; do\u0161lo do brojnih nezakonitosti. Stru\u010dnjaci tvrde da se sportsko-rekreacijske zone nisu smjele privatizirati, ve\u0107 su sportski tereni trebali biti uknji\u017eeni na grad Pulu, dok su parcele ozna\u010dene kao \u0161uma ili pa\u0161njaci trebale biti upisane na dr\u017eavu. Zbog toga oporba, koju u Puli trenutno \u010dini samo Mo\u017eemo!, tra\u017ei reviziju pretvorbe.<\/p>\n\n\n\n<p>Podsjetimo, vladaju\u0107a koalicija Nezavisne liste Filipa Zori\u010di\u0107a, SDP-a i Mo\u017eemo! raspala se u o\u017eujku nakon \u0161to se Mo\u017eemo! usprotivio gradnji na tom podru\u010dju. Gradona\u010delnik je odbio raspisati referendum, a nakon toga je propao i poku\u0161aj da se skupi dovoljno potpisa vije\u0107nika Gradskog vije\u0107a i tako gra\u0111anima omogu\u0107i izlazak na referendum te je na sjednici u no\u0107i s 1. na 2. kolovoza smijenjena i predsjednica Gradskog vije\u0107a Du\u0161ica Radoj\u010di\u0107 iz Mo\u017eemo!. Tom prilikom sastavljena je \u0161irokopojasna antireferendumska koalicija koju \u010dine NLFZ, SDP, HDZ, predstavnik srpske nacionalne manjine Milan Ra\u0161ula te dva \u017eeton\u010di\u0107a (dotad u klubu s IDS-om). <\/p>\n\n\n\n<p>Gra\u0111ani su se pak u svibnju organizirali u Inicijativu gra\u0111ana Pule \u201c<a rel=\"noreferrer noopener\" href=\"https:\/\/www.zalungo.net\/\" target=\"_blank\">Referendum za Lungomare<\/a>\u201d i prikupili dovoljan broj potpisa (gotovo 13 tisu\u0107a), \u0161to samo po sebi predstavlja trijumf s obzirom da je u Hrvatskoj te\u017ee <a rel=\"noreferrer noopener\" href=\"https:\/\/www.gong.hr\/media\/uploads\/dokumenti\/AnalizareferendumauHrvatskojuodnosunaeuropskestandarde2.pdf\" target=\"_blank\">pokrenuti lokalni<\/a> nego dr\u017eavni referendum zbog nerealno kratkog roka za skupljanje potpisa (do 15 dana) i visokog broja potrebnih potpisa (20% bira\u010da). Gra\u0111ani okupljeni u Inicijativi susreli su se i s drugim <a rel=\"noreferrer noopener\" href=\"https:\/\/www.jutarnji.hr\/vijesti\/hrvatska\/inicijativa-referendum-za-lungomare-tvrdi-grad-pula-i-investitor-opstruiraju-prikupljanje-potpisa-15207035\" target=\"_blank\">preprekama<\/a>, poput uznemiravanja i prijetnji tu\u017ebama od strane investitora, kao i \u010dinjenice da im je Grad znatno naplatio kori\u0161tenje javnih povr\u0161ina za prikupljanje potpisa te odugovla\u010dio s izdavanjem dozvola za prikupljanje potpisa na novim lokacijama. <\/p>\n\n\n\n<p>Pulski referendum bit \u0107e drugi lokalni referendum u Hrvatskoj, ako ne ra\u010dunamo onaj neobvezuju\u0107i o izgradnji termoelektrane na ugljen 2015. u Plo\u010dama. Prvi lokalni referendum bio je onaj u Dubrovniku 2013., kada su gra\u0111ani glasali o izgradnji apartmanskog naselja uz golf na Sr\u0111u. Iako ih je 84% glasalo protiv izgradnje, referendum je propao zbog preniske izlaznosti (31,5%). Za referendume na lokalnoj razini, za razliku od onih na nacionalnoj, vrijedi uvjet da referendumu mora pristupiti ve\u0107ina (50%+1 glas) od ukupnog broja bira\u010da upisanih u popis bira\u010da op\u0107ine, grada i \u017eupanije u kojoj je raspisan referendum.<\/p>\n\n\n\n<p>Bez sumnje, u periodu do 9. listopada uslijedit \u0107e jo\u0161 istoga: <a rel=\"noreferrer noopener\" href=\"https:\/\/www.istra24.hr\/politika-i-drustvo\/zoran-kostic-iz-tvrtke-hotel-valkane-upozorava-ako-treba-idemo-na-medunarodnu-arbitrazu?fbclid=IwAR3W6KuuXQzGSDklaGc51QxKKUr5dV_sHIXEobbU_azyzr9IlwJlHIzKBL4\" target=\"_blank\">prijetnji<\/a> investitora, priloga i \u010dlanaka o izgradnji hotela <a rel=\"noreferrer noopener\" href=\"https:\/\/faktograf.hr\/2022\/03\/24\/n1-promovira-gradnju-hotela-u-puli-ali-ne-spominju-da-je-investitor-ujedno-i-osnivac-united-grupe\/\" target=\"_blank\">sponzoriranih<\/a> od samog investitora, <a rel=\"noreferrer noopener\" href=\"https:\/\/www.glasistre.hr\/kolumna\/mozemo-u-ime-pravde-konfiskacijom-oduzimamo-valkane-privatnom-vlasniku-814487\" target=\"_blank\">gnjusnih<\/a> napada na inicijativu gra\u0111ana poput onoga iz pera glavnog urednika Glasa Istre Roberta Franka, koji brani privatno vlasni\u0161tvo investitora kao svetinju, dok Mo\u017eemo! optu\u017euje da ga \u017eeli <a rel=\"noreferrer noopener\" href=\"https:\/\/www.youtube.com\/watch?v=9FYdaot2KDw\" target=\"_blank\">konfiscirati<\/a> i zadr\u017eati &#8220;javnu \u0161evaonicu\u201c na Lungomaru. Izdr\u017eimo!<\/p>\n","protected":false},"excerpt":{"rendered":"<p>Na sjednici pulskog parlamenta 30. kolovoza donesena je odluka o raspisivanju referenduma o mogu\u0107nosti gradnje hotela, turisti\u010dkih smje\u0161tajnih kapaciteta i stambeno-poslovnih gra\u0111evina na podru\u010dju \u0161etali\u0161ta Lungomare. Gra\u0111ani Pule \u0107e tako 9. listopada odlu\u010divati o izmjeni Generalnog urbanisti\u010dkog plana koja bi mogla zaustaviti izgradnju gigantskog hotela na \u0161etali\u0161tu Lungomare, dijelu pulske obale. Iza plana za gradnju [&hellip;]<\/p>\n","protected":false},"author":9,"featured_media":42737,"comment_status":"closed","ping_status":"closed","sticky":false,"template":"","format":"standard","meta":{"footnotes":""},"categories":[454],"tags":[1649,1065,1705,992,51,510],"theme":[456],"country":[38],"articleformat":[205],"coauthors":[241],"class_list":["post-42732","post","type-post","status-publish","format-standard","has-post-thumbnail","hentry","category-naslovnica","tag-filip-zoricic","tag-javno-dobro","tag-lungomare","tag-mozemo-2","tag-privatizacija","tag-pula","theme-politika","country-hrvatska","articleformat-vijest"],"_links":{"self":[{"href":"https:\/\/www.bilten.org\/index.php?rest_route=\/wp\/v2\/posts\/42732","targetHints":{"allow":["GET"]}}],"collection":[{"href":"https:\/\/www.bilten.org\/index.php?rest_route=\/wp\/v2\/posts"}],"about":[{"href":"https:\/\/www.bilten.org\/index.php?rest_route=\/wp\/v2\/types\/post"}],"author":[{"embeddable":true,"href":"https:\/\/www.bilten.org\/index.php?rest_route=\/wp\/v2\/users\/9"}],"replies":[{"embeddable":true,"href":"https:\/\/www.bilten.org\/index.php?rest_route=%2Fwp%2Fv2%2Fcomments&post=42732"}],"version-history":[{"count":8,"href":"https:\/\/www.bilten.org\/index.php?rest_route=\/wp\/v2\/posts\/42732\/revisions"}],"predecessor-version":[{"id":42743,"href":"https:\/\/www.bilten.org\/index.php?rest_route=\/wp\/v2\/posts\/42732\/revisions\/42743"}],"wp:featuredmedia":[{"embeddable":true,"href":"https:\/\/www.bilten.org\/index.php?rest_route=\/wp\/v2\/media\/42737"}],"wp:attachment":[{"href":"https:\/\/www.bilten.org\/index.php?rest_route=%2Fwp%2Fv2%2Fmedia&parent=42732"}],"wp:term":[{"taxonomy":"category","embeddable":true,"href":"https:\/\/www.bilten.org\/index.php?rest_route=%2Fwp%2Fv2%2Fcategories&post=42732"},{"taxonomy":"post_tag","embeddable":true,"href":"https:\/\/www.bilten.org\/index.php?rest_route=%2Fwp%2Fv2%2Ftags&post=42732"},{"taxonomy":"theme","embeddable":true,"href":"https:\/\/www.bilten.org\/index.php?rest_route=%2Fwp%2Fv2%2Ftheme&post=42732"},{"taxonomy":"country","embeddable":true,"href":"https:\/\/www.bilten.org\/index.php?rest_route=%2Fwp%2Fv2%2Fcountry&post=42732"},{"taxonomy":"articleformat","embeddable":true,"href":"https:\/\/www.bilten.org\/index.php?rest_route=%2Fwp%2Fv2%2Farticleformat&post=42732"},{"taxonomy":"author","embeddable":true,"href":"https:\/\/www.bilten.org\/index.php?rest_route=%2Fwp%2Fv2%2Fcoauthors&post=42732"}],"curies":[{"name":"wp","href":"https:\/\/api.w.org\/{rel}","templated":true}]}}