{"id":42483,"date":"2022-07-07T12:54:30","date_gmt":"2022-07-07T11:54:30","guid":{"rendered":"https:\/\/www.bilten.org\/?p=42483"},"modified":"2022-07-07T12:54:31","modified_gmt":"2022-07-07T11:54:31","slug":"nejednaki-oporavak","status":"publish","type":"post","link":"https:\/\/www.bilten.org\/?p=42483","title":{"rendered":"Nejednaki oporavak"},"content":{"rendered":"\n<p>Europska ekonomija se nakon lockdowna prema mnogim pokazateljima oporavila: proizvodnja je u nekim sektorima prema\u0161ila razinu prije izbijanja pandemije, a i nezaposlenost se vratila na pretkriznu razinu. Me\u0111utim, pandemija je produbila nejednakosti i siroma\u0161tvo izme\u0111u pojedinih \u010dlanica EU, ali i unutar njih, odnosno izme\u0111u pojedinih kategorija stanovni\u0161tva.<\/p>\n\n\n\n<p>Kao rezultat mjera za spre\u010davanje \u0161irenja virusa, ekonomska aktivnost u sektorima industrije, gra\u0111evinarstva, usluga i trgovine u EU do\u017eivjela je ogroman pad, \u0161to je bilo najizra\u017eenije u o\u017eujku i travnju 2020, da bi se ove godine u potpunosti oporavila ili \u010dak prema\u0161ila razinu od prije pandemije (velja\u010da 2020.) Za industriju je indeks proizvodnje bio na 105,5 bodova u velja\u010di 2020., da bi u travnju iste godine pao za 26,8%a, a od tada se vratio na razinu prije pandemije, blago je i prema\u0161iv\u0161i (+1,9%) u travnju 2022. Proizvodnja u sektoru gra\u0111evine smanjena je za 25% od velja\u010de do travnja 2020. U o\u017eujku 2021. gotovo je dosegnuta razina od prije pandemije, a nove brojke za travanj 2022. pokazuju pove\u0107anje od 1,8% u usporedbi sa stanjem prije pandemije. Sli\u010dna je situacija i u uslu\u017enom sektoru i trgovini \u2013 izme\u0111u velja\u010de i travnja proizvodnja je pala za 16-20%, da bi se po\u010detkom 2022. oporavila i prema\u0161ila razinu prije izbijanja pandemije (u slu\u010daju uslu\u017enog sektora, za \u010dak 7,8%).<\/p>\n\n\n\n<p>Razina nezaposlenosti je u tom razdoblju imala sli\u010dnu putanju, ali s manje intenzivnim promjenama zahvaljuju\u0107i mjerama o\u010duvanja radnih mjesta koje su ubla\u017eile negativne posljedice pandemije. Nezaposlenost se u EU u svibnju 2021. pove\u0107ala na 7,3%, dok je u istom mjesecu prethodne predpandemijske godine iznosila 6,7%, a prema <a href=\"https:\/\/ec.europa.eu\/eurostat\/documents\/2995521\/14644611\/3-30062022-AP-EN.pdf\/25600168-6872-9590-d521-6cc783a7ccf2?t=1656526799665\" target=\"_blank\" rel=\"noreferrer noopener\">posljednjim podacima<\/a> za svibanj 2022., nezaposlenost u EU iznosi 6,1%. Me\u0111utim, kao \u0161to smo vi\u0161e puta pisali, neke kategorije radnika\/ica nerazmjerno su te\u017ee pogo\u0111ene nezaposleno\u0161\u0107u zbog pandemije, prvenstveno radnici koji rade putem privremenih ugovora o radu ili u drugim nestandardnim oblicima rada koji nisu za\u0161ti\u0107eni mjerama za o\u010duvanje radnih mjesta. Iz tog razloga su od posljedica lockdowna najvi\u0161e nastradali mladi i&nbsp;<a href=\"https:\/\/www.bilten.org\/?p=38321\" target=\"_blank\" rel=\"noreferrer noopener\">imigrantski<\/a>&nbsp;radnici koji su ve\u0107inom zaposleni putem takvih ugovora. U travnju 2021. 2.939 milijuna mladih u EU u dobi do 25 godina bilo je nezaposleno, a stopa nezaposlenosti za tu skupinu iznosila je 17,1%, dok se u svibnju ove godine spustila na 13,3%. Hrvatska je u svibnju 2021. bila \u0161esta dr\u017eava EU s najve\u0107om stopom nezaposlenosti mladih, sa stopom od 22,3%. Do o\u017eujka ove godine nezaposlenost mladih u Hrvatskoj se spustila na (i dalje visokih) 16%.<\/p>\n\n\n\n<p>Budu\u0107i da su mjere o\u010duvanja radnih mjesta u velikoj mjeri uspjele sprije\u010diti masovnu nezaposlenost, <a href=\"https:\/\/www.bilten.org\/?p=37922\" target=\"_blank\" rel=\"noreferrer noopener\">uvid<\/a> u ekonomske u\u010dinke pandemije dali su podaci o pove\u0107anju broja ekonomski <a href=\"https:\/\/www.bilten.org\/?p=34745\" target=\"_blank\" rel=\"noreferrer noopener\">neaktivnog<\/a> stanovni\u0161tva. Broj neaktivnih u dobi od 25 do 54 godine (kategorija u kojoj se uglavnom nalaze osobe koje su iza\u0161le iz obrazovnog sustava i nisu u mirovini) u EU porastao je nakon izbijanja pandemije i u 2020. dosegao \u010dak 15,5%. Rodne razlike su vrlo izra\u017eene, pa je tako prema posljednjim podacima \u010dak 19,4% \u017eena i 9,1% mu\u0161karaca u toj dobnoj skupini krajem 2021. bilo ekonomski neaktivno, pri \u010demu je kod \u017eena briga o djeci i starijima daleko \u010de\u0161\u0107e razlog neaktivnosti nego kod mu\u0161karaca. Iako se postotak ekonomski neaktivnih, kao i postotak nezaposlenih, otprilike vratio na razinu od prije pandemije, neka istra\u017eivanja pokazuju da \u010dak i privremena neaktivnost smanjuje prihode i mogu\u0107nost kasnijeg zapo\u0161ljavanja godinama kasnije, pa procjenu utjecaja pandemijske neaktivnosti treba pri\u010dekati.<\/p>\n\n\n\n<p>Pandemijske godine tako\u0111er su pove\u0107ale siroma\u0161tvo i socijalnu isklju\u010denost, pa je tako 21,8% odraslih i 24,4% <a rel=\"noreferrer noopener\" href=\"https:\/\/www.bilten.org\/?p=40041\" target=\"_blank\">djece<\/a> u 2020. \u017eivjelo ispod linije siroma\u0161tva, a porastao je i broj ljudi koji ne mogu nikamo otputovati na godi\u0161nji <a rel=\"noreferrer noopener\" href=\"https:\/\/www.bilten.org\/?p=39199\" target=\"_blank\">odmor<\/a>, ne mogu si priu\u0161titi <a rel=\"noreferrer noopener\" href=\"https:\/\/www.bilten.org\/?p=39605\" target=\"_blank\">grijanje<\/a> u zimskim mjesecima ili kvalitetnu ishranu. Noviji podaci za usporedbu zasad nisu dostupni, ali Eurostat je pokrenuo kvartalno <a rel=\"noreferrer noopener\" href=\"https:\/\/ec.europa.eu\/eurostat\/statistics-explained\/index.php?title=Living_conditions_-_quarterly_statistics&amp;stable=0#Ability_to_make_ends_meet\" target=\"_blank\">prikupljanje<\/a> podataka o utjecaju pandemije na \u017eivotni standard u kojem je zasad sudjelovalo sedam dr\u017eava \u010dlanica (Bugarska, Finska, Austrija, Slovenija, Irska, Francuska, Belgija).<\/p>\n\n\n\n<div class=\"wp-block-image\"><figure class=\"aligncenter size-large is-resized\"><a href=\"https:\/\/www.bilten.org\/wp-content\/uploads\/2022\/07\/Ability-to-make-ends-meet-01.png\"><img loading=\"lazy\" decoding=\"async\" src=\"https:\/\/www.bilten.org\/wp-content\/uploads\/2022\/07\/Ability-to-make-ends-meet-01-1024x1024.png\" alt=\"\" class=\"wp-image-42486\" width=\"812\" height=\"812\" srcset=\"https:\/\/www.bilten.org\/wp-content\/uploads\/2022\/07\/Ability-to-make-ends-meet-01-1024x1024.png 1024w, https:\/\/www.bilten.org\/wp-content\/uploads\/2022\/07\/Ability-to-make-ends-meet-01-300x300.png 300w, https:\/\/www.bilten.org\/wp-content\/uploads\/2022\/07\/Ability-to-make-ends-meet-01-150x150.png 150w, https:\/\/www.bilten.org\/wp-content\/uploads\/2022\/07\/Ability-to-make-ends-meet-01-768x768.png 768w, https:\/\/www.bilten.org\/wp-content\/uploads\/2022\/07\/Ability-to-make-ends-meet-01.png 1080w\" sizes=\"auto, (max-width: 812px) 100vw, 812px\" \/><\/a><\/figure><\/div>\n\n\n\n<p>Rezultati, koji prikazuju podatke za zadnji kvartal 2021., upu\u0107uju na vrlo nejednak obrazac oporavka od krize: dok je npr. u Austriji 33,% stanovni\u0161tva u posljednjih 12 mjeseci izgubilo dio prihoda, u Bugarskoj je taj postotak puno ni\u017ei (9,8%), ali Bugarska tako\u0111er ima i najvi\u0161i postotak ljudi koji te\u0161ko spajaju kraj s krajem (37%, vidi sliku iznad). U ve\u0107ini zemalja koje su sudjelovale u istra\u017eivanju postotak stanovni\u0161tva s pove\u0107anjem prihoda bio je ve\u0107i od postotka stanovni\u0161tva s padom prihoda, ali u Austriji i Sloveniji situacija je suprotna: u Austriji je 35,5% a u Sloveniji 16,8% ispitanika prijavilo smanjenje prihoda, dok je 16,6% odnosno 15,4% prijavilo pove\u0107anje.<\/p>\n","protected":false},"excerpt":{"rendered":"<p>Europska ekonomija se nakon lockdowna prema mnogim pokazateljima oporavila: proizvodnja je u nekim sektorima prema\u0161ila razinu prije izbijanja pandemije, a i nezaposlenost se vratila na pretkriznu razinu. Me\u0111utim, pandemija je produbila nejednakosti i siroma\u0161tvo izme\u0111u pojedinih \u010dlanica EU, ali i unutar njih, odnosno izme\u0111u pojedinih kategorija stanovni\u0161tva. Kao rezultat mjera za spre\u010davanje \u0161irenja virusa, ekonomska [&hellip;]<\/p>\n","protected":false},"author":9,"featured_media":42491,"comment_status":"closed","ping_status":"closed","sticky":false,"template":"","format":"standard","meta":{"footnotes":""},"categories":[454],"tags":[652,680,884,1072],"theme":[458,455],"country":[495,38],"articleformat":[205],"coauthors":[241],"class_list":["post-42483","post","type-post","status-publish","format-standard","has-post-thumbnail","hentry","category-naslovnica","tag-nezaposlenost","tag-nezaposlenost-mladih","tag-pandemija","tag-siromastvo","theme-drustvo","theme-rad","country-europska-unija","country-hrvatska","articleformat-vijest"],"_links":{"self":[{"href":"https:\/\/www.bilten.org\/index.php?rest_route=\/wp\/v2\/posts\/42483","targetHints":{"allow":["GET"]}}],"collection":[{"href":"https:\/\/www.bilten.org\/index.php?rest_route=\/wp\/v2\/posts"}],"about":[{"href":"https:\/\/www.bilten.org\/index.php?rest_route=\/wp\/v2\/types\/post"}],"author":[{"embeddable":true,"href":"https:\/\/www.bilten.org\/index.php?rest_route=\/wp\/v2\/users\/9"}],"replies":[{"embeddable":true,"href":"https:\/\/www.bilten.org\/index.php?rest_route=%2Fwp%2Fv2%2Fcomments&post=42483"}],"version-history":[{"count":6,"href":"https:\/\/www.bilten.org\/index.php?rest_route=\/wp\/v2\/posts\/42483\/revisions"}],"predecessor-version":[{"id":42490,"href":"https:\/\/www.bilten.org\/index.php?rest_route=\/wp\/v2\/posts\/42483\/revisions\/42490"}],"wp:featuredmedia":[{"embeddable":true,"href":"https:\/\/www.bilten.org\/index.php?rest_route=\/wp\/v2\/media\/42491"}],"wp:attachment":[{"href":"https:\/\/www.bilten.org\/index.php?rest_route=%2Fwp%2Fv2%2Fmedia&parent=42483"}],"wp:term":[{"taxonomy":"category","embeddable":true,"href":"https:\/\/www.bilten.org\/index.php?rest_route=%2Fwp%2Fv2%2Fcategories&post=42483"},{"taxonomy":"post_tag","embeddable":true,"href":"https:\/\/www.bilten.org\/index.php?rest_route=%2Fwp%2Fv2%2Ftags&post=42483"},{"taxonomy":"theme","embeddable":true,"href":"https:\/\/www.bilten.org\/index.php?rest_route=%2Fwp%2Fv2%2Ftheme&post=42483"},{"taxonomy":"country","embeddable":true,"href":"https:\/\/www.bilten.org\/index.php?rest_route=%2Fwp%2Fv2%2Fcountry&post=42483"},{"taxonomy":"articleformat","embeddable":true,"href":"https:\/\/www.bilten.org\/index.php?rest_route=%2Fwp%2Fv2%2Farticleformat&post=42483"},{"taxonomy":"author","embeddable":true,"href":"https:\/\/www.bilten.org\/index.php?rest_route=%2Fwp%2Fv2%2Fcoauthors&post=42483"}],"curies":[{"name":"wp","href":"https:\/\/api.w.org\/{rel}","templated":true}]}}