{"id":42449,"date":"2022-07-01T13:14:01","date_gmt":"2022-07-01T12:14:01","guid":{"rendered":"https:\/\/www.bilten.org\/?p=42449"},"modified":"2022-07-01T13:22:40","modified_gmt":"2022-07-01T12:22:40","slug":"pravosudnim-aktivizmom-protiv-demokracije","status":"publish","type":"post","link":"https:\/\/www.bilten.org\/?p=42449","title":{"rendered":"Pravosudnim aktivizmom protiv demokracije"},"content":{"rendered":"\n<p>Milijuni \u017eena u SAD-u uskoro \u0107e ostati bez pristupa abortusu zbog odluke Vrhovnog suda o ukidanju ustavne za\u0161tite za prekid trudno\u0107e koju je uspostavio slu\u010daj Roe protiv Wadea prije pedeset godina. Taj je potez prebacio mo\u0107 odlu\u010divanja o abortusu na pojedine dr\u017eave, od kojih je <a rel=\"noreferrer noopener\" href=\"https:\/\/www.guttmacher.org\/article\/2021\/10\/26-states-are-certain-or-likely-ban-abortion-without-roe-heres-which-ones-and-why\" target=\"_blank\">izgledno<\/a> da \u0107e polovica ograni\u010diti pristup abortusu ili ga potpuno ukinuti. Brojni europski \u010delnici su osudili odluku ameri\u010dkog Vrhovnog suda, iako abortus nije dostupan u svim dr\u017eavama Europske unije: Malta ima potpunu zabranu abortusa, a Poljska je 2020. jedan od ionako najstro\u017eih europskih zakona pretvorila u gotovo potpunu zabranu abortusa zbog koje je ve\u0107 do\u0161lo do nekoliko <a rel=\"noreferrer noopener\" href=\"https:\/\/www.bilten.org\/?p=40171\" target=\"_blank\">tragi\u010dnih slu\u010dajeva<\/a> smrti \u017eena kojima se medicinsko osoblje u strahu od novouvedenih zatvorskih kazni ustru\u010davalo spasiti \u017eivot.<\/p>\n\n\n\n<p>I u ameri\u010dkom i u poljskom slu\u010daju te odluke nije donijela demokratska ve\u0107ina, ve\u0107 sudovi. Kako <a rel=\"noreferrer noopener\" href=\"https:\/\/www.theguardian.com\/world\/commentisfree\/2022\/jun\/29\/europeans-pro-choice-womens-rights-roe-v-wade-us-poland\" target=\"_blank\">obja\u0161njava<\/a> politologinja Anna Grzymala-Busse, poni\u0161tenje odluke u slu\u010daju Roe protiv Wadea predstavlja kulminaciju dugogodi\u0161njih <a rel=\"noreferrer noopener\" href=\"https:\/\/www.npr.org\/2022\/06\/21\/1106363363\/meet-the-man-who-helped-build-the-court-that-may-overturn-roe\" target=\"_blank\">napora<\/a> ameri\u010dkih aktivista da postave vi\u0161e konzervativnih sudaca u Vrhovni sud. Promjena zakona o poba\u010daju u Poljskoj tako\u0111er je uvedena odlukom suda, unato\u010d tome \u0161to ve\u0107ina Poljaka\/inja podr\u017eava pravo na poba\u010daj. Konzervativna vladaju\u0107a stranka Pravo i pravda 2016. je poku\u0161ala uvesti taj zakon, ali se povukla zbog masovnih prosvjeda. Umjesto toga se <a rel=\"noreferrer noopener\" href=\"https:\/\/www.washingtonpost.com\/news\/monkey-cage\/wp\/2018\/07\/10\/poland-may-be-forcibly-retiring-dozens-of-supreme-court-justices\/\" target=\"_blank\">poslu\u017eila<\/a> sli\u010dnom taktikom kao u SAD-u: provela je &#8220;reformu&#8221; Vrhovnog suda, otpustila 27 sudaca i sutkinja i napunila sud svojim istomi\u0161ljenicima koji su 2020. donijeli novi zakon prema kojem je abortus dozvoljen samo u slu\u010daju silovanja i incesta.<\/p>\n\n\n\n<p>Ovaj &#8220;pravosudni aktivizam\u201c, kako ga naziva Grzymala-Busse, nije slu\u010dajan. Demokratska ve\u0107ina u ve\u0107ini dr\u017eava podr\u017eava pravo na abortus: prema novijim anketnim ispitivanjima, u SAD-u 60% stanovni\u0161tva smatra da bi abortus trebao biti legalan u ve\u0107ini slu\u010dajeva, a u istra\u017eivanju iz 2020. godine <a rel=\"noreferrer noopener\" href=\"https:\/\/oko.press\/66-proc-za-prawem-do-aborcji\/\" target=\"_blank\">66% Poljaka<\/a> izjavilo je da bi u prvom trimestru abortus trebao biti legalan. Samo jedan od deset Poljaka\/inja podr\u017eava promjenu zakona o abortusu koju je uveo Vrhovni sud 2020. Generalno mla\u0111i ispitanici ne\u0161to vi\u0161e podr\u017eavaju pravo na abortus od starijih, a pribli\u017eno isti postotak mu\u0161karaca i \u017eena podr\u017eava pravo na abortus. \u010cak i religijska uvjerenja imaju manju ulogu u utjecaju na stav o abortusu nego \u0161to bi se o\u010dekivalo. Brojni slu\u010dajevi referenduma po pitanju prava na abortus doveli su do \u0161irenja pristupa abortusu, poput referenduma u Irskoj 2018., San Marinu i Gibraltaru 2021. Budu\u0107i da demokratski procesi u pravilu dovode do pro\u0161irenja prava na abortus, konzervativci se okre\u0107u nezavisnim sudovima koji ne trebaju podr\u0161ku ve\u0107ine da bi donijeli zakone koji ograni\u010davaju ili ukidaju to pravo, zaklju\u010duje Grzymala-Busse.<\/p>\n\n\n\n<p>Me\u0111utim, europske ekstremno desne organizacije <a rel=\"noreferrer noopener\" href=\"https:\/\/www.bilten.org\/?p=42193\" target=\"_blank\">umre\u017eene<\/a> sa ciljem da ograni\u010de i ukinu pravo na abortus pored &#8220;pravosudnog aktivizma\u201c imaju i druge taktike. Kako je izvijestio Neil Datta, tajnik Europskog parlamentarnog foruma za seksualna i reproduktivna prava koji prou\u010dava njihovo djelovanje, ta mre\u017ea poku\u0161ava kopirati ameri\u010dki primjer i postaviti istomi\u0161ljenike na visoke funkcije u pravosu\u0111u i politici i vjeruje se da ona stoji iza &#8220;uspjeha\u201c poljske vlade u dodatnom ograni\u010davanju prava na abortus. No pored toga, mre\u017ea stoji i iza sve \u010de\u0161\u0107ih priziva savjesti i uvo\u0111enja &#8220;obaveznih savjetovanja\u201c kao uvjeta za obavljanje abortusa, za \u0161to je dobar primjer Italija. Otkako je 2019. mre\u017ea dobila upori\u0161te u Italiji kroz Svjetski kongres obitelji, u mnogim regijama kojima upravljaju konzervativne stranke poput Lige i Bra\u0107a Italije uvedene su mjere koje ograni\u010davaju pravo na abortus. \u201cZnamo da je \u0161ira strategija mre\u017ee glede abortusa prvo sprije\u010diti, zatim ograni\u010diti pa zabraniti. Ono \u0161to sada vidimo u Ma\u0111arskoj i dr\u017eavama poput Italije su poku\u0161aji da se sprije\u010di samo izvo\u0111enje abortusa, kroz priziv savjesti i odgovaranje \u017eena od abortusa\u201d, rekao je Neil Datta, koji je otkrio i da je mre\u017ea blisko povezana s bogatim konzervativnim donatorima.<\/p>\n\n\n\n<p>Iako su brojni \u010delnici europskih dr\u017eava nakon vijesti o poni\u0161tavanju slu\u010daja Roe protiv Wadea javno izrazili osudu, bit \u0107e potrebno puno vi\u0161e od toga da bi se zaustavili organizirani napadi na pravo abortus. Jedan od mogu\u0107ih primjera je uvo\u0111enje zatvorskih kazni za &#8220;<a rel=\"noreferrer noopener\" href=\"https:\/\/www.bilten.org\/?p=41098\" target=\"_blank\">molitelje<\/a>&#8221; ispred klinika za abortuse koji uznemiravaju \u017eene.<\/p>\n","protected":false},"excerpt":{"rendered":"<p>Milijuni \u017eena u SAD-u uskoro \u0107e ostati bez pristupa abortusu zbog odluke Vrhovnog suda o ukidanju ustavne za\u0161tite za prekid trudno\u0107e koju je uspostavio slu\u010daj Roe protiv Wadea prije pedeset godina. Taj je potez prebacio mo\u0107 odlu\u010divanja o abortusu na pojedine dr\u017eave, od kojih je izgledno da \u0107e polovica ograni\u010diti pristup abortusu ili ga potpuno [&hellip;]<\/p>\n","protected":false},"author":9,"featured_media":42452,"comment_status":"closed","ping_status":"closed","sticky":false,"template":"","format":"standard","meta":{"footnotes":""},"categories":[454],"tags":[551,275,552,1605],"theme":[456],"country":[495,967],"articleformat":[205],"coauthors":[241],"class_list":["post-42449","post","type-post","status-publish","format-standard","has-post-thumbnail","hentry","category-naslovnica","tag-abortus","tag-ekstremna-desnica","tag-pobacaj","tag-pravo-na-pobacaj","theme-politika","country-europska-unija","country-sad","articleformat-vijest"],"_links":{"self":[{"href":"https:\/\/www.bilten.org\/index.php?rest_route=\/wp\/v2\/posts\/42449","targetHints":{"allow":["GET"]}}],"collection":[{"href":"https:\/\/www.bilten.org\/index.php?rest_route=\/wp\/v2\/posts"}],"about":[{"href":"https:\/\/www.bilten.org\/index.php?rest_route=\/wp\/v2\/types\/post"}],"author":[{"embeddable":true,"href":"https:\/\/www.bilten.org\/index.php?rest_route=\/wp\/v2\/users\/9"}],"replies":[{"embeddable":true,"href":"https:\/\/www.bilten.org\/index.php?rest_route=%2Fwp%2Fv2%2Fcomments&post=42449"}],"version-history":[{"count":4,"href":"https:\/\/www.bilten.org\/index.php?rest_route=\/wp\/v2\/posts\/42449\/revisions"}],"predecessor-version":[{"id":42454,"href":"https:\/\/www.bilten.org\/index.php?rest_route=\/wp\/v2\/posts\/42449\/revisions\/42454"}],"wp:featuredmedia":[{"embeddable":true,"href":"https:\/\/www.bilten.org\/index.php?rest_route=\/wp\/v2\/media\/42452"}],"wp:attachment":[{"href":"https:\/\/www.bilten.org\/index.php?rest_route=%2Fwp%2Fv2%2Fmedia&parent=42449"}],"wp:term":[{"taxonomy":"category","embeddable":true,"href":"https:\/\/www.bilten.org\/index.php?rest_route=%2Fwp%2Fv2%2Fcategories&post=42449"},{"taxonomy":"post_tag","embeddable":true,"href":"https:\/\/www.bilten.org\/index.php?rest_route=%2Fwp%2Fv2%2Ftags&post=42449"},{"taxonomy":"theme","embeddable":true,"href":"https:\/\/www.bilten.org\/index.php?rest_route=%2Fwp%2Fv2%2Ftheme&post=42449"},{"taxonomy":"country","embeddable":true,"href":"https:\/\/www.bilten.org\/index.php?rest_route=%2Fwp%2Fv2%2Fcountry&post=42449"},{"taxonomy":"articleformat","embeddable":true,"href":"https:\/\/www.bilten.org\/index.php?rest_route=%2Fwp%2Fv2%2Farticleformat&post=42449"},{"taxonomy":"author","embeddable":true,"href":"https:\/\/www.bilten.org\/index.php?rest_route=%2Fwp%2Fv2%2Fcoauthors&post=42449"}],"curies":[{"name":"wp","href":"https:\/\/api.w.org\/{rel}","templated":true}]}}