{"id":42337,"date":"2022-06-23T02:00:00","date_gmt":"2022-06-23T01:00:00","guid":{"rendered":"https:\/\/www.bilten.org\/?p=42337"},"modified":"2022-06-24T11:00:47","modified_gmt":"2022-06-24T10:00:47","slug":"price-iz-davnina-mpendzi-na-sokaku","status":"publish","type":"post","link":"https:\/\/www.bilten.org\/?p=42337","title":{"rendered":"Pri\u010de iz davnina: Mpendzi na sokaku"},"content":{"rendered":"\n<p>Nakon \u0161to je istra\u017eila medijski rad stranih studenata u Jugoslaviji, u nastavku &#8220;Pri\u010da iz davnine&#8221; Ivana Peri\u0107 zavirila je u fenomen recepcije muzike s afri\u010dkog kontinenta za vrijeme Jugoslavije i afri\u010dkim muzi\u010darima koji su na ovim prostorima stvarali u tom periodu. Poslu\u0161ajte kako su obradili jugoslavenske klasike i uglazbili tekstove na\u0161ih pjesnika! <\/p>\n\n\n\n<p>Za Srebrna krila \u010duli su svi koji jugoslavensku muziku iole poznaju, ali malo tko je imao prilike \u010duti (za) Zelena krila. Godina je 1981., libijska ambasada u Jugoslaviji izdaje plo\u010du grupe The Green Wings. Naziv plo\u010de &#8220;D\u017eamahirija&#8221;. Uz pjesme na arapskom, tu su i pjesme na srpsko-hrvatskom, me\u0111u njima i obrade doma\u0107ih klasika. Na A strani &#8220;Vrati se, la\u0111o moja&#8221;, &#8220;Al Fatah&#8221;, &#8220;Prva d\u017eamahirija&#8221;, &#8220;Druga d\u017eamahirija&#8221;. Na B strani &#8220;Mare&#8221;, &#8220;Moj dilbere, kud se \u0161e\u0107e\u0161&#8221;, &#8220;Bent Al Mhamid&#8221;, &#8220;\u0160uf el dunja&#8221;, &#8220;Ja markabi&#8221;. U bendu pjevaju studenti iz Libije, koji su u Jugoslaviju do\u0161li na studentsku razmjenu. Na albumu &#8220;D\u017eamahirija&#8221; Gadafi je bo\u017eanstvo, Zelena knjiga Biblija, a obe\u0107ana zemlja svenarodna republika. U <a rel=\"noreferrer noopener\" href=\"https:\/\/www.youtube.com\/watch?v=S9QESzVnGIg\" target=\"_blank\">&#8220;Vrati se, la\u0111o moja<\/a>&#8220;, jedinoj pjesmi trenutno dostupnoj na YouTubeu, veli: \u201cPreplovimo na\u0161om la\u0111om do obale slobode i mira, do obale Sjeverne Afrike, da bi nas zagrlila \u0161irokogrudna i prostorna Sahara, gdje \u017eivi najprincipijalniji narod svijeta (&#8230;) Njihova orijentacija je demokracija, narod sam sobom vlada, nema sistema dr\u017eave niti despotskog dr\u017eavnika&#8221;. S Petrom Mati\u0107 nedavno smo na Biltenu <a rel=\"noreferrer noopener\" href=\"https:\/\/www.bilten.org\/?p=41718\" target=\"_blank\">razgovarali <\/a>o \u010dasopisu Solidarnost i medijskom radu stranih studenata i studentica u Jugoslaviji, a ovim \u0107emo tekstom u\u0161i malo na\u0107uliti prema recepciji muzike s afri\u010dkog kontinenta za vrijeme Jugoslavije, kao i afri\u010dkim muzi\u010darima, \u010desto studentima, koji su na ovim prostorima stvarali u tom periodu.<\/p>\n\n\n\n<h2 class=\"wp-block-heading\">Crni panteri i dolazak funka u Beograd<\/h2>\n\n\n\n<p>Ovoga je prolje\u0107a u Beogradu, u produkciji Info Parka, pokrenuta emisija na <a rel=\"noreferrer noopener\" href=\"https:\/\/www.mixcloud.com\/RADIO_APARAT\/afrikanac-u-beogradu-001-gost-stevan-tatalovi%C4%87-050422\/\" target=\"_blank\">Radio Aparatu<\/a> koja se bavi se pitanjima migracija u Srbiji, a zove se &#8220;<a rel=\"noreferrer noopener\" href=\"https:\/\/www.mixcloud.com\/RADIO_APARAT\/afrikanac-u-beogradu-001-gost-stevan-tatalovi%C4%87-050422\/\" target=\"_blank\">Afrikanac u Beogradu<\/a>&#8220;. Naziv je dobila po pjesmi grupe Du Du A &#8220;<a rel=\"noreferrer noopener\" href=\"https:\/\/www.youtube.com\/watch?v=grRQba5R7Mw\" target=\"_blank\">Afrikanac iz Beograda<\/a>&#8220;, koja je objavljena 1983. godine. Muzi\u010dki gledano, prvi Afrikanci u Beogradu bili su <a rel=\"noreferrer noopener\" href=\"https:\/\/www.vice.com\/sr\/article\/bmzbzw\/kako-su-africki-studenti-doneli-fank-u-jugoslaviju\" target=\"_blank\">bend Crni panteri<\/a>, aktivan 1964. i 1965. godine. Bio je to prvi bend u Jugoslaviji sastavljen isklju\u010divo od afri\u010dkih studenata, uglavnom iz Zaira, dana\u0161njeg Konga. Nakon \u0161to se bend raspao, muzikom se nastavio baviti samo jedan od \u010dlanova, pjeva\u010d Edi Dekeng. Godine 1967. Dekeng se priklju\u010duje beogradskom beat bendu Elipse. Nakon njegovog dolaska, Elipse po\u010dinju svirati soul i funk (o tome kako su afri\u010dki studenti utjecali na jugoslavenski funk <a rel=\"noreferrer noopener\" href=\"https:\/\/www.vice.com\/sr\/article\/bmzbzw\/kako-su-africki-studenti-doneli-fank-u-jugoslaviju\" target=\"_blank\">pisao je<\/a> Vladimir Radinovi\u0107).<\/p>\n\n\n\n<div class=\"wp-block-image\"><figure class=\"aligncenter size-full\"><a href=\"https:\/\/www.bilten.org\/wp-content\/uploads\/2022\/06\/steven-hannington.jpg\"><img loading=\"lazy\" decoding=\"async\" width=\"600\" height=\"600\" src=\"https:\/\/www.bilten.org\/wp-content\/uploads\/2022\/06\/steven-hannington.jpg\" alt=\"\" class=\"wp-image-42338\" srcset=\"https:\/\/www.bilten.org\/wp-content\/uploads\/2022\/06\/steven-hannington.jpg 600w, https:\/\/www.bilten.org\/wp-content\/uploads\/2022\/06\/steven-hannington-300x300.jpg 300w, https:\/\/www.bilten.org\/wp-content\/uploads\/2022\/06\/steven-hannington-150x150.jpg 150w\" sizes=\"auto, (max-width: 600px) 100vw, 600px\" \/><\/a><figcaption>Foto: Steven Hannington, plo\u010da Alulu Songs<\/figcaption><\/figure><\/div>\n\n\n\n<p>Vjerojatno najpoznatiji muzi\u010dki Afrikanac u Beogradu bio je od 1970-ih nadalje mladi\u0107 iz Kenije poznat pod umjetni\u010dkim imenom Steven Hannington. U Beogradu je upisao srednju medicinsku \u0161kolu, ali sredinom 1970-ih kre\u0107e u muzi\u010dke vode i za Diskos snima singl &#8220;Retrospection\/Alulu Jazz&#8221;. Legendarna je njegova obrada starogradske &#8220;Kad te vidim na sokaku&#8221;, nazvana &#8220;<a href=\"https:\/\/www.youtube.com\/watch?v=6W7kG8c-NzY\" target=\"_blank\" rel=\"noreferrer noopener\">Mpendzi na sokaku<\/a>&#8221; (na albumu pak iz 1987. godine <a href=\"https:\/\/www.discogs.com\/release\/1886882-Steven-Hannington-Vama-S-Po%C5%A1tovanjem\" target=\"_blank\" rel=\"noreferrer noopener\">&#8220;Vama s po\u0161tovanjem<\/a>&#8221; vi\u0161e je obrada jugoslavenskih klasika, me\u0111u njima i &#8220;<a href=\"https:\/\/www.youtube.com\/watch?v=f5vi3LZRYW4\" target=\"_blank\" rel=\"noreferrer noopener\">Mujo kuje konja po mjesecu<\/a>&#8220;).<\/p>\n\n\n\n<h2 class=\"wp-block-heading\"><strong>Vice Vukov i Mohamed Kaba Sow na Krapinskim popevkama<\/strong><\/h2>\n\n\n\n<p>O tragovima i traganju za jugoslavensko-afri\u010dkom muzikom u Hrvatskoj razgovaramo s etnomuzikologinjom Mojcom Pi\u0161kor, profesoricom sa zagreba\u010dke Muzi\u010dke akademije. &#8220;Na\u017ealost, \u010dasopis stranih studenata Solidarnost s glazbenim stvarima slabo ulazi u detalje. To je s glazbom generalno problem. Kad povjesni\u010dari prolaze gra\u0111u, obi\u010dno tra\u017ee druge stvari. Imamo povjesni\u010dara koji se bave Pokretom nesvrstanih, ali malo tko istra\u017euju\u0107i obra\u0107a pozornost na muziku. Spomen glazbe bi morao biti jako dominantan u narativu da se prepozna kao bitan&#8221;, pri\u010da nam Pi\u0161kor o pote\u0161ko\u0107ama rekonstruiranja muzi\u010dke nam povijesti.&nbsp;Iako \u010desto zanemarena u historiografskom o\u010di\u0161tu, muzika je svakodnevno vezivno tkivo, va\u017ean na\u010din interakcije i komunikacije me\u0111u ljudima. &#8220;Pogotovo je to slu\u010daj ako promatramo ljude iz afri\u010dkih zemalja koji su dolazili u Jugoslaviju. Na\u010din na koji su se \u010desto uklju\u010divali u zajednicu bio je ba\u0161 kroz glazbu, tako su se predstavljali u novom okru\u017eenju. I u Solidarnosti vidimo da su izaslanstva stranih studenata i\u0161la primjerice u Po\u017eegu ili Slavonski Brod, tamo odr\u017eavali priredbe. Dosta je aktivno bilo udru\u017eenje sudanskih studenata za koje znamo da su imali folklornu grupu&#8221;, obja\u0161njava Pi\u0161kor.<\/p>\n\n\n\n<p>Govori nam i o pote\u0161ko\u0107ama arhivskih pretra\u017eivanja. &#8220;U arhivu HRT-a sigurno postoje neki materijali, jer su snimali dio aktivnosti kluba stranih studenata. Ali u\u0107i u te arhive nije lako, a sli\u010dna je stvar i s Jugotonovim arhivom. Miro Kri\u017ei\u0107 je 1960-ih na Radio Zagrebu imao emisiju koja se zvala Glazba nesvrstanih. Oni su iz nekih donacija dobivali plo\u010de iz tih zemalja i to je godinama pu\u0161tano u eteru. Po tome bi bilo divno kopati, ali mislim da je malo tog materijala sa\u010duvano&#8221;, govori Pi\u0161kor. Na pri\u010de o afri\u010dkim muzi\u010darima u Jugoslaviji najvi\u0161e je nailazila slu\u010dajno, listaju\u0107i neke &#8220;op\u0107e&#8221; jugoslavenske \u010dasopise. &#8220;Primjerice, u \u010dasopisu Estrada iz 1960-ih na\u0161la sam \u010dlanak o studentu koji je do\u0161ao iz Ugande u Sarajevo i tamo se po\u010deo baviti glazbom. Preko tog \u010dlanka sam uspjela na\u0107i da mu je Jugoton 1964. izdao plo\u010du, a aran\u017eman je napravio ansambl Kornelija Kova\u010da, koji je u to vrijeme bio va\u017ean autor doma\u0107e popularnoglazbene scene&#8221;, pri\u010da na\u0161a sugovornica.<\/p>\n\n\n\n<div class=\"wp-block-image\"><figure class=\"aligncenter size-full\"><a href=\"https:\/\/www.bilten.org\/wp-content\/uploads\/2022\/06\/ahmed-taib-singlica.jpg\"><img loading=\"lazy\" decoding=\"async\" width=\"582\" height=\"587\" src=\"https:\/\/www.bilten.org\/wp-content\/uploads\/2022\/06\/ahmed-taib-singlica.jpg\" alt=\"\" class=\"wp-image-42342\" srcset=\"https:\/\/www.bilten.org\/wp-content\/uploads\/2022\/06\/ahmed-taib-singlica.jpg 582w, https:\/\/www.bilten.org\/wp-content\/uploads\/2022\/06\/ahmed-taib-singlica-297x300.jpg 297w, https:\/\/www.bilten.org\/wp-content\/uploads\/2022\/06\/ahmed-taib-singlica-150x150.jpg 150w\" sizes=\"auto, (max-width: 582px) 100vw, 582px\" \/><\/a><figcaption>Foto: Plo\u010da Ahmeda Taiba, Jugoton 1964. godine<\/figcaption><\/figure><\/div>\n\n\n\n<p>Radilo se o Ahmedu Taibu, a fotografiju doti\u010dne plo\u010de Pi\u0161kor nam i pokazuje. Na plo\u010di su \u010detiri pjesme, &#8220;<a href=\"https:\/\/www.youtube.com\/watch?v=8GA8xyyVDXY\" target=\"_blank\" rel=\"noreferrer noopener\">Mchezo mpiya<\/a>\u2019&#8221; (&#8220;Novi ples&#8221;), &#8220;Mchezo ya uhuru&#8221; (&#8220;Ples slobode&#8221;), &#8220;Wasifa&#8221; (&#8220;Djevojka Wasifa&#8221;), i &#8220;Kisafiri&#8221; (&#8220;Putovanje&#8221;). Na pozadini plo\u010de pi\u0161e da je Taib &#8220;simpati\u010dan i srda\u010dan, student sarajevskog Filozofskog fakulteta, ro\u0111en u dalekoj Ugandi, pod vrelim afri\u010dkim suncem. Sav temperament, muzikalnost i osje\u0107aj za ritam svojih zemljaka prenio je u Evropu i na\u0161av\u0161i se u Sarajevu snimio ove \u010detiri pjesme iz svoje domovine&#8221;. Navodi se i da je u Sarajevu brzo postao popularan nastupaju\u0107i kao pjeva\u010d na brojnim koncertima i na radio stanici.<\/p>\n\n\n\n<p>&#8220;Zanimljiva je i pri\u010da Mohameda Kabe Sowa, koji je do\u0161ao u Zagreb na studij iz Gvineje. Pisao je pjesme i izdana je jedna plo\u010da s njegovim pjesmama, ali dosta je i uglazbljivao tekstove hrvatskih pjesnika. Primjerice, on je uglazbio &#8220;<a rel=\"noreferrer noopener\" href=\"https:\/\/www.youtube.com\/watch?v=hI6Sy4PvxtM\" target=\"_blank\">No\u0107 tajanstva<\/a>&#8221; Grupe 777 prema tekstu Dobri\u0161e Cesari\u0107a. Na YouTubeu je dostupna i <a rel=\"noreferrer noopener\" href=\"https:\/\/www.youtube.com\/watch?v=z5ci0qiLtbM\" target=\"_blank\">verzija te pjesme<\/a> koju pjeva Mohamed s Nedom Karabai\u0107. Tako\u0111er je uglazbio i &#8220;Beli Most&#8221; Ivana Gorana Kova\u010di\u0107a, koju je onda Vice Vukov <a href=\"https:\/\/www.youtube.com\/watch?v=wgxUzUFHWSo\" target=\"_blank\" rel=\"noreferrer noopener\">izveo<\/a> 1960-ih na festivalu Krapinske popevke\u201d, govori nam Pi\u0161kor.<\/p>\n\n\n\n<p>Dodaje i kako se Afriku jo\u0161 uvijek percipira kao prostor koji je stao u vremenu, pa je tako ljudima prva asocijacija na afri\u010dku glazbu \u010desto tradicionalna, iako diljem afri\u010dkog kontinenta postoji duga povijest glazbenog eksperimentiranja, razli\u010ditih muzi\u010dkih pravaca, urbanih \u017eanrova koji su nu\u017eno bili i sinkreti\u010dki, ono \u0161to zovemo popularnom glazbom. &#8220;Ba\u0161 kad gledamo bend Crni panteri ili poslije Elipse, to nije nikakva tradicionalna jugoslavenska ili afri\u010dka muzika, to je rock\u2019n\u2019roll, soul, jezik kojim su i jedni i drugi govorili. Jedan Ahmed Taib je moderni Afrikanac koji je do\u0161ao u Jugoslaviju i jednako kao i svi drugi participirao u muzici tog vremena&#8221;, ka\u017ee Pi\u0161kor.<\/p>\n\n\n\n<p>Prisje\u0107a se i kako je etnomuzikologinja Jelka Vukobratovi\u0107 istra\u017euju\u0107i za doktorat o lokalnoj glazbenoj sceni u Kri\u017eevcima prona\u0161la informacije o bendu u kojem je neko vrijeme pjevao Malijac Salif Djouku Diallo, koji je u Kri\u017eevce do\u0161ao na studentsku razmjenu. Bend se zvao VIS Skakavci, nastupali su 1960-ih i bili prvi kri\u017eeva\u010dki bend koji je svirao rock\u2019n\u2019roll.<\/p>\n\n\n\n<h2 class=\"wp-block-heading\">Povijest koju tek treba ispisati<\/h2>\n\n\n\n<p>&#8220;To je povijest koju trebaju ispisati ljudi koji su ovdje do\u0161li studirati, ljudi koji su se muzikom bavili ponajvi\u0161e na amaterskoj razini, njome ispunjavali razli\u010dite dru\u0161tvene potrebe. Ta se povijest tek treba di\u0107i odozdo, iza\u0107i iz privatnih arhiva, podruma i tavana, kroz fotografije, spomenare, razgovore&#8221;, komentira Pi\u0161kor.<\/p>\n\n\n\n<div class=\"wp-block-image\"><figure class=\"aligncenter size-large is-resized\"><a href=\"https:\/\/www.bilten.org\/wp-content\/uploads\/2022\/06\/mojca-piskor-mikstejpovi.jpg\"><img loading=\"lazy\" decoding=\"async\" src=\"https:\/\/www.bilten.org\/wp-content\/uploads\/2022\/06\/mojca-piskor-mikstejpovi-1024x768.jpg\" alt=\"\" class=\"wp-image-42345\" width=\"764\" height=\"573\" srcset=\"https:\/\/www.bilten.org\/wp-content\/uploads\/2022\/06\/mojca-piskor-mikstejpovi-1024x768.jpg 1024w, https:\/\/www.bilten.org\/wp-content\/uploads\/2022\/06\/mojca-piskor-mikstejpovi-300x225.jpg 300w, https:\/\/www.bilten.org\/wp-content\/uploads\/2022\/06\/mojca-piskor-mikstejpovi-768x576.jpg 768w, https:\/\/www.bilten.org\/wp-content\/uploads\/2022\/06\/mojca-piskor-mikstejpovi-1536x1152.jpg 1536w, https:\/\/www.bilten.org\/wp-content\/uploads\/2022\/06\/mojca-piskor-mikstejpovi.jpg 2048w\" sizes=\"auto, (max-width: 764px) 100vw, 764px\" \/><\/a><figcaption>Foto: Mikstejpovi koje je sa\u010duvala Mojca Pi\u0161kor<\/figcaption><\/figure><\/div>\n\n\n\n<p>Prisje\u0107a se i vlastitih dru\u017eenja sa studentima iz razli\u010ditih afri\u010dkih zemalja koji su do\u0161li ovdje prije 1990-ih i ostali \u017eivjeti i nakon rata. &#8220;Skupa smo tulumarili, dru\u017eili se, izmjenjivali mikstejpove. To je bio moj put u afri\u010dku glazbu, tako sam se zainteresirala za ovo \u0161to danas radim. Neke od tih kazeta i dalje \u010duvam&#8221;, govori Pi\u0161kor.<\/p>\n\n\n\n<p>Pred kraj razgovora jo\u0161 malo va\u017eemo o razlikama izme\u0111u pristupa afri\u010dkoj muzici za vrijeme Jugoslavije i danas. &#8220;Ni tada, a ni danas, afri\u010dka muzika i muzi\u010dari nisu bili dio mejnstrima. Ali razlika jest u tome da su ovdje za vrijeme Jugoslavije studirale tisu\u0107e stranih studenata, dok smo danas daleko od tih brojki. Iako se danas \u010dini da imamo pristup svemu i sva\u010demu, da mo\u017eemo do\u0107i i do najopskurnije glazbe, to ne zna\u010di nu\u017eno da ljudi vi\u0161e istra\u017euju i da se vi\u0161e povezuju. Ne smijemo zanemariti ni koliko toga nam algoritmi serviraju. Kad ima\u0161 \u017eivu osobu pored sebe, kad postoji konkretan, opipljiv odnos, to je druga pri\u010da. A i op\u0107a je atmosfera bitna, jer koliko god u Jugoslaviji nije bilo savr\u0161eno i bilo je uvjetnog kozmopolitizma, pogled prema afri\u010dkom kontinentu jest bio druga\u010diji. \u010cini mi se da su se ljudi osje\u0107ali druga\u010dije, bolje, zato \u0161to su \u017eivjeli u sredini u kojoj su ljudi iz tzv. tre\u0107eg svijeta bili dobrodo\u0161li&#8221;, zaklju\u010duje Pi\u0161kor.<\/p>\n","protected":false},"excerpt":{"rendered":"<p>Nakon \u0161to je istra\u017eila medijski rad stranih studenata u Jugoslaviji, u nastavku &#8220;Pri\u010da iz davnine&#8221; Ivana Peri\u0107 zavirila je u fenomen recepcije muzike s afri\u010dkog kontinenta za vrijeme Jugoslavije i afri\u010dkim muzi\u010darima koji su na ovim prostorima stvarali u tom periodu. Poslu\u0161ajte kako su obradili jugoslavenske klasike i uglazbili tekstove na\u0161ih pjesnika! Za Srebrna krila [&hellip;]<\/p>\n","protected":false},"author":9,"featured_media":42350,"comment_status":"closed","ping_status":"closed","sticky":false,"template":"","format":"standard","meta":{"footnotes":""},"categories":[454],"tags":[927,629,146,517],"theme":[458],"country":[35,38,11],"articleformat":[450],"coauthors":[1284],"class_list":["post-42337","post","type-post","status-publish","format-standard","has-post-thumbnail","hentry","category-naslovnica","tag-afrika","tag-jugoslavija","tag-muzika","tag-studenti","theme-drustvo","country-bih","country-hrvatska","country-srbija","articleformat-tema"],"_links":{"self":[{"href":"https:\/\/www.bilten.org\/index.php?rest_route=\/wp\/v2\/posts\/42337","targetHints":{"allow":["GET"]}}],"collection":[{"href":"https:\/\/www.bilten.org\/index.php?rest_route=\/wp\/v2\/posts"}],"about":[{"href":"https:\/\/www.bilten.org\/index.php?rest_route=\/wp\/v2\/types\/post"}],"author":[{"embeddable":true,"href":"https:\/\/www.bilten.org\/index.php?rest_route=\/wp\/v2\/users\/9"}],"replies":[{"embeddable":true,"href":"https:\/\/www.bilten.org\/index.php?rest_route=%2Fwp%2Fv2%2Fcomments&post=42337"}],"version-history":[{"count":14,"href":"https:\/\/www.bilten.org\/index.php?rest_route=\/wp\/v2\/posts\/42337\/revisions"}],"predecessor-version":[{"id":42356,"href":"https:\/\/www.bilten.org\/index.php?rest_route=\/wp\/v2\/posts\/42337\/revisions\/42356"}],"wp:featuredmedia":[{"embeddable":true,"href":"https:\/\/www.bilten.org\/index.php?rest_route=\/wp\/v2\/media\/42350"}],"wp:attachment":[{"href":"https:\/\/www.bilten.org\/index.php?rest_route=%2Fwp%2Fv2%2Fmedia&parent=42337"}],"wp:term":[{"taxonomy":"category","embeddable":true,"href":"https:\/\/www.bilten.org\/index.php?rest_route=%2Fwp%2Fv2%2Fcategories&post=42337"},{"taxonomy":"post_tag","embeddable":true,"href":"https:\/\/www.bilten.org\/index.php?rest_route=%2Fwp%2Fv2%2Ftags&post=42337"},{"taxonomy":"theme","embeddable":true,"href":"https:\/\/www.bilten.org\/index.php?rest_route=%2Fwp%2Fv2%2Ftheme&post=42337"},{"taxonomy":"country","embeddable":true,"href":"https:\/\/www.bilten.org\/index.php?rest_route=%2Fwp%2Fv2%2Fcountry&post=42337"},{"taxonomy":"articleformat","embeddable":true,"href":"https:\/\/www.bilten.org\/index.php?rest_route=%2Fwp%2Fv2%2Farticleformat&post=42337"},{"taxonomy":"author","embeddable":true,"href":"https:\/\/www.bilten.org\/index.php?rest_route=%2Fwp%2Fv2%2Fcoauthors&post=42337"}],"curies":[{"name":"wp","href":"https:\/\/api.w.org\/{rel}","templated":true}]}}