{"id":42094,"date":"2022-05-24T10:19:45","date_gmt":"2022-05-24T09:19:45","guid":{"rendered":"https:\/\/www.bilten.org\/?p=42094"},"modified":"2022-05-24T17:09:57","modified_gmt":"2022-05-24T16:09:57","slug":"propala-drzava-u-jednom-vikendu","status":"publish","type":"post","link":"https:\/\/www.bilten.org\/?p=42094","title":{"rendered":"Propala dr\u017eava u jednom vikendu"},"content":{"rendered":"\n<p>Iako medijski pogon ve\u0107 tre\u0107i dan isklju\u010divo prati nedjeljna doga\u0111anja na autocesti Zagreb Karlovac i sukob Torcide i MUP-a, na socijalnim mre\u017eama se prikralo jo\u0161 nekoliko pri\u010da koje su obilje\u017eile ovaj vikend. Jedna je zasigurno nedjeljno gostovanje ravnatelja KBC-a Zagreb Ante \u0106oru\u0161i\u0107a na HRT-u koji je svojim suludim odgovorima uspio \u0161okirati i Aleksandra Stankovi\u0107a pokazuju\u0107i da je u njegovom slu\u010daju rije\u010d o svojevrsnoj psihopatologiji, a ne samo i isklju\u010divo HDZ-ovskoj \u017eelji za mo\u0107i. Na tragu tog zaklju\u010dka je i tekst koji je jutros iza\u0161ao na&nbsp;<a rel=\"noreferrer noopener\" href=\"https:\/\/www.index.hr\/vijesti\/clanak\/doznajemo-policija-je-2009-privela-corusica-pijan-pred-djecom-prijetio-pistoljem\/2366405.aspx?index_ref=naslovnica_vijesti_prva_d\" target=\"_blank\">Indexu<\/a>&nbsp;o incidentu iz 2009. Druga pak pri\u010da iz domene zdravstvene skrbi, snimak je koji se pro\u0161irio dru\u0161tvenim mre\u017eama, a koji pokazuje mrtvog pijanog Mladena Grdovi\u0107a koji, blago re\u010deno, tetura, a potom i pada nasred pozornice te u le\u017ee\u0107em polo\u017eaju poku\u0161ava pjevati svoje hitove sve dok se netko pametan iz osiguranja koncerta nije sjetio maknuti ga i tako time sve prisutne po\u0161tedjeti dodatne muke i traume.<\/p>\n\n\n\n<p>Hrvatski mediji ve\u0107 godinama od Mladena Grdovi\u0107a prave svojevrsnu sprdnju, ali zapravo urbanu legendu za koju smo svi bar jednom posegnuli kako bismo dosko\u010dicom opisali pijana stanja u kojima smo se na\u0161li mi sami ili na\u0161i bli\u017enji. Tako smo i sami sudjelovali u diseminaciji te personifikacije banalne pijandure s estrade, a time zapravo, banalizirali njegove o\u010dite probleme s ovisno\u0161\u0107u o alkoholu i nasilje u obitelji kojem je dugi niz godina bila izlo\u017eena njegova biv\u0161a supruga Brankica. U sustavu u kojem zdravstvo funkcionira, a mediji nisu banalni do bola, Mladen Grdovi\u0107 bi bio vijest za jedan dan i jedan incident, a ne mali milijun njih kroz dugi niz godina. Da \u017eivimo u sustavu u kojem se mu\u0161karci ne srame svojih problema s mentalnim zdravljem, onda bi svoje probleme umjesto \u010da\u0161ama bevande rje\u0161avali redovnim \u010da\u0161icama razgovora i psihoterapije sa stru\u010dnim licima. Da javni zdravstveni sustav ima dovoljno kadra koji bi se bavio ovakvim slu\u010dajevima, Brankica bi bila po\u0161te\u0111ena i masnica i trauma koje \u0107e nositi ostatak \u017eivota. Da \u017eivimo u dru\u0161tvu u kojem javni zdravstveni sustav djeluje preventivno, a ne palijativno, Mladen Grdovi\u0107 bio bio upam\u0107en po numerama sa \u0161irokim asortimanom dalmatinskih stilskih figura poput kamenih ku\u0107a na obali, maslina, bilih ko\u0161ulja, \u0107a\u0107inih ri\u010di i, naravno, drage mame koja lo\u017ei stari komin.<\/p>\n\n\n\n<p>Ovako \u0107emo ga pamtit kao jo\u0161 jednog mu\u0161karca s kamena koji se nije i\u0161ao na vrijeme lije\u010diti. Ali problem je naravno \u0161iri od strejt maskuline kulture u (nekad) pasivnim krajevima. Sva tri primjera, I MUP vs. Torcida i \u0106oru\u0161i\u0107 i Grdovi\u0107, pokazuju jednu stvar: potpunu kadrovsku i infrastrukturnu zapu\u0161tenost na\u0161ih javnih slu\u017ebi. Dugo godina lo\u0161eg upravljanja, mjera \u0161tednje, prepu\u0161tanja obrazovnog\/sportskog\/zdravstvenog sustava privatnim i sekta\u0161kim interesima, slijepa vjera u europske strukturnu fondove koji \u0107e tobo\u017ee rije\u0161iti na\u0161u strukturnu zaostalost u europskom kapitalizmu u kojem smo izvoznik obrazovane radne snage i zemlja za odmor zapadnih Europljana. Sve to zajedno se zbilo ovaj vikend u spomenuta tri primjera: policija koja ne zna procijeniti sigurnosnu situaciju s navija\u010dima i \u010diji kadrovi sjede u nogometno-mafija\u0161kim strukturama; \u0106oru\u0161i\u0107 koji vadi pogre\u0161ne jajnike \u017eenama i kojeg paralelne klerikalne strukture postavljaju za \u0161efa najve\u0107e bolnice u dr\u017eavi; te na kraju taj nesretni Grdovi\u0107 koji se ubija od alkohola u izostanku stru\u010dne pomo\u0107i dok na\u0161i mediji to sve normaliziraju. Me\u0111utim, umjesto slaganja totaliteta slike potpuno ruinirane socijalne dr\u017eave na europskoj periferiji, mi \u0107emo se na sve ove primjere osvrnuti kao na pojedina\u010dne vikend ekscese i zaboraviti ih do sljede\u0107eg produ\u017eenog vikenda kada Hrvatska, odnosno HDZ, slavi 31 godinu svoje dr\u017eavnosti. Ponekad se desetlje\u0107ima ne dogodi ni\u0161ta, a onda u jednom vikendu sva ta&nbsp;desetlje\u0107a zavr\u0161e na naslovnici Indexa.&nbsp;<\/p>\n","protected":false},"excerpt":{"rendered":"<p>Iako medijski pogon ve\u0107 tre\u0107i dan isklju\u010divo prati nedjeljna doga\u0111anja na autocesti Zagreb Karlovac i sukob Torcide i MUP-a, na socijalnim mre\u017eama se prikralo jo\u0161 nekoliko pri\u010da koje su obilje\u017eile ovaj vikend. Jedna je zasigurno nedjeljno gostovanje ravnatelja KBC-a Zagreb Ante \u0106oru\u0161i\u0107a na HRT-u koji je svojim suludim odgovorima uspio \u0161okirati i Aleksandra Stankovi\u0107a pokazuju\u0107i [&hellip;]<\/p>\n","protected":false},"author":11,"featured_media":42095,"comment_status":"closed","ping_status":"closed","sticky":false,"template":"","format":"standard","meta":{"footnotes":""},"categories":[454],"tags":[717,547,1646],"theme":[458],"country":[38],"articleformat":[205],"coauthors":[1630],"class_list":["post-42094","post","type-post","status-publish","format-standard","has-post-thumbnail","hentry","category-naslovnica","tag-dalmacija","tag-hrvatska","tag-psihoterapija","theme-drustvo","country-hrvatska","articleformat-vijest"],"_links":{"self":[{"href":"https:\/\/www.bilten.org\/index.php?rest_route=\/wp\/v2\/posts\/42094","targetHints":{"allow":["GET"]}}],"collection":[{"href":"https:\/\/www.bilten.org\/index.php?rest_route=\/wp\/v2\/posts"}],"about":[{"href":"https:\/\/www.bilten.org\/index.php?rest_route=\/wp\/v2\/types\/post"}],"author":[{"embeddable":true,"href":"https:\/\/www.bilten.org\/index.php?rest_route=\/wp\/v2\/users\/11"}],"replies":[{"embeddable":true,"href":"https:\/\/www.bilten.org\/index.php?rest_route=%2Fwp%2Fv2%2Fcomments&post=42094"}],"version-history":[{"count":3,"href":"https:\/\/www.bilten.org\/index.php?rest_route=\/wp\/v2\/posts\/42094\/revisions"}],"predecessor-version":[{"id":42107,"href":"https:\/\/www.bilten.org\/index.php?rest_route=\/wp\/v2\/posts\/42094\/revisions\/42107"}],"wp:featuredmedia":[{"embeddable":true,"href":"https:\/\/www.bilten.org\/index.php?rest_route=\/wp\/v2\/media\/42095"}],"wp:attachment":[{"href":"https:\/\/www.bilten.org\/index.php?rest_route=%2Fwp%2Fv2%2Fmedia&parent=42094"}],"wp:term":[{"taxonomy":"category","embeddable":true,"href":"https:\/\/www.bilten.org\/index.php?rest_route=%2Fwp%2Fv2%2Fcategories&post=42094"},{"taxonomy":"post_tag","embeddable":true,"href":"https:\/\/www.bilten.org\/index.php?rest_route=%2Fwp%2Fv2%2Ftags&post=42094"},{"taxonomy":"theme","embeddable":true,"href":"https:\/\/www.bilten.org\/index.php?rest_route=%2Fwp%2Fv2%2Ftheme&post=42094"},{"taxonomy":"country","embeddable":true,"href":"https:\/\/www.bilten.org\/index.php?rest_route=%2Fwp%2Fv2%2Fcountry&post=42094"},{"taxonomy":"articleformat","embeddable":true,"href":"https:\/\/www.bilten.org\/index.php?rest_route=%2Fwp%2Fv2%2Farticleformat&post=42094"},{"taxonomy":"author","embeddable":true,"href":"https:\/\/www.bilten.org\/index.php?rest_route=%2Fwp%2Fv2%2Fcoauthors&post=42094"}],"curies":[{"name":"wp","href":"https:\/\/api.w.org\/{rel}","templated":true}]}}