{"id":42072,"date":"2022-05-19T09:02:00","date_gmt":"2022-05-19T08:02:00","guid":{"rendered":"https:\/\/www.bilten.org\/?p=42072"},"modified":"2022-05-20T10:30:34","modified_gmt":"2022-05-20T09:30:34","slug":"strah-od-zime-ali-i-od-ostalih-godisnjih-doba","status":"publish","type":"post","link":"https:\/\/www.bilten.org\/?p=42072","title":{"rendered":"Strah od zime&#8230; ali i od ostalih godi\u0161njih doba"},"content":{"rendered":"\n<p>S obzirom na zna\u010dajnu ovisnost o ruskom plinu i nafti, energetska kriza se profilirala kao presudna politi\u010dka tema u Srbiji. Ali inzistiranje na ratu u Ukrajini kao klju\u010dnom problemu sakriva ostale aspekte katastrofalne energetske politike. Alati za izgradnju energetskog suvereniteta su napu\u0161teni, a posljedice \u0107e, kao i uvijek, primarno podnijeti oni najsiroma\u0161niji.<\/p>\n\n\n\n<p>Po\u010detak maja stanovnicima Srbije doneo je lepo vreme i pretople dane za ovaj period godine sa temperaturama koje su dostizale i trideset stepeni celzijusa. Da je u\u017eivanje u lepom vremenu samo privremeno prvo su nagovestili tabloidi sa najavama da nas o\u010dekuje najgora zima ikada, a onda je predsednik skoro istu stvar samo &#8220;malo&#8221; ubla\u017eenu rekao u jednom od svojih u\u010destalih obra\u0107anja naciji. Predsednik je naglasio da \u0107e slede\u0107a zima u svetu biti najte\u017ea u poslednjih 70 godina.<\/p>\n\n\n\n<p>Zima se ve\u0107 sada najavljuje kao kriti\u010dni period pre svega zbog boljki elektroenergetskog sistema i rasta cena energenata. Agresija Rusije na Ukrajinu dovela je do promene dinamike u isporuci i cenama nafte i gasa, a Srbija je trenutno gotovo u potpunosti zavisna od dopremanja ovih energenata iz Rusije. Prikazivanjem spoljnopoliti\u010dkih prilika kao najbitnijih za energetsku sliku Srbije, pod tepih se guraju nagomilani problemi u energetskom sektoru, koji se ve\u0107 decenijama ne re\u0161avaju.<\/p>\n\n\n\n<h2 class=\"wp-block-heading\"><strong>Zavisnost Srbije od ruskog gasa i nafte<\/strong><\/h2>\n\n\n\n<p>Srbija se jo\u0161 uvek nije pridru\u017eila sankcijama koje su EU ali i druge dr\u017eave regiona uvele Rusiji. Kao jedan od glavnih razloga za neuvo\u0111enje sankcija osim tradicionalnih prijateljskih odnosa navodi se i zavisnost Srbije od uvoza gasa i nafte iz Rusije. Narativ glasi da Rusija verovatno ne bi ni osetila sankcije uvedene od strane Srbije, ali da bi Srbija u reciprocitetu platila visoku cenu ovakvog poteza.<\/p>\n\n\n\n<p>Gotovo isklju\u010divo oslanjanje na ruski gas i naftu nije samo posledica politike trenutne vlasti, mada ona nije u\u010dinila ni\u0161ta da to promeni, ve\u0107 je ishod nepromi\u0161ljene dugoro\u010dne energetske i me\u0111unarodne politike. Jedan od klju\u010dnih momenata dogodio se 2008. godine kada je potpisan sporazum o saradnji sa Rusijom u oblasti nafte i gasa, a iste godine je potpisan i sa EU sporazum o stabilizaciji i pridru\u017eivanju koji je dodatno liberalizovao gotovo sva tr\u017ei\u0161ta u Srbiji. Ve\u0107 krajem 2008. godine Vlada Srbije predvo\u0111ena premijerom Mirkom Cvetkovi\u0107em, a pod patronatom tada\u0161njeg predsednika iz redova Demokratske stranke Borisa Tadi\u0107a privatizovala je Naftnu industriju Srbije (NIS).<\/p>\n\n\n\n<p>Za 400 miliona evra ruski Gasprom je <a rel=\"noreferrer noopener\" href=\"https:\/\/www.danas.rs\/vesti\/ekonomija\/privatizacija-naftne-industrije-srbije-posao-ili-promasaj-veka\/\" target=\"_blank\">dobio<\/a> 51% udela a time i zgrade NIS-a u Beogradu i Novom Sadu, rafinerije u Pan\u010devu, Novom Sadu i Elemiru, 497 benzinskih pumpi, 1.600 internih benzinskih stanica, 44 stovari\u0161ta za snabdevanje kerozinom, cisterne za prevoz te\u010dnih goriva ukupnog kapaciteta 18.250 tona, oko 10.000 kvadratnih metara prodajnog prostora za motorno ulje i mast, vi\u0161e hotela, motela i odmarali\u0161ta, akcije u drugim kompanijama, nalazi\u0161ta nafte u Vojvodini, koncesiju na nalazi\u0161ta nafte u Angoli&#8230; Dodatno, u martu 2011. Gasprom je od gra\u0111ana Srbije otkupio dodatnih 5,15% akcija, tako da sada poseduje udeo od 56,15% u vlasni\u0161tvu NIS-a.<\/p>\n\n\n\n<h2 class=\"wp-block-heading\">Kupovanje vlastitih energenata<\/h2>\n\n\n\n<p>Druga dva aspekta energetskog sporazuma sa Rusijom bila su izgradnja gasnog skladi\u0161ta u Banatskom Dvoru i izgradnja gasovoda Ju\u017eni tok, \u010dime bi se Srbiji omogu\u0107ila energetska nezavisnost. Podzemno skladi\u0161te gasa u Banatskom Dvoru je izgra\u0111eno ali je tako\u0111e u vlasni\u0161tvu privatizovanog NIS-a, dok se od projekta Ju\u017eni tok posle par godina odustalo usled povla\u010denja partnera i neuskla\u0111enosti sa Tre\u0107im energetskim paketom EU, na \u010dije se sprovo\u0111enje Srbija kao \u010dlanica energetske zajednice od 2006. godine obavezala.<\/p>\n\n\n\n<p>Privatizacijom NIS-a i davanjem vlasni\u0161tva nad nalazi\u0161tima nafte i gasa Srbija je dodatno potpala pod ruski uticaj. Ognjen Radonjih u <a rel=\"noreferrer noopener\" href=\"https:\/\/pescanik.net\/u-raljama-ruske-nafte-i-gasa\/?utm_source=pocket_mylist\" target=\"_blank\">tekstu<\/a> objavljenom na Pe\u0161\u010daniku navodi da je u periodu 2009-2019. ukupna godi\u0161nja potro\u0161nja sirove nafte u Srbiji u proseku bila pokrivena sa 81,5% od strane ruskih partnera, dok je u istom periodu ukupna godi\u0161nja potro\u0161nja gasa u Srbiji u proseku bila pokrivena sa 95% od strane Rusije. Srbija je privatizacijom NIS-a dovela sebe u situaciju da od Gasproma otkupljuje naftu i gas koji se vade i na njenoj teritoriji. Pa je 35,1% sirove nafte bilo pokriveno iz doma\u0107ih izvora proizvodnje, kao i 21% gasa. Odricanjem od svojih izvora nafte i gasa dr\u017eava Srbija je dodatno smanjila svoj manevarski prostor, a pri tome je do\u0161lo da degradacije \u017eivotne sredine jer su inostrani vlasnici u cilju maksimizacije profita pokrenuli istra\u017eivanja i eksploataciju nafte i gasa na vi\u0161e mesta uglavnom u Vojvodini bez detaljnih procena uticaja na \u017eivotnu sredinu.<\/p>\n\n\n\n<p>Umesto diverzifikacije svoje energetske politike Srbija se potezima poput privatizacije NIS-a \u010dvrsto vezala za Rusiju i trenutna me\u0111unarodna politi\u010dka situacija joj ne ide na ruku. Za promenu dobavlja\u010da energenata potrebne su \u010desto godine i decenije usled ve\u0107 izgra\u0111ene infrastukture, dok u me\u0111uvremenu cene energenata konstantno rastu. Umesto da vrati pod svoju kontrolu NIS i time barem ne\u0161to u\u010dini na izgradnji energetskog suvereniteta, iz medija se najavljuje preprodaja NIS-a azerbed\u017eanskoj dr\u017eavnoj naftnoj kompaniji. Ovakva promena bi\u0107e samo kozmeti\u010dka jer \u0107e do\u0107i do izmene vlasni\u010dke strukture i NIS ne\u0107e biti vi\u0161e u rukama Rusa, ali \u0107e energetska zavisnost ostati gotovo ista.<\/p>\n\n\n\n<h2 class=\"wp-block-heading\"><strong>Unutra\u0161nji problemi energetike u Srbiji<\/strong><\/h2>\n\n\n\n<p>U aprilu 2015. godine tada premijer, a danas predsednik Aleksandar Vu\u010di\u0107 predvodio je sve\u010danu sednicu Vlade u Rudarskom basenu &#8220;Kolubara&#8221;. Ovim simboli\u010dnim gestom hteo je pokazati da je \u0161teta nakon poplava iz 2014. godine sanirana i da je srpska energetika jaka i stabilna. Tako\u0111e simboli\u010dno ba\u0161 pored njega sedeo je Milorad Gr\u010di\u0107, u tom trenutku vr\u0161ilac du\u017enosti direktora RB \u201eKolubara\u201c, a kasnije vr\u0161ilac du\u017enosti direktora Elektroprivrede Srbije (EPS). Upravo njih dvojica su i najodgovorniji za krah eletroenergetskog sistema koji \u0107e se ubrzo uslediti. Vu\u010di\u0107 je postavljanjem nekompetentnog i nesposobnog \u010doveka na \u010delo najzna\u010dajnije dr\u017eavne firme pokazao i svoju kratkovidost i nestru\u010dnost.<\/p>\n\n\n\n<p>Problemi su ubrzo krenuli da se re\u0111aju da bi <a rel=\"noreferrer noopener\" href=\"https:\/\/www.bilten.org\/?p=40634\" target=\"_blank\">kulminirali<\/a> krajem 2021. godine kada je usled kori\u0161\u0107enja vla\u017enog uglja pome\u0161anog sa blatom, iz sistema ispala ve\u0107ina blokova najve\u0107e termoelektrane u Srbiji. Totalni pad sistema spre\u010dila je velika koli\u010dina uvezene elektri\u010dne energije. Ta energija je uvezena po paprenim cenama koje su bile i preko 300 eura po MWh. I nakon navodne stabilizacije sistema, Srbija je nastavila da uvozi struju, a skupi pehovi poput po\u017eara i uni\u0161tavanja ma\u0161ine vredne 18 miliona evra nastavili su da se de\u0161avaju. Gr\u010di\u0107 je u januaru napokon smenjen sa funkcije ali ubrzo je za svoju lojalnost i \u017ertvu dobio apana\u017eu u vidu postavljanja za pomo\u0107nika predsednika op\u0161tine Obrenovac.<\/p>\n\n\n\n<p>Ministarka rudarstva i energetike Zorana Mihajlovi\u0107 izjavila je da je uvoz elektri\u010dne energije za period od 12. decembra 2021. do 20. aprila 2022. ko\u0161tao 530,7 miliona evra. Ovi tro\u0161kovi razlog su odustajanja od remonta pojedinih blokova termoelektrana ali i od odustajanja od investiranja u obnovljive izvore energije. EPS je ve\u0107 najavio da obustavlja gradnju svoje prve solarne elektrane Petka. Dalja neulaganja i nediverzifikacija proizvodnje vodi\u0107e samo jo\u0161 ve\u0107im problemima. U nedostatku dovoljne koli\u010dine kvalitetnog uglja Srbija je primorana da deo zaliha uvozi iz dr\u017eava regiona.<\/p>\n\n\n\n<p>Topli dani nisu doneli olak\u0161anje za elektroprivredu koja nastavlja da uvozi elektri\u010dnu energiju, za razliku od prethodnih godina kada ju je u ovom periodu izvozila. Ostaje nada da \u0107e povoljni hidrometerolo\u0161ki uslovi uticati da se hidroakumulacije napune i da se na taj na\u010din zima do\u010deka barem malo spremnije.<\/p>\n\n\n\n<h2 class=\"wp-block-heading\"><strong>Cena elektri\u010dne energije i energetsko siroma\u0161tvo<\/strong><\/h2>\n\n\n\n<p>Narativ da je cena elektri\u010dne energije socijalna kategorija i da se njom \u010duva socijalni mir postao je ustaljen u Srbiji. \u010cak je i predsednik izjavio &#8220;da ne mo\u017eemo da je dr\u017eimo kao socijalnu kategoriju&#8221;. Tako je sa lepim vremenom stanovnike Srbije do\u010dekale su i najave porasta cene elektri\u010dne energije. Jo\u0161 uvek se spekuli\u0161e koliki \u0107e porast biti, u pojedinim medijima je najavljen skok cene od 30% za gra\u0111ane i 70% za privredu. Najverovatnije \u0107e rast cena biti ne\u0161to manji ali \u0107e svakako uticati na ekonomske status posebno najsiroma\u0161nijih gra\u0111ana.<\/p>\n\n\n\n<p>Rast cene elektri\u010dne energije dodatno \u0107e preko ivice energetskog siroma\u0161tva baciti veliki broj gra\u0111ana, socijalne mere koje bi trebale da prate pove\u0107anje cene energenata nisu detaljno razra\u0111ene, niti izbalansirane. O\u010dekuje se da svako dvanaesto doma\u0107instvo ne\u0107e mo\u0107i redovno da pla\u0107a struju i da \u0107e oko 200.000 doma\u0107instava morati da tra\u017ei status za\u0161ti\u0107enog kupca. Tro\u0161kovi energenata ve\u0107 \u010dine veliki udeo ukupnih tro\u0161kova velikog dela dru\u0161tva, a uz rast cena osnovnih namirnica koji \u0107e ih pratiti, dodatno \u0107e produbiti klasne razlike i gurnuti deo stanovnika u siroma\u0161tvo.<\/p>\n\n\n\n<p>Najava najte\u017ee zime \u010dini se nije previ\u0161e uznemirila stanovnike Srbije, ve\u0107 naviknute na lo\u0161e vesti, jer gotovo svako godi\u0161nje doba postalo je najte\u017ee. U prole\u0107e se strepi da nas poplave zaobi\u0111u, leti se nadamo ki\u0161i kako bi poljopivreda uve\u0107ala BDP, jesen najavljuje probleme sa grejanjem i zaga\u0111enjem vazduha, a zima predstavlja kulminaciju. Kada bi se energetika organizovala dugoro\u010dno i planski, mo\u017eda bi se i potreba za gledanjem u nebo i prizivanjem lepog vremena smanjila, a \u017eivoti ljudi olak\u0161ali.<\/p>\n","protected":false},"excerpt":{"rendered":"<p>S obzirom na zna\u010dajnu ovisnost o ruskom plinu i nafti, energetska kriza se profilirala kao presudna politi\u010dka tema u Srbiji. Ali inzistiranje na ratu u Ukrajini kao klju\u010dnom problemu sakriva ostale aspekte katastrofalne energetske politike. Alati za izgradnju energetskog suvereniteta su napu\u0161teni, a posljedice \u0107e, kao i uvijek, primarno podnijeti oni najsiroma\u0161niji. Po\u010detak maja stanovnicima [&hellip;]<\/p>\n","protected":false},"author":5,"featured_media":42074,"comment_status":"closed","ping_status":"closed","sticky":false,"template":"","format":"standard","meta":{"footnotes":""},"categories":[454],"tags":[128,533],"theme":[457],"country":[11],"articleformat":[450],"coauthors":[1503],"class_list":["post-42072","post","type-post","status-publish","format-standard","has-post-thumbnail","hentry","category-naslovnica","tag-energetika","tag-energetsko-siromastvo","theme-klima","country-srbija","articleformat-tema"],"_links":{"self":[{"href":"https:\/\/www.bilten.org\/index.php?rest_route=\/wp\/v2\/posts\/42072","targetHints":{"allow":["GET"]}}],"collection":[{"href":"https:\/\/www.bilten.org\/index.php?rest_route=\/wp\/v2\/posts"}],"about":[{"href":"https:\/\/www.bilten.org\/index.php?rest_route=\/wp\/v2\/types\/post"}],"author":[{"embeddable":true,"href":"https:\/\/www.bilten.org\/index.php?rest_route=\/wp\/v2\/users\/5"}],"replies":[{"embeddable":true,"href":"https:\/\/www.bilten.org\/index.php?rest_route=%2Fwp%2Fv2%2Fcomments&post=42072"}],"version-history":[{"count":1,"href":"https:\/\/www.bilten.org\/index.php?rest_route=\/wp\/v2\/posts\/42072\/revisions"}],"predecessor-version":[{"id":42073,"href":"https:\/\/www.bilten.org\/index.php?rest_route=\/wp\/v2\/posts\/42072\/revisions\/42073"}],"wp:featuredmedia":[{"embeddable":true,"href":"https:\/\/www.bilten.org\/index.php?rest_route=\/wp\/v2\/media\/42074"}],"wp:attachment":[{"href":"https:\/\/www.bilten.org\/index.php?rest_route=%2Fwp%2Fv2%2Fmedia&parent=42072"}],"wp:term":[{"taxonomy":"category","embeddable":true,"href":"https:\/\/www.bilten.org\/index.php?rest_route=%2Fwp%2Fv2%2Fcategories&post=42072"},{"taxonomy":"post_tag","embeddable":true,"href":"https:\/\/www.bilten.org\/index.php?rest_route=%2Fwp%2Fv2%2Ftags&post=42072"},{"taxonomy":"theme","embeddable":true,"href":"https:\/\/www.bilten.org\/index.php?rest_route=%2Fwp%2Fv2%2Ftheme&post=42072"},{"taxonomy":"country","embeddable":true,"href":"https:\/\/www.bilten.org\/index.php?rest_route=%2Fwp%2Fv2%2Fcountry&post=42072"},{"taxonomy":"articleformat","embeddable":true,"href":"https:\/\/www.bilten.org\/index.php?rest_route=%2Fwp%2Fv2%2Farticleformat&post=42072"},{"taxonomy":"author","embeddable":true,"href":"https:\/\/www.bilten.org\/index.php?rest_route=%2Fwp%2Fv2%2Fcoauthors&post=42072"}],"curies":[{"name":"wp","href":"https:\/\/api.w.org\/{rel}","templated":true}]}}