{"id":41608,"date":"2022-04-05T12:48:37","date_gmt":"2022-04-05T11:48:37","guid":{"rendered":"https:\/\/www.bilten.org\/?p=41608"},"modified":"2022-04-05T13:21:16","modified_gmt":"2022-04-05T12:21:16","slug":"vucic-pobijedio-sve-pa-i-svoju-stranku","status":"publish","type":"post","link":"https:\/\/www.bilten.org\/?p=41608","title":{"rendered":"Vu\u010di\u0107ev nepotpuni trijumf"},"content":{"rendered":"\n<p>Ve\u0107 smo nemalo puta nau\u010dili da dru\u0161tveni balon u kojem \u017eivimo u privatnom i virtualnom \u017eivotu (na dru\u0161tvenim mre\u017eama) ne odra\u017eava strukturu, dinamiku, a ni politi\u010dko opredjeljenje cjelokupnog dru\u0161tva. Rezultati izbora u Srbiji su stigli kao potvrda ovog aksioma, ali i otrije\u017enjenje nakon neopravdanog optimizma koji se gradio dijelom na ne\u0161to vi\u0161oj izlaznosti (oko 60%) na sam dan izbora, ali i na ranijoj visokoj izlaznosti na prosvjede protiv vlasti i projekta ekstrakcije litija u dolini rijeke Jadar krajem pro\u0161le godine. Taj izborni optimizam je naj\u010de\u0161\u0107e bio artikuliran u vidu formule: osiguravanje drugog kruga predsjedni\u010dkih izbora, spre\u010davanje dominacije Srpske napredne stranke (SNS) u Narodnoj skup\u0161tini i opozicijsko osvajanje Beograda. Na prvi pogled se nijedan od tih optimisti\u010dnih scenarija nije ostvario, mada rezultati izbora svakako ne pokazuju premo\u0107nu pobjedu vladaju\u0107eg SNS-a. Me\u0111utim, ono \u0161to svakako pokazuju jest potpuna dominacija Aleksandra Vu\u010di\u0107a.<\/p>\n\n\n\n<p>Predsjednik SNS-a koji ve\u0107 du\u017ee vremena najavljuje napu\u0161tanje te pozicije pokazao je da je za dva Nova Sada ja\u010di od svoje stranke jer upravo toliko iznosi razlika u glasovima izme\u0111u SNS-a (1.593.237) i Aleksandra Vu\u010di\u0107a (2.179.476). To nije nebitan podatak i pokazuje do koje mjere je Vu\u010di\u0107 izgradio kult vlastite li\u010dnosti, uzurpirao dr\u017eavu, sve poluge vlasti i medije na kojima se nerijetko me\u0111usobno prozivaju i prokazuju upravo \u010dlanovi njegove stranke koja je u su\u0161tini interesna mre\u017ea sazdana od biv\u0161ih radikala, biv\u0161ih \u0111in\u0111i\u0107evaca, dinki\u0107evaca i dra\u0161kovi\u0107evaca. Trijumf Aleksandra Vu\u010di\u0107a, kao \u0161to ovi izbori pokazuju, ne zna\u010di nu\u017eno i trijumf SNS-a. Sam SNS, unato\u010d 120 osvojenih mandata u Narodnoj skup\u0161tini, trebat \u0107e koalicijske partnere za sastav nove vlade, Prema izjavama u izbornoj no\u0107i, jedini siguran partner je tako\u0111er jedan nedjeljni slavljenik, Viktor Orban, odnosno njegova vojvo\u0111anska filijala Savez vojvo\u0111anskih Ma\u0111ara (SVM). O ostalim eventualnim koalicijskim partnerima Vu\u010di\u0107 se nije eksplicitno oglasio.<\/p>\n\n\n\n<p>Ta gromoglasna ti\u0161ina i izjava da su sukob njegovog SNS-a i glavnog opozicijskog bloka Ujedinjeni za pobjedu Srbije (UPS; politi\u010dki ostatci ostataka tzv. druge Srbije) profitirale neke druge politi\u010dke opcije kao adresata je o\u010dito imala Ivicu Da\u010di\u0107a i njegovu Socijalisti\u010dku partiju Srbije (SPS) koja je svakako najve\u0107e iznena\u0111enje izbora osvojiv\u0161i 100 tisu\u0107a glasova vi\u0161e nego na pro\u0161lim izborima. Iako se Da\u010di\u0107a percipira kao pretpla\u0107enog partnera vladaju\u0107em SNS-u, Vu\u010di\u0107a ne veseli SPS-ov rast glasova koji je ostvaren, prema njegovoj logici, na ra\u010dun SNS-a. Naime, kao \u0161to je rekao i zadnji dan kampanje na svom posljednjem mitingu, za razliku od njega, Ivica Da\u010di\u0107 mo\u017ee davati slobodnije i otvoreno nacionalisti\u010dke, pro-ruske i anti-NATO izjave koje su mu, kao i fragmentiranoj desnici donijele velik broj glasova. Na tom tragu je jutros bila i visoka du\u017enosnica SNS-a Zorana Mihajlovi\u0107 koja je u programu jedne od re\u017eimskih televizija izjavila da Da\u010di\u0107 ne\u0107e biti premijer i da SNS ne bi trebao ponovo u\u0107i u koaliciju sa SPS-om.<\/p>\n\n\n\n<p>Srpsko skretanje udesno, kako se naziva ulazak tri razli\u010dite, a po mnogo\u010demu sli\u010dne opcije u Narodnu skup\u0161tini vjerojatno svjedo\u010de o politi\u010dkom prelijevanju ruske agresije u Ukrajini na izborno raspolo\u017eenje desnih glasa\u010da koji su nakon ostarjelog Vojislava \u0160e\u0161elja i njegove oko\u0161tale i raspadaju\u0107e Srpske radikalne stranke (SRS) odlu\u010dili podr\u017eati milenijal verziju radikala u liku i djelu Milica \u0110ur\u0111evi\u0107 Stamenkovski i njenih Zavetnika. Ostale desni\u010darske opcije koje su u\u0161le u parlament su Dveri kojima je glasove donio neformalni lider srpskih antivaksera notorni dr. Branimir Nestorovi\u0107 te koalicija monarhista i konzervativne bur\u017eoazije, Nada, koju je predvodilo gra\u0111ansko lice srpske desnice, predsjednik DSS-a Milo\u0161 Jovanovi\u0107.<\/p>\n\n\n\n<p>Najve\u0107i opozicijski blok UPS na republi\u010dkim izborima je osvojio tek ne\u0161to vi\u0161e od Da\u010di\u0107evog SPS-a \u0161to se ne mo\u017ee smatrati uspjehom kao ni 18% njihovog predsjedni\u010dkog kandidata i biv\u0161eg generala Zdravka Pono\u0161a. Zeleno-lijeva koalicija Moramo koju \u010dine razli\u010dite aktivisti\u010dke grupacije, pokreti i stranke poput Ne davimo Beograd, Solidarnost, Ekolo\u0161ki ustanak i Akcija, u\u0161la je u Narodnu skup\u0161tinu i osvojila tre\u0107i najve\u0107i broj glasova u Beogradu osvojiv\u0161i oko 10% glasova. Kako rezultati beogradskih izbora jo\u0161 nisu jasni, a neke stranke se nalaze na ivici izbornog praga, trebat \u0107e sa\u010dekati jo\u0161 neko vrijeme da se vidi tko \u0107e u\u0107i u Gradsku skup\u0161tinu, tko \u0107e \u010diniti vlast u najve\u0107em gradu u ovom dijelu Europe i da li \u0107e napokon mobilna kancelarija notornog zamjenika gradona\u010delnika Beograda Gorana Vesi\u0107a te ostale njegove idiosinkrazije i parafernalije postati relikt sulude pro\u0161losti.<\/p>\n","protected":false},"excerpt":{"rendered":"<p>Ve\u0107 smo nemalo puta nau\u010dili da dru\u0161tveni balon u kojem \u017eivimo u privatnom i virtualnom \u017eivotu (na dru\u0161tvenim mre\u017eama) ne odra\u017eava strukturu, dinamiku, a ni politi\u010dko opredjeljenje cjelokupnog dru\u0161tva. Rezultati izbora u Srbiji su stigli kao potvrda ovog aksioma, ali i otrije\u017enjenje nakon neopravdanog optimizma koji se gradio dijelom na ne\u0161to vi\u0161oj izlaznosti (oko 60%) [&hellip;]<\/p>\n","protected":false},"author":11,"featured_media":41610,"comment_status":"closed","ping_status":"closed","sticky":false,"template":"","format":"standard","meta":{"footnotes":""},"categories":[454],"tags":[463,12,469],"theme":[456],"country":[11],"articleformat":[205],"coauthors":[1630],"class_list":["post-41608","post","type-post","status-publish","format-standard","has-post-thumbnail","hentry","category-naslovnica","tag-aleksandar-vucic","tag-izbori","tag-srbija","theme-politika","country-srbija","articleformat-vijest"],"_links":{"self":[{"href":"https:\/\/www.bilten.org\/index.php?rest_route=\/wp\/v2\/posts\/41608","targetHints":{"allow":["GET"]}}],"collection":[{"href":"https:\/\/www.bilten.org\/index.php?rest_route=\/wp\/v2\/posts"}],"about":[{"href":"https:\/\/www.bilten.org\/index.php?rest_route=\/wp\/v2\/types\/post"}],"author":[{"embeddable":true,"href":"https:\/\/www.bilten.org\/index.php?rest_route=\/wp\/v2\/users\/11"}],"replies":[{"embeddable":true,"href":"https:\/\/www.bilten.org\/index.php?rest_route=%2Fwp%2Fv2%2Fcomments&post=41608"}],"version-history":[{"count":8,"href":"https:\/\/www.bilten.org\/index.php?rest_route=\/wp\/v2\/posts\/41608\/revisions"}],"predecessor-version":[{"id":41619,"href":"https:\/\/www.bilten.org\/index.php?rest_route=\/wp\/v2\/posts\/41608\/revisions\/41619"}],"wp:featuredmedia":[{"embeddable":true,"href":"https:\/\/www.bilten.org\/index.php?rest_route=\/wp\/v2\/media\/41610"}],"wp:attachment":[{"href":"https:\/\/www.bilten.org\/index.php?rest_route=%2Fwp%2Fv2%2Fmedia&parent=41608"}],"wp:term":[{"taxonomy":"category","embeddable":true,"href":"https:\/\/www.bilten.org\/index.php?rest_route=%2Fwp%2Fv2%2Fcategories&post=41608"},{"taxonomy":"post_tag","embeddable":true,"href":"https:\/\/www.bilten.org\/index.php?rest_route=%2Fwp%2Fv2%2Ftags&post=41608"},{"taxonomy":"theme","embeddable":true,"href":"https:\/\/www.bilten.org\/index.php?rest_route=%2Fwp%2Fv2%2Ftheme&post=41608"},{"taxonomy":"country","embeddable":true,"href":"https:\/\/www.bilten.org\/index.php?rest_route=%2Fwp%2Fv2%2Fcountry&post=41608"},{"taxonomy":"articleformat","embeddable":true,"href":"https:\/\/www.bilten.org\/index.php?rest_route=%2Fwp%2Fv2%2Farticleformat&post=41608"},{"taxonomy":"author","embeddable":true,"href":"https:\/\/www.bilten.org\/index.php?rest_route=%2Fwp%2Fv2%2Fcoauthors&post=41608"}],"curies":[{"name":"wp","href":"https:\/\/api.w.org\/{rel}","templated":true}]}}