{"id":41567,"date":"2022-04-01T08:30:17","date_gmt":"2022-04-01T07:30:17","guid":{"rendered":"https:\/\/www.bilten.org\/?p=41567"},"modified":"2022-04-02T14:36:52","modified_gmt":"2022-04-02T13:36:52","slug":"dva-drugara-na-izborima","status":"publish","type":"post","link":"https:\/\/www.bilten.org\/?p=41567","title":{"rendered":"Dva drugara na izborima"},"content":{"rendered":"\n<p><\/p>\n\n\n\n<p>Ovu nedjelju nas o\u010dekuju izbori u dvije susjedne zemlje, Srbiji i Ma\u0111arskoj. Osim \u0161to se odr\u017eavaju isti dan, srpski i ma\u0111arski izbori dijele i neke druge sli\u010dnosti najbolje personificirane u glavnim likovima oba izborna ciklusa: Aleksandru Vu\u010di\u0107u i Viktoru Orbanu. Njihove kampanje su se \u010dak u jednom momentu i spojile prilikom Orbanovog posjeta Vojvodini gdje je do\u0161ao kako bi Vu\u010di\u0107u, zajedno s tamo\u0161njim ma\u0111arskim politi\u010dkim vo\u0111om Istv\u00e1nom P\u00e1sztorom, priskrbio i glasove najve\u0107e nacionalne manjine u Vojvodini. Osim \u0161to je Orbanov i Vu\u010di\u0107ev put brzim vlakom izme\u0111u Novog Sada i Beograda postao uapam\u0107en po mahanju praznim livadama i peronima te time postao viralni hit u\u00a0<a href=\"https:\/\/www.youtube.com\/watch?time_continue=1&amp;v=F5q2A7p089Q&amp;feature=emb_logo\" data-type=\"URL\" data-id=\"https:\/\/www.youtube.com\/watch?time_continue=1&amp;v=F5q2A7p089Q&amp;feature=emb_logo\" target=\"_blank\" rel=\"noreferrer noopener\">dr\u017eavi<\/a> i\u00a0<a rel=\"noreferrer noopener\" href=\"https:\/\/www.instagram.com\/tv\/CbvbZ21IanX\/\" target=\"_blank\">inozemstvu<\/a>, on je i simboli\u010dki ukazao na sli\u010dnost izme\u0111u ove dvije politi\u010dke pojave, njihovih modela vlasti, a i geopoliti\u010dkih pozicija u kojima su se na\u0161li tijekom rata u Ukrajini koji se podudara s njihovim politi\u010dkim kampanjama.<\/p>\n\n\n\n<p>I Orban i Vu\u010di\u0107 su zarobili svoje dr\u017eave, njihove institucije, medijske ku\u0107e i pravosu\u0111e u\u0161utkuju\u0107i svaki oblik kritike i stvaraju\u0107i svoju vojsku poslu\u0161nika koja svakodnevno sa malih ekrana, portala i novina dokazuje svoju vjernost vo\u0111ama. Istovremeno, obojica kao svoju najva\u017eniju &#8220;komparativnu prednost&#8221; isti\u010du upravo vlastitu upravlja\u010dku i dr\u017eavni\u010dku sposobnost u usporedbi s vlastima prije njih. Oni su, prema toj logici, svojim modelom vlasti doveli prosperitet i napredak u dr\u017eavu koja je prakti\u010dki bila uni\u0161tena nesposobno\u0161\u0107u svojih prethodnika. Istovremeno, tobo\u017ee vlastitom mudro\u0161\u0107u geopoliti\u010dki balansiraju izme\u0111u istoka i zapada i uspijevaju pozicionirati vlastite nacije kao nositelje mira i stabilnosti (Vu\u010di\u0107ev izborni slogan). Jedan to predstavlja kao svoje politi\u010dko poslanje s ciljem obrane stare, kr\u0161\u0107anske i konzervativne Europe (Orban), dok drugi u tome vidi vlastiti usud, ali i sudbinu koja mu je namijenjena kao srpskom spasitelju koji se svakodnevno suo\u010dava sa te\u0161kim, gotovo solomonskim pitanjima i rje\u0161enjima koja su se posebice intenzivirala zapadnim uvo\u0111enjem sankcija Rusiji (Vu\u010di\u0107).<\/p>\n\n\n\n<p>I Orbanov i Vu\u010di\u0107ev model vlasti bi se lako dao svesti pod kategoriju autoritarnog neoliberalizma. Naime rije\u010d je o terminu koji se u politi\u010dkoj sociologiji koristi da bi ukazao na ulogu dr\u017eavnog represivng aparata i parastruktura u odr\u017eavanju neoliberalizma kao ekonomske doktrine i politike \u010dak i u vremenu u kojem je njegova neupitnost dovedena u pitanje, odnosno poslije ekonomske krize 2008. \u0161to odgovara i vremenu u kojem su obojica na\u0161ih protagonista do\u0161la na vlast. I dok je iz izvje\u0161taja medijskog mainstreama prili\u010dno jasno \u0161to se misli pod Vu\u010di\u0107evim i Orbanovim autoritarizmom, ekonomsko nali\u010dje njihovog modela vlasti ostaje potpuno zanemareno. To se mo\u017eda najbolje vidi kroz olako kori\u0161tenje etikete &#8220;iliberalni re\u017eimi&#8221; koja se isklju\u010divo usredoto\u010dava na demokratske deficite odre\u0111ene politi\u010dke vlasti i ispu\u0161ta iz vida njihove ekonomske aspekte.<\/p>\n\n\n\n<p>A ukratko, karakteristike Orban-Vu\u010di\u0107eva modela vlasti u ekonomskoj sferi bi bile: zasnivanje rasta na stranim investicijama koje su \u010desto i dr\u017eavno subvencionirane. Te investicije su obi\u010dno u sektorima i segmentima proizvodnje koji tra\u017ee niskokvalificiranu i slabo pla\u0107enu radnu snagu. Primjerice, autoindustrija u Ma\u0111arskoj kao bitna industrijska grana se svodi isklju\u010divo na montiranje dijelova koji su razvijeni i proizvedeni u zapadnoeuropskim zemljama, odnosno Njema\u010dkoj. Oba re\u017eima sustavno rade na deregulaciji rada \u0161to je u Ma\u0111arskoj 2019. izvelo sindikate i radnike na ulice nakon predlo\u017eenog Zakona o radu (ZOR) koji je drasti\u010dno pove\u0107ao zakonski limit na prekomjerne radne sate. U Ma\u0111arskoj je postojao kosenzus da je do takvog zakonskog prijedloga do\u0161lo upravo u dogovoru sa <a rel=\"noreferrer noopener\" href=\"https:\/\/www.jacobinmag.com\/2022\/03\/viktor-orban-ties-moscow-putin-hungary-general-election\" data-type=\"URL\" data-id=\"https:\/\/www.jacobinmag.com\/2022\/03\/viktor-orban-ties-moscow-putin-hungary-general-election\" target=\"_blank\">njema\u010dkom autoindustrijom<\/a>. U Srbiji ZOR prati iste tendencije s ciljem privla\u010denja stranih investicija koje Vu\u010di\u0107 predstavlja kao svoju ro\u0111enu djecu u pateti\u010dnim ispadima u izbornoj kampanji. U kona\u010dnici, oba modela vlasti slu\u017ee zemljama europskog centra i njihovoj biznis klasi kao industrijsko zale\u0111e u koje \u0107e preseliti manje sofisticiran dio proizvodnje.  <\/p>\n\n\n\n<p>Zemlje centra su Vu\u010di\u010du dopustile da bez ve\u0107ih problema razvija ovaj svoj model, Orbanu tako\u0111er iako su posljednjih godina kritike i konkretne mjere protiv Orbana ne\u0161to jasnije i to samo zato \u0161to on sjedi na Europskom vije\u0107u pa svojim postupcima remeti zajedni\u010dke europske politike i briselske liberalne kosenzuse. Me\u0111utim, da li \u0107e ova dva modela nastaviti svoj &#8220;razvojni put&#8221; trenutno vi\u0161e ovisi o tamo\u0161njoj opozciji nego o zemljama centra i njihovoj (ne)zainteresiranosti za Ma\u0111arsku i Srbiju. U oba slu\u010daja, upravo je slaba opozicija veliki razlog za\u0161to su oba re\u017eima uspjela da suvereno vladaju cijelu deceniju. Kako sada stvari stoje, te\u0161ko da \u0107e uspjeti maknuti Vu\u010di\u0107a i Orbana s vlasti, ali bi bar mogli dodatno nagristi njihove re\u017eime i ote\u017eati im suvereno vladanje u idu\u0107em mandatu. <\/p>\n","protected":false},"excerpt":{"rendered":"<p>Ovu nedjelju nas o\u010dekuju izbori u dvije susjedne zemlje, Srbiji i Ma\u0111arskoj. Osim \u0161to se odr\u017eavaju isti dan, srpski i ma\u0111arski izbori dijele i neke druge sli\u010dnosti najbolje personificirane u glavnim likovima oba izborna ciklusa: Aleksandru Vu\u010di\u0107u i Viktoru Orbanu. Njihove kampanje su se \u010dak u jednom momentu i spojile prilikom Orbanovog posjeta Vojvodini gdje [&hellip;]<\/p>\n","protected":false},"author":11,"featured_media":41571,"comment_status":"closed","ping_status":"closed","sticky":false,"template":"","format":"standard","meta":{"footnotes":""},"categories":[454],"tags":[463,12,287,469,1662],"theme":[456],"country":[1663,11],"articleformat":[205],"coauthors":[1630],"class_list":["post-41567","post","type-post","status-publish","format-standard","has-post-thumbnail","hentry","category-naslovnica","tag-aleksandar-vucic","tag-izbori","tag-madarska","tag-srbija","tag-viktor-orban","theme-politika","country-madarska","country-srbija","articleformat-vijest"],"_links":{"self":[{"href":"https:\/\/www.bilten.org\/index.php?rest_route=\/wp\/v2\/posts\/41567","targetHints":{"allow":["GET"]}}],"collection":[{"href":"https:\/\/www.bilten.org\/index.php?rest_route=\/wp\/v2\/posts"}],"about":[{"href":"https:\/\/www.bilten.org\/index.php?rest_route=\/wp\/v2\/types\/post"}],"author":[{"embeddable":true,"href":"https:\/\/www.bilten.org\/index.php?rest_route=\/wp\/v2\/users\/11"}],"replies":[{"embeddable":true,"href":"https:\/\/www.bilten.org\/index.php?rest_route=%2Fwp%2Fv2%2Fcomments&post=41567"}],"version-history":[{"count":5,"href":"https:\/\/www.bilten.org\/index.php?rest_route=\/wp\/v2\/posts\/41567\/revisions"}],"predecessor-version":[{"id":41593,"href":"https:\/\/www.bilten.org\/index.php?rest_route=\/wp\/v2\/posts\/41567\/revisions\/41593"}],"wp:featuredmedia":[{"embeddable":true,"href":"https:\/\/www.bilten.org\/index.php?rest_route=\/wp\/v2\/media\/41571"}],"wp:attachment":[{"href":"https:\/\/www.bilten.org\/index.php?rest_route=%2Fwp%2Fv2%2Fmedia&parent=41567"}],"wp:term":[{"taxonomy":"category","embeddable":true,"href":"https:\/\/www.bilten.org\/index.php?rest_route=%2Fwp%2Fv2%2Fcategories&post=41567"},{"taxonomy":"post_tag","embeddable":true,"href":"https:\/\/www.bilten.org\/index.php?rest_route=%2Fwp%2Fv2%2Ftags&post=41567"},{"taxonomy":"theme","embeddable":true,"href":"https:\/\/www.bilten.org\/index.php?rest_route=%2Fwp%2Fv2%2Ftheme&post=41567"},{"taxonomy":"country","embeddable":true,"href":"https:\/\/www.bilten.org\/index.php?rest_route=%2Fwp%2Fv2%2Fcountry&post=41567"},{"taxonomy":"articleformat","embeddable":true,"href":"https:\/\/www.bilten.org\/index.php?rest_route=%2Fwp%2Fv2%2Farticleformat&post=41567"},{"taxonomy":"author","embeddable":true,"href":"https:\/\/www.bilten.org\/index.php?rest_route=%2Fwp%2Fv2%2Fcoauthors&post=41567"}],"curies":[{"name":"wp","href":"https:\/\/api.w.org\/{rel}","templated":true}]}}