{"id":41210,"date":"2022-02-21T08:02:33","date_gmt":"2022-02-21T07:02:33","guid":{"rendered":"https:\/\/www.bilten.org\/?p=41210"},"modified":"2022-02-22T09:38:44","modified_gmt":"2022-02-22T08:38:44","slug":"milanovic-kao-korisni-idiot","status":"publish","type":"post","link":"https:\/\/www.bilten.org\/?p=41210","title":{"rendered":"Milanovi\u0107 kao &#8220;korisni idiot&#8221;"},"content":{"rendered":"\n<p>Ovih se dana obilje\u017eava istek druge godine mandata Zorana Milanovi\u0107a na mjestu predsjednika i vrijeme je za rekapitulaciju. Rezultat je prili\u010dno jasan: s obzirom na to da mandat provodi ukazuju\u0107i na koruptivnost Plenkovi\u0107eve vlade i udaraju\u0107i po omiljenim metama desnice, a da nema nikakve ovlasti na raspolaganju, on mo\u017ee biti samo &#8220;korisni idiot&#8221; desne frakcije HDZ-a koja tra\u017ei svoj put povratka u vrh stranke.<\/p>\n\n\n\n<p>Najnovija korupciona\u0161ka afera koja trese vladu premijera Andrea Plenkovi\u0107a do\u0161la je, kako se na prvi pogled \u010dini, kao bogom dani dar s neba predsjedniku Zoranu Milanovi\u0107u da na kraju druge godine mandata jo\u0161 malo podigne svoj rejting. Zbog aktualne afere s nezakonitim dodjeljivanjima poticaja iz programa &#8220;Razvoj zadru\u017enog poduzetni\u0161tva&#8221; u aran\u017emanu sad ve\u0107 biv\u0161eg ministra Darka Horvata, ispada da Milanovi\u0107, uporno ukazuju\u0107i na koruptivni karakter hadezeovske vlasti, prve dvije godine svog petogodi\u0161njeg mandata ipak nije potro\u0161io utaman. Dodu\u0161e, tvrditi i ukazivati na tako ne\u0161to, dakle da je HDZ koruptivna stranka, doista ne spada u red ni nekih posebno pronicljivih uvida ni naro\u010ditih politi\u010dkih vrlina.<\/p>\n\n\n\n<p>Podsjetimo se najprije kako je mandat aktualnog predsjednika otpo\u010deo. U velja\u010di 2020. godine Milanovi\u0107 je nakon izborne pobjede nad konkurenticom desnice i dotada\u0161njom predsjednicom Kolindom Grabar Kitarovi\u0107, uprili\u010dio inauguracijsku proslavu. Na njoj je sve izgledalo tako kul i <em>arti<\/em>. Najprije je egzaltirana Josipa Lisac izvela nacionalnu himnu <em>a<\/em> <em>capella<\/em> i izazvala kuloarski \u0161u\u0161ur, te usput nanervirala nazo\u010dnog premijera. Nakon toga je novi predsjednik u svom inauguralnom govoru, pozivaju\u0107i se na tajanstvenog autora, pretenciozno ustvrdio da se &#8220;budu\u0107nost zapadne, liberalne demokracije mo\u017ee osigurati samo tako da se istinu sa\u010duva neovisnom o \u017eeljama ve\u0107ine bira\u010da, kao i \u017eelju ve\u0107ine bira\u010da neovisnom od istine&#8221;, nakon \u010dega je Milanovi\u0107eva Hrvatska odlijepila. U <em>mainstream<\/em> medijima redale su se sve jedna pozitivnija ocjena od druge glede Milanovi\u0107a i njegovog govora, sve u stilu \u2013 kona\u010dno smo dobili civiliziranog predsjednika, nakon one\u2026, uf; pa onda, predsjednik onako sav konstruktivan i uklju\u010div citirao je stih beogradskog novovalnog EKV-a (Ovo je ku\u0107a za nas), \u0161to je beskrajno odu\u0161evilo hrvatske mla\u0111e boomere i post-boomere (ljubitelje Novog vala i kulji\u0161evskog i pavi\u0107evskog Poleta). Kad su na kraju mediji otkrili da se novoizabrani predsjednik u svom govoru koristio ni manje ni vi\u0161e nego mislima svjetskog selebritija, izraelskog povjesni\u010dara Yuvala Noaha Hararija, svojevrsnog gurua i stru\u010dnjaka za sve i sva\u0161ta, autora <em>self-help<\/em> bestselera &#8220;21 lekcija za 21. stolje\u0107e&#8221; koji je fascinirao Billa Gatesa, veselju glasa\u010da iz Milanovi\u0107eve baze nije bilo kraja.<\/p>\n\n\n\n<h2 class=\"wp-block-heading\">Obra\u010duni s metama desnice<\/h2>\n\n\n\n<p>Me\u0111utim, medeni mjesec novoizabranog predsjednika i liberalnog elektorata nije dugo trajao. Vrlo brzo predsjednik je na zub uzeo jedan od najve\u0107ih problema hrvatskog javnog prostora \u2013 feministice. Naime, klervojantno je uo\u010dio da svjetski pokret Me Too, ali i njegova doma\u0107a varijanta pod nazivom &#8220;Nisam tra\u017eila&#8221;, ne razlikuje jasno \u017ertve iz redova zabavlja\u010dica od \u017ertava iz redova prodava\u010dica, jer su, po njemu, one prve nasilje nad sobom gotovo pa same izazvale, dok su potonje autenti\u010dne \u017ertve. Ili njegovim rije\u010dima: &#8220;Kada o tome (nasilju, op. a.) zapoma\u017eu glumice koje iz kreveta ne izlaze za manje od pet milijuna dolara, to ba\u0161 ne vidim kao ne\u0161to \u010dime bih se trebao zanimati. Kada to rade \u017eene koje su zaposlenice, slu\u017ebenice, majke ili mla\u0111e kolegice na Akademiji, to je problem.&#8221; Tu je ve\u0107 naljutio \u017eenski dio svog izbornog tijela. Milanovi\u0107 tako\u0111er bez pardona klasificira i \u017ertve u Jasenovcu, jer ni tu nisu svi isti, neki su vlastitu sudbinu sami izazvali, a neki drugi su posve nevini. Me\u0111u ove potonje spadaju Romi, \u017didovi i Srbi s Kozare, dok pak Srbi iz Zagreba, koji su pru\u017eali otpor \u2013 hm, pa oni su na reperkusije morali ra\u010dunati. Nakon ovoga na predsjednika su se naljutili i hrvatski Srbi od kojeg su tako mnogo o\u010dekivali. Milanovi\u0107 tako\u0111er velik dr\u017eavni problem vidi i u migrantima koji u valovima nadiru iz Cazinske krajine i preplavljuju na\u0161e granice. &#8220;\u0160ta bismo trebali? Do\u010dekati ih s balalajkama?!&#8221;, grmi s Pantov\u010daka predsjednik, na \u0161to su se narogu\u0161ili aktivisti\u010dki novinari i end\u017eioovci. Politi\u010dkim predstavnicima nesretnih manjinaca je poru\u010dio da im &#8220;cijene vise s u\u0161iju&#8221;, dok za Srbe koji su 1991. godine zaplivali Dravom kod Osijeka nije siguran nije li im prije toga ipak trebalo osigurati kakvo-takvo su\u0111enje. Ciljao predsjednik na to ili ne, svojim je napadima na \u017eene, manjince, migrante i antifa\u0161iste, postao politi\u010dki idol nehadezeovske desnice, sveg onog politi\u010dkog polusvijeta okupljenog oko mosta\u0161a, suverenista i domovinaca koji nekog izrazitijeg politi\u010dkog prvaka me\u0111u sobom ne mogu na\u0107i, pa im je dobar i Milanovi\u0107 kao <em>bully<\/em>.<\/p>\n\n\n\n<p>U drugoj godini svog mandata predsjednik je vi\u0161e pa\u017enje po\u010deo posve\u0107ivati aktualnoj vladi, premijeru Plenkovi\u0107u i njegovim ministrima. Naj\u010de\u0161\u0107e se obru\u0161avao na potkapacitiranog ministra obrane Marija Bano\u017ei\u0107a. S njega je pre\u0161ao na premijerovog savjetnika Frku Pete\u0161i\u0107a, koji je ulovljen s prstima u pekmezu glede postpotresne obnove stana i podruma za knjige, a za ministra vanjskih poslova Grli\u0107-Radmana nije siguran zna li ovaj uop\u0107e hrvatski jezik. Predsjednik je posebno poentirao na vanjskopoliti\u010dkom problemu krize u Ukrajini, suverenisti\u010dki se postaviv\u0161i prema mogu\u0107em slanju na\u0161ih vojnika u krizno podru\u010dje, tvrde\u0107i da \u0107e na\u0161i momci na frontove u Galiciju i Bukovinu samo preko njega mrtvog. Ma\u0161u\u0107i sve intenzivnije populisti\u010dkom zastavom, aktualni predsjednik knji\u017ei na svom kontu svakog dana nove bodove. Ankete ga sve vi\u0161e vole, podr\u0161ka mu je me\u0111u obi\u010dnim svijetom sve ve\u0107a, govori jezikom koji svi razumiju, pravi je narodni \u010dovjek, zna i zapjevati na ro\u0107kasu svog brati\u0107a, i to onu poznatu &#8220;Ve\u010deras je na\u0161a fe\u0161ta&#8221;. Vrhunac popularnosti posti\u017ee upravo na kraju druge godine mandata. Naime, ankete su pokazale da Milanovi\u0107a od svih predsjednika doma\u0107i puk gotivi najvi\u0161e. Dobro, ne ba\u0161 najvi\u0161e, jer je Tu\u0111man tu ipak neprikosnoven, ali odmah do njega je upravo Milanovi\u0107, i to ispred Kolinde, Stipe Mesi\u0107a i Ive Josipovi\u0107a.<\/p>\n\n\n\n<h2 class=\"wp-block-heading\">U slu\u017ebi desne frakcije HDZ-a<\/h2>\n\n\n\n<p>Politi\u010dki komentatori uspore\u0111uju ga s populisti\u010dko-suverenisti\u010dkim dvojcem iz susjedstva, Orbanom i Jan\u0161om. Dijelom i poga\u0111aju. Milanovi\u0107, ba\u0161 kao i Orban zna neselektivno zapucati prema civilnoj sceni, kao da je to prvorazredni dr\u017eavni neprijatelj, a ni prema doma\u0107oj sedmoj sili, ba\u0161 kao i Jan\u0161a, nije ba\u0161 blag. Razlika je, dakako, u tome \u0161to Milanovi\u0107 nema egzekutivu u svojim rukama, \u0161to njegove invektive ipak \u010dini simboli\u010dnima, pa posebne \u0161tete od njegovih napada nemaju ni mediji ni nevladine organizacije na na\u010din kako ti sektori \u0161tetuju u Sloveniji i Ma\u0111arskoj zbog politi\u010dkog djelovanja njihovih lidera.<\/p>\n\n\n\n<p>Me\u0111utim, Milanovi\u0107evo politi\u010dko djelovanje ima za posljedicu i nenamjeravane efekte. Moglo bi se re\u0107i da se to pokazuje upravo u aktualnoj korupcijskoj aferi oko poticaja. Nemamo dokaze za to, a i ne znamo kako bismo do njih, da je hap\u0161enje Horvata te vrlo vjerojatno ispitivanje i privo\u0111enje drugih \u010dlanova aktualne Plenkovi\u0107eve Vlade dio komplota koji je iniciran u desnoj frakciji HDZ-a, u onoj, dakle, koja je nezadovoljna &#8220;briselskim&#8221;, &#8220;svilenim&#8221; Plenkovi\u0107em (koja, tako\u0111er, u vlasti uporno dr\u017ei i Srbe), i koja nikad nije pre\u017ealila Karamarkov odlazak s politi\u010dke scene. I koja bi rado vidjela Plenkvoi\u0107ev pad, makar zbog toga &#8220;koalirala&#8221; i s Milanovi\u0107em. Uostalom, nije se jednom ustvrdilo da je hrvatska politi\u010dka scena kao takva dosta jednostavna. Gotovo uvijek se u politi\u010dkim obra\u010dunima u nas radi o borbama dviju hadezeovih frakcija, one lijeve koju sad reprezentira Plenkovi\u0107 i desne koja je sa scene samo privremeno oti\u0161la onda kad je iz Sabora i stranke oti\u0161ao Vaso Brki\u0107. Mogu\u0107e je, dakle, da je i sada tome tako, da je na sceni borba izme\u0111u, s jedne strane, hadezeovih jastrebova potkresanih krila i kadrova vjernih Plenkovi\u0107evoj agendi i kasi. Milanovi\u0107evo udaranje u antihadezovske \u017eice mo\u017ee goditi uhu javnosti kojoj je stvarno dosta hadezovske kleptomanije i vanjskopoliti\u010dkog poltronstva. Ali isto tako mo\u017ee poslu\u017eiti i za neintendiranu mobilizaciju desnih snaga. Predsjednik u svojim nastupima uglavnom solira, iza njega ne stoji SDP, a ni on sam ne trudi se ne\u0161to posebno da oko sebe okupi eventualno neke nove snage koje bi detronizirale vje\u010dni HDZ. Zato i onda kad je najbolji, (recimo, kad ustvrdi da bi \u0161irenju NATO-a na istok trebalo stati na kraj), Milanovi\u0107 ne uspijeva da dobaci dalje od uloge &#8220;korisnog idiota&#8221;.<\/p>\n","protected":false},"excerpt":{"rendered":"<p>Ovih se dana obilje\u017eava istek druge godine mandata Zorana Milanovi\u0107a na mjestu predsjednika i vrijeme je za rekapitulaciju. Rezultat je prili\u010dno jasan: s obzirom na to da mandat provodi ukazuju\u0107i na koruptivnost Plenkovi\u0107eve vlade i udaraju\u0107i po omiljenim metama desnice, a da nema nikakve ovlasti na raspolaganju, on mo\u017ee biti samo &#8220;korisni idiot&#8221; desne frakcije [&hellip;]<\/p>\n","protected":false},"author":5,"featured_media":38531,"comment_status":"closed","ping_status":"closed","sticky":false,"template":"","format":"standard","meta":{"footnotes":""},"categories":[454],"tags":[25,1443],"theme":[456],"country":[38],"articleformat":[450],"coauthors":[129],"class_list":["post-41210","post","type-post","status-publish","format-standard","has-post-thumbnail","hentry","category-naslovnica","tag-nacionalizam","tag-zoran-milanovic","theme-politika","country-hrvatska","articleformat-tema"],"_links":{"self":[{"href":"https:\/\/www.bilten.org\/index.php?rest_route=\/wp\/v2\/posts\/41210","targetHints":{"allow":["GET"]}}],"collection":[{"href":"https:\/\/www.bilten.org\/index.php?rest_route=\/wp\/v2\/posts"}],"about":[{"href":"https:\/\/www.bilten.org\/index.php?rest_route=\/wp\/v2\/types\/post"}],"author":[{"embeddable":true,"href":"https:\/\/www.bilten.org\/index.php?rest_route=\/wp\/v2\/users\/5"}],"replies":[{"embeddable":true,"href":"https:\/\/www.bilten.org\/index.php?rest_route=%2Fwp%2Fv2%2Fcomments&post=41210"}],"version-history":[{"count":2,"href":"https:\/\/www.bilten.org\/index.php?rest_route=\/wp\/v2\/posts\/41210\/revisions"}],"predecessor-version":[{"id":41212,"href":"https:\/\/www.bilten.org\/index.php?rest_route=\/wp\/v2\/posts\/41210\/revisions\/41212"}],"wp:featuredmedia":[{"embeddable":true,"href":"https:\/\/www.bilten.org\/index.php?rest_route=\/wp\/v2\/media\/38531"}],"wp:attachment":[{"href":"https:\/\/www.bilten.org\/index.php?rest_route=%2Fwp%2Fv2%2Fmedia&parent=41210"}],"wp:term":[{"taxonomy":"category","embeddable":true,"href":"https:\/\/www.bilten.org\/index.php?rest_route=%2Fwp%2Fv2%2Fcategories&post=41210"},{"taxonomy":"post_tag","embeddable":true,"href":"https:\/\/www.bilten.org\/index.php?rest_route=%2Fwp%2Fv2%2Ftags&post=41210"},{"taxonomy":"theme","embeddable":true,"href":"https:\/\/www.bilten.org\/index.php?rest_route=%2Fwp%2Fv2%2Ftheme&post=41210"},{"taxonomy":"country","embeddable":true,"href":"https:\/\/www.bilten.org\/index.php?rest_route=%2Fwp%2Fv2%2Fcountry&post=41210"},{"taxonomy":"articleformat","embeddable":true,"href":"https:\/\/www.bilten.org\/index.php?rest_route=%2Fwp%2Fv2%2Farticleformat&post=41210"},{"taxonomy":"author","embeddable":true,"href":"https:\/\/www.bilten.org\/index.php?rest_route=%2Fwp%2Fv2%2Fcoauthors&post=41210"}],"curies":[{"name":"wp","href":"https:\/\/api.w.org\/{rel}","templated":true}]}}