{"id":41121,"date":"2022-02-10T13:25:33","date_gmt":"2022-02-10T12:25:33","guid":{"rendered":"https:\/\/www.bilten.org\/?p=41121"},"modified":"2022-02-10T13:44:15","modified_gmt":"2022-02-10T12:44:15","slug":"albanski-sindikati-u-borbi-protiv-djecjeg-rada","status":"publish","type":"post","link":"https:\/\/www.bilten.org\/?p=41121","title":{"rendered":"Albanski sindikati u borbi protiv dje\u010djeg rada"},"content":{"rendered":"\n<p>Eurostat u svojem posljednjem statisti\u010dkom izvje\u0161taju o dje\u010djem siroma\u0161tvu iz 2020. godine Albaniju svrstava na prvo mjesto me\u0111u europskim dr\u017eavama koje pokriva ovo istra\u017eivanje (EU, kandidatkinje za EU i \u010dlanice EFTA-e). Prema tim podacima, vi\u0161e od\u00a0<a rel=\"noreferrer noopener\" href=\"https:\/\/ec.europa.eu\/eurostat\/statistics-explained\/index.php?title=File:Share_of_children_aged_less_than_18_years_at_risk_of_poverty_or_social_exclusion,_2015_and_2020_(%25)_F1.png\" target=\"_blank\">50% dje\u010dje populacije<\/a>\u00a0u Albaniji je u riziku od siroma\u0161tva. Tako\u0111er, u zadnjem godi\u0161njem izvje\u0161taju UNICEF-a za Albaniju, ova UN-ova agencija za djecu isti\u010de i negativan utjecaj razornog potresa iz prosinca 2019. kao i pandemije COVID-a na pove\u0107anje rizika od siroma\u0161tva. U UNICEF-ovom izvje\u0161taju djeca romske i a\u0161kalijske manjine, kao i \u017eenska djeca iz ruralnih podru\u010dja, izdvojeni su kao grupe koje su ranjivije, izlo\u017eenije riziku od siroma\u0161tva, dje\u010djem radu, ali i nedostupnosti obrazovanja. Univerzalno i svoj djeci dostupno obrazovanje u svim izvje\u0161tajima stoji kao najva\u017eniji preduvjet za smanjenje siroma\u0161tva me\u0111u dje\u010djom populacijom.<\/p>\n\n\n\n<p>Na ovom planu su posebno aktivni albanski u\u010diteljski sindikati koji time poku\u0161avaju ispraviti posljedice lo\u0161ih javnih politika i nedovoljnog ulaganja u obrazovanje. Naime, ve\u0107 dugi niz godina sindikati FSASH (Savez sindikata znanosti i obrazovanja) te SPASH (Nezavisni obrazovni sindikat Albanije) uz potporu globalne federacije sindikata u obrazovanju Education International, rade na\u00a0<a rel=\"noreferrer noopener\" href=\"https:\/\/www.ei-ie.org\/en\/item\/26253:albania-education-unions-success-in-combating-child-labour\" target=\"_blank\">prevenciji preranog izlaska djece iz obrazovnog sustava<\/a>\u00a0i smanjenju dje\u010djeg rada. Zbog siroma\u0161tva, posebice u ruralnim dijelovima dr\u017eave, u Albaniji oko 20 tisu\u0107a djece mla\u0111e od 14 godina prisiljeno je raditi i to naj\u010de\u0161\u0107e na najte\u017eim i najni\u017ee pla\u0107enim poslovima poput rada u polju.<\/p>\n\n\n\n<p>Albanski prosvjetarski sindikati poku\u0161avaju prevenirati ovu pojavu na na\u010din da educiraju u\u010ditelje da prepoznaju koja su djeca u visokom riziku od napu\u0161tanja \u0161kole i da poku\u0161aju intervenirati kroz sam obrazovni sustav kao pedago\u0161ki radnici, ali i odlaskom u u\u010denikov dom i razgovorom s obitelji. Uz to, projekt koji sindikati provode osigurao je i materijalna sredstva kojima se siroma\u0161nim u\u010denicima omogu\u0107uje kupovina \u0161kolskog pribora i materijala za u\u010denje. Prevencijom napu\u0161tanja \u0161kole ovaj sindikalni projekt neizravno utje\u010de i na zaustavljanje zatvaranje \u0161kola ili smanjenja broja odjeljenja \u0161to je op\u0107a pojava u Albaniji uslijed poja\u010danog iseljavanja stanovni\u0161tva posljednjih nekoliko godina. Time sindikati u\u010ditelja osiguravaju o\u010duvanje radnih mjesta, ali i pove\u0107anje svoga \u010dlanstva. Naime, podaci ova dva albanska sindikata pokazuju da se njihovo \u010dlanstvo u \u0161kolama u kojima se provodi ovaj projekt pove\u0107alo, dok se na nacionalnoj razini bilje\u017ei pad sindikalnog \u010dlanstva. <\/p>\n\n\n\n<p>Pitanja koja ostaju iza ovako zami\u0161ljenog projekta jeste njihova dugoro\u010dna odr\u017eivost, ali i&nbsp;dru\u0161tvena ograni\u010denost. Uostalom, rije\u010d je o dilemama koje ostaju iza svakog takvog projekta, ali i primjetne tendencije NGO-izacije sindikalizma i radni\u010dkog pokreta. Pojedina\u010dni sindikalni projekti te\u0161ko mogu odgovoriti na socijalne probleme i siroma\u0161tvo koje proizvode kapitalizam i dr\u017eava na europskoj periferiji. Tako\u0111er, radno optere\u0107enje u\u010ditelja koji uz svoj rad moraju obavljati i funkcije drugih sektora socijalne dr\u017eave u odumiranju (u ovom slu\u010daju, socijalnih radnika), tako\u0111er je ne\u0161to \u0161to se ne \u010dini dugoro\u010dno odr\u017eivim modelom i strategijom iz perspektive jednog sindikata.<\/p>\n","protected":false},"excerpt":{"rendered":"<p>Eurostat u svojem posljednjem statisti\u010dkom izvje\u0161taju o dje\u010djem siroma\u0161tvu iz 2020. godine Albaniju svrstava na prvo mjesto me\u0111u europskim dr\u017eavama koje pokriva ovo istra\u017eivanje (EU, kandidatkinje za EU i \u010dlanice EFTA-e). Prema tim podacima, vi\u0161e od\u00a050% dje\u010dje populacije\u00a0u Albaniji je u riziku od siroma\u0161tva. Tako\u0111er, u zadnjem godi\u0161njem izvje\u0161taju UNICEF-a za Albaniju, ova UN-ova agencija [&hellip;]<\/p>\n","protected":false},"author":11,"featured_media":41122,"comment_status":"closed","ping_status":"closed","sticky":false,"template":"","format":"standard","meta":{"footnotes":""},"categories":[454],"tags":[516,1600,63,460,1072],"theme":[458,455],"country":[65,616],"articleformat":[205],"coauthors":[1630],"class_list":["post-41121","post","type-post","status-publish","format-standard","has-post-thumbnail","hentry","category-naslovnica","tag-albanija","tag-djecje-siromastvo","tag-obrazovanje","tag-sindikati","tag-siromastvo","theme-drustvo","theme-rad","country-albanija","country-balkan-balkan","articleformat-vijest"],"_links":{"self":[{"href":"https:\/\/www.bilten.org\/index.php?rest_route=\/wp\/v2\/posts\/41121","targetHints":{"allow":["GET"]}}],"collection":[{"href":"https:\/\/www.bilten.org\/index.php?rest_route=\/wp\/v2\/posts"}],"about":[{"href":"https:\/\/www.bilten.org\/index.php?rest_route=\/wp\/v2\/types\/post"}],"author":[{"embeddable":true,"href":"https:\/\/www.bilten.org\/index.php?rest_route=\/wp\/v2\/users\/11"}],"replies":[{"embeddable":true,"href":"https:\/\/www.bilten.org\/index.php?rest_route=%2Fwp%2Fv2%2Fcomments&post=41121"}],"version-history":[{"count":8,"href":"https:\/\/www.bilten.org\/index.php?rest_route=\/wp\/v2\/posts\/41121\/revisions"}],"predecessor-version":[{"id":41134,"href":"https:\/\/www.bilten.org\/index.php?rest_route=\/wp\/v2\/posts\/41121\/revisions\/41134"}],"wp:featuredmedia":[{"embeddable":true,"href":"https:\/\/www.bilten.org\/index.php?rest_route=\/wp\/v2\/media\/41122"}],"wp:attachment":[{"href":"https:\/\/www.bilten.org\/index.php?rest_route=%2Fwp%2Fv2%2Fmedia&parent=41121"}],"wp:term":[{"taxonomy":"category","embeddable":true,"href":"https:\/\/www.bilten.org\/index.php?rest_route=%2Fwp%2Fv2%2Fcategories&post=41121"},{"taxonomy":"post_tag","embeddable":true,"href":"https:\/\/www.bilten.org\/index.php?rest_route=%2Fwp%2Fv2%2Ftags&post=41121"},{"taxonomy":"theme","embeddable":true,"href":"https:\/\/www.bilten.org\/index.php?rest_route=%2Fwp%2Fv2%2Ftheme&post=41121"},{"taxonomy":"country","embeddable":true,"href":"https:\/\/www.bilten.org\/index.php?rest_route=%2Fwp%2Fv2%2Fcountry&post=41121"},{"taxonomy":"articleformat","embeddable":true,"href":"https:\/\/www.bilten.org\/index.php?rest_route=%2Fwp%2Fv2%2Farticleformat&post=41121"},{"taxonomy":"author","embeddable":true,"href":"https:\/\/www.bilten.org\/index.php?rest_route=%2Fwp%2Fv2%2Fcoauthors&post=41121"}],"curies":[{"name":"wp","href":"https:\/\/api.w.org\/{rel}","templated":true}]}}