{"id":40483,"date":"2021-12-06T11:02:00","date_gmt":"2021-12-06T10:02:00","guid":{"rendered":"https:\/\/www.bilten.org\/?p=40483"},"modified":"2021-12-07T08:56:47","modified_gmt":"2021-12-07T07:56:47","slug":"reakcionarni-valovi-tjeskobe","status":"publish","type":"post","link":"https:\/\/www.bilten.org\/?p=40483","title":{"rendered":"Reakcionarni valovi tjeskobe"},"content":{"rendered":"\n<p>Trenutni sukobi u glavnoj opozicijskoj stranci u Albaniji, potaknuti ameri\u010dkom intervencijom, prijete stvaranjem ekstremno desne stranke koja bi mogla eksploatirati u\u010dinke pandemije i katastrofalnu ekonomsku situaciju u zemlji. Klju\u010dna figura je Sali Berisha, biv\u0161i predsjednik i biv\u0161i premijer, koji u svojim istupima kombinira la\u017eni anti-imperijalizam i teorije zavjere.<\/p>\n\n\n\n<p>Otprilike tri tjedna nakon \u0161to je Socijalisti\u010dka partija pobijedila na parlamentarnim izborima u Albaniji tre\u0107i put za redom, 17. svibnja dr\u017eavni tajnik SAD-a Anthony Blinken objavio je na Twitteru svoju odluku da Salija Berishu \u2013 biv\u0161eg predsjednika, biv\u0161eg premijera i povijesnog vo\u0111u Demokratske stranke do 2013., jednog od glavnih mo\u0107nika suvremene Albanije \u2013 proglasi <em>personom non gratom<\/em>. Prema <a rel=\"noreferrer noopener\" href=\"https:\/\/www.state.gov\/public-designation-of-albanian-sali-berisha-due-to-involvement-in-significant-corruption\/\" target=\"_blank\">Blinkenu<\/a>, Berisha je u svojstvu premijera Albanije &#8220;bio umije\u0161an u koruptivne radnje kao \u0161to su pronevjera javnih sredstava i mije\u0161anje u javne procese, uklju\u010duju\u0107i kori\u0161tenje pozicije mo\u0107i za vlastitu dobrobit i boga\u0107enje svojih politi\u010dkih saveznika i \u010dlanova svoje obitelji na ra\u010dun povjerenja albanske javnosti u vladine institucije i javne du\u017enosnike.&#8221;<\/p>\n\n\n\n<p>Ove vijesti predstavljale su <em>coup de grace<\/em> za Demokratsku stranku, dezorijentiranu tre\u0107im porazom za redom i prigovorima o namje\u0161tanju glasa\u010dkih listi\u0107a. Blinkenova odluka smatrala se otvorenim znakom podr\u0161ke SAD-a vladi Edija Rame, posebno glede reforme pravosu\u0111a koju sponzoriraju ameri\u010dka vlada i institucije EU, \u010diji je slu\u017ebeni cilj \u010di\u0161\u0107enje pravosu\u0111a od korumpiranih sudaca kao prvi korak u borbi protiv korupcije u najvi\u0161im redovima vlasti. U\u010dinak potonjeg do sada je bio skroman, a vlada ga je koristila kao ideolo\u0161ko oru\u0111e za legitimiziranje svoje neoliberalne agende financijske potpore ekonomskim oligarsima putem javno-privatnih partnerstava (slu\u017ebena stopa profita nekih od tih korporacija dose\u017ee 70%), smanjenja poreza i komodifikacije socijalnih usluga.<\/p>\n\n\n\n<p>Demokratska stranka je uspje\u0161no zaobilazila to pitanje do po\u010detka rujna , tvrde\u0107i da je rije\u010d o sporu izme\u0111u Salija Berishe i ameri\u010dke vlade. No tijekom ljeta, ameri\u010dki veleposlanik u Tirani i drugi visoki du\u017enosnici ameri\u010dkog State Departmenta (Ministarstva vanjskih poslova) posje\u0107ivali su sada\u0161njeg \u010delnika Demokratske stranke Lulzima Bashu kako bi ga ucijenili da se rije\u0161i Salija Berishe. Kona\u010dno, 9. rujna Lulzim Basha je popustio i izbacio Salija Berishu iz redova parlamentarne skupine Demokratske stranke. Uslijedio je mete\u017e u redovima Demokratske stranke, \u010dije posljedica tek treba procijeniti.<\/p>\n\n\n\n<h2 class=\"wp-block-heading\"><strong>Prkos patrijarha<\/strong><\/h2>\n\n\n\n<p>Sali Berisha bio je osniva\u010d Demokratske stranke 1990. i vo\u0111a onoga \u0161to bi se moglo zvati albanskim izlazom iz birokratskog socijalizma. Iako je do 1990. bio odani \u010dlan vladaju\u0107e &#8220;komunisti\u010dke&#8221; Stranke rada Albanije, Berisha je brzo postao antikomunisti\u010dki vo\u0111a i smatralo ga se patrijarhom politi\u010dke desnice. Tijekom svoja dva mandata \u2013 predsjedni\u010dkog od 1992. do 1997. i premijerskog od 2005. do 2013. \u2013 istaknuo se kao tvrdi zagovornik neoliberalnih reformi ekonomije, kao autoritarni vladar, ali tako\u0111er i karizmati\u010dan vo\u0111a sposoban zadobiti podr\u0161ku ljudi koji su migrirali prema periferiji ve\u0107ih gradova i vlasnika manjih poduze\u0107a. Imao je gotovo apsolutnu mo\u0107 u Demokratskoj stranci i svi su znali da je 2013. osobno postavio Lulzima Bashu za novog predsjednika stranke koji \u0107e pratiti njegove upute iza kulise.<\/p>\n\n\n\n<p>Osje\u0107aju\u0107i se izdano ne samo od Lulzima Mashe, nego i od vlade SAD-a kojoj je vjerno slu\u017eio od po\u010detka svoje politi\u010dke karijere, Sali Berisha za\u010deo je pokret u redovima svoje stranke kako bi porazio Bashu i povratio formalnu kontrolu nad strankom. Posljednjih mjeseci odr\u017eao je desetke sastanaka s \u010dlanovima i simpatizerima stranke, a 11. decembra \u0107e okupiti strana\u010dki kongres kako bi ponovno postao slu\u017ebeni vo\u0111a Demokratske stranke, u otvorenom prkosu prema nalogu ameri\u010dkih du\u017enosnika da se povu\u010de iz politike i suo\u010di s optu\u017ebama za korupciju.<\/p>\n\n\n\n<p>U svojoj teku\u0107oj kampanji Sali Berisha koristi neke anti-imperijalisti\u010dke kli\u0161eje, pozivaju\u0107i na nacionalni suverenitet. S obzirom na to da je cijelu dosada\u0161nju politi\u010dku karijeru izgradio kao sretno podre\u0111eni partner svake ameri\u010dke administracije, kao i na to da je pro-amerikanizam jo\u0161 uvijek ideolo\u0161ki dosta popularan u Albaniji, odlu\u010dio je ne napadati ameri\u010dku politiku op\u0107enito, ve\u0107 tvrditi da su aktualnu ameri\u010dku vladu preuzele vanzemaljske i perverzne sile, poput Georgea Sorosa. U o\u010dajni\u010dkom poku\u0161aju da se pove\u017ee s trumpisti\u010dkim tendencijama u ameri\u010dkoj politici, Berisha ponavlja neke od trumpisti\u010dkih slogana tijekom svoje kampanje. Koristi teorije zavjere, napada ono \u0161to naziva anti-obiteljskom agendom \u2013 \u0161to ustvari zna\u010di da se protivi pravima LGBT osoba i \u017eena \u2013 i predstavlja se kao nacionalisti\u010dki vo\u0111a koji je \u017ertvovan jer se protivio ideji SAD-a o etni\u010dkoj podjeli Kosova (\u010dinjenica da je ova politika smi\u0161ljena tijekom Trumpovog predsjedanja njegovim prista\u0161ama ne zvu\u010di kontradiktorno, dok god postoji dobra teorija zavjere u pozadini). Jo\u0161 va\u017enije, njegovi brojni pomo\u0107nici zvu\u010de jo\u0161 radikalnije, napadaju\u0107i ono \u0161to nazivaju &#8220;vladom ambasadora&#8221; i zagovaraju\u0107i stvarnu neovisnost Albanije od neprikladnih utjecaja stranih sila. Ne iznena\u0111uje da Berishina kampanja nailazi na podr\u0161ku antivakserskog pokreta i drugih skupina ekstremne desnice, iako su oni i dalje na marginama njegove kampanje.<\/p>\n\n\n\n<p><strong>Turobna stvarnost i naznake nade<\/strong><\/p>\n\n\n\n<p>Ono \u0161to je danas politi\u010dka borba Berishe da povrati mo\u0107 nad Demokratskom strankom, u bliskoj budu\u0107nosti moglo bi se pretvoriti u va\u017enu reakcionarnu politi\u010dku snagu koja \u0107e imati utjecaj na va\u017ene dijelove albanskog dru\u0161tva, umorne od u\u010dinaka pandemije i ekonomske situacije koja se kre\u0107e izme\u0111u lo\u0161e i gore. Tako bi radikalno desna stranka mogla postati glavnom suprotstavljenom snagom vladavini Edija Rame, koji \u0107e dobiti ja\u010du podr\u0161ku sa Zapada za svoju neoliberalnu agendu.<\/p>\n\n\n\n<p>Ovaj politi\u010dki proces moglo bi potaknuti rastu\u0107e nezadovoljstvo velikih dijelova stanovni\u0161tva, \u010dije se pona\u0161anje kre\u0107e izme\u0111u politi\u010dke apatije, masovne emigracije i iznenadnih izljeva bijesa (posebno nakon stra\u0161nih zlo\u010dina, poput onoga \u0161to se dogodilo nakon ubojstva osmogodi\u0161njeg dje\u010daka, kada je velik broj ljudi zagovarao ponovno uvo\u0111enje smrtne kazne). Tendencija emigraciji sve je ve\u0107a, posebno me\u0111u mladima \u2013 studentima i mladim radnicima. Brojni doktori i medicinske sestre odlaze u Njema\u010dku. Prema slu\u017ebenim podacima, izme\u0111u 2011. i 2019. godine 360.000 ljudi, ili 13% stanovni\u0161tva, napustilo je Albaniju. Prema anketi iz 2019., 285.000 mladih osoba planira napustiti Albaniju kada im se za to uka\u017ee prilika. Ovaj kontinuirani odljev ljudi obeshrabruje emancipatorni politi\u010dki otpor, dok u nekim dijelovima stanovnio\u0161tva di\u017ee reakcionarne valove tjeskobe.<\/p>\n\n\n\n<p>Ovaj kontinuirani protok ljudi osuje\u0107uje emancipatorski politi\u010dki otpor, dok u nekim dijelovima stanovni\u0161tva di\u017ee reakcionarne valove tjeskobe. Na primjer, neki desni\u010dari vjeruju da postoji elitna zavjera sa ciljem depopulacije Albanije od etni\u010dkih Albanaca kako bi ih zamijenili strancima koji dolaze iz Afganistana, Sirije ili Afrike.<\/p>\n\n\n\n<p>Glavni uzrok ovog ogromnog emigracijskog vala je trenutni ekonomski sistem koji se temelji na izvla\u010denju prirodnih resursa, korumpiranoj suradnji politi\u010dkog establi\u0161menta s ekonomskim oligarsima, i na modelu razvoja koji obeshrabruje produktivne industrije, i uglavnom se oslanja na \u0161pekulacije nekretninama, trgovinu i usluge niske razine. Mladi ljudi bez zavr\u0161enog fakulteta suo\u010deni su s izborom izme\u0111u rada za mizernu pla\u0107u u tekstilnoj industriji i napornih, nekvalificiranih poslova, dok je jedini posao koji ve\u0107ina fakultetski obrazovanih mo\u017ee prona\u0107i onaj u call centrima. S druge strane ogromni profiti iz organiziranog kriminala (posebno trgovine drogom), kada se ne koriste za financiranje izbornih kampanja, poti\u010du rastu\u0107i balon na tr\u017ei\u0161tu nekretnina. Parkovi i javni prostori se otimaju i komodificiraju kako bi se gradile ogromne stambene zgrade i trgova\u010dki centri, posebno u Tirani, a ve\u0107ina toga stoji neprodana. Postoje sna\u017ene indikacije za vjerovanje da se te zgrade koriste za pranje novca i \u0161pekulacije nekretninama zbog kojih njihove cijene nezaustavljivo rastu \u2013 zadnjih godina cijena stanova u centru Tirane porasla je za 10-15% &#8211; i prema\u0161uju kupovnu mo\u0107 srednje klase (o radni\u010dkoj klasi da i ne govorimo).<\/p>\n\n\n\n<p>Iako se cjelokupna politi\u010dko-ekonomska situacija mo\u017ee \u010diniti turobna, postoje neke naznake nade. Na primjer, rastu\u0107a emigracija radne snage u sektoru proizvodnje oslabila je poziciju poslodavaca (vlasnika poduze\u0107a). Relativni deficit radne snage potaknuo je one radnike koji su ostali da tra\u017ee ve\u0107e pla\u0107e i osna\u017eio njihovu poziciju spram poslodavaca. Poslodavci u proizvodnji su tra\u017eili od vlade da ubrza migraciju stranih radnika u Albaniju, posebno iz Banglade\u0161a. No unato\u010d znakovima rastu\u0107e migracije prema Albaniji, gotovo svi migranti smatraju Albaniju usputnom stanicom prema Zapadnoj Europi; \u0161to ne iznena\u0111uje s obzirom na \u010dinjenicu da su radni uvjeti u Albaniji me\u0111u najlo\u0161ijima u Europi (od dr\u017eava Balkana, samo Kosovo ima ni\u017eu minimalnu pla\u0107u od Albanije). S druge strane, nakon godinu i pol izbivanja s nastave zbog pandemije, studenti su se u oktobru vratili na fakultete u Tirani i drugim ve\u0107im gradovima. Iako dosad nije bilo nekih ve\u0107ih prosvjeda, postoje znakovi stvaranja pokreta na kampusima. Studenti su me\u0111u najve\u0107im \u017ertvama ekonomskih u\u010dinaka pandemije, posebice rastu\u0107ih stanarina i cijena hrane, dok \u0161kolarine i dalje ostaju veliki problem. U nadolaze\u0107im mjesecima, samo bi spoj radni\u010dkih borbi u tvornicama i studentskih prosvjeda mogao pokazati izlaz iz Scile politi\u010dke apatije i Haribde reakcionarnih prevrata.<\/p>\n","protected":false},"excerpt":{"rendered":"<p>Trenutni sukobi u glavnoj opozicijskoj stranci u Albaniji, potaknuti ameri\u010dkom intervencijom, prijete stvaranjem ekstremno desne stranke koja bi mogla eksploatirati u\u010dinke pandemije i katastrofalnu ekonomsku situaciju u zemlji. Klju\u010dna figura je Sali Berisha, biv\u0161i predsjednik i biv\u0161i premijer, koji u svojim istupima kombinira la\u017eni anti-imperijalizam i teorije zavjere. Otprilike tri tjedna nakon \u0161to je Socijalisti\u010dka [&hellip;]<\/p>\n","protected":false},"author":5,"featured_media":40485,"comment_status":"closed","ping_status":"closed","sticky":false,"template":"","format":"standard","meta":{"footnotes":""},"categories":[454],"tags":[516],"theme":[456],"country":[65],"articleformat":[450],"coauthors":[57],"class_list":["post-40483","post","type-post","status-publish","format-standard","has-post-thumbnail","hentry","category-naslovnica","tag-albanija","theme-politika","country-albanija","articleformat-tema"],"_links":{"self":[{"href":"https:\/\/www.bilten.org\/index.php?rest_route=\/wp\/v2\/posts\/40483","targetHints":{"allow":["GET"]}}],"collection":[{"href":"https:\/\/www.bilten.org\/index.php?rest_route=\/wp\/v2\/posts"}],"about":[{"href":"https:\/\/www.bilten.org\/index.php?rest_route=\/wp\/v2\/types\/post"}],"author":[{"embeddable":true,"href":"https:\/\/www.bilten.org\/index.php?rest_route=\/wp\/v2\/users\/5"}],"replies":[{"embeddable":true,"href":"https:\/\/www.bilten.org\/index.php?rest_route=%2Fwp%2Fv2%2Fcomments&post=40483"}],"version-history":[{"count":1,"href":"https:\/\/www.bilten.org\/index.php?rest_route=\/wp\/v2\/posts\/40483\/revisions"}],"predecessor-version":[{"id":40484,"href":"https:\/\/www.bilten.org\/index.php?rest_route=\/wp\/v2\/posts\/40483\/revisions\/40484"}],"wp:featuredmedia":[{"embeddable":true,"href":"https:\/\/www.bilten.org\/index.php?rest_route=\/wp\/v2\/media\/40485"}],"wp:attachment":[{"href":"https:\/\/www.bilten.org\/index.php?rest_route=%2Fwp%2Fv2%2Fmedia&parent=40483"}],"wp:term":[{"taxonomy":"category","embeddable":true,"href":"https:\/\/www.bilten.org\/index.php?rest_route=%2Fwp%2Fv2%2Fcategories&post=40483"},{"taxonomy":"post_tag","embeddable":true,"href":"https:\/\/www.bilten.org\/index.php?rest_route=%2Fwp%2Fv2%2Ftags&post=40483"},{"taxonomy":"theme","embeddable":true,"href":"https:\/\/www.bilten.org\/index.php?rest_route=%2Fwp%2Fv2%2Ftheme&post=40483"},{"taxonomy":"country","embeddable":true,"href":"https:\/\/www.bilten.org\/index.php?rest_route=%2Fwp%2Fv2%2Fcountry&post=40483"},{"taxonomy":"articleformat","embeddable":true,"href":"https:\/\/www.bilten.org\/index.php?rest_route=%2Fwp%2Fv2%2Farticleformat&post=40483"},{"taxonomy":"author","embeddable":true,"href":"https:\/\/www.bilten.org\/index.php?rest_route=%2Fwp%2Fv2%2Fcoauthors&post=40483"}],"curies":[{"name":"wp","href":"https:\/\/api.w.org\/{rel}","templated":true}]}}