{"id":40448,"date":"2021-12-01T02:12:35","date_gmt":"2021-12-01T01:12:35","guid":{"rendered":"https:\/\/www.bilten.org\/?p=40448"},"modified":"2021-12-01T02:13:05","modified_gmt":"2021-12-01T01:13:05","slug":"poljska-protiv-pobacaja-i-razvoda","status":"publish","type":"post","link":"https:\/\/www.bilten.org\/?p=40448","title":{"rendered":"Poljska protiv poba\u010daja i razvoda"},"content":{"rendered":"\n<p>Poljske aktivistkinje ju\u010der, 30. studenog, <a rel=\"noreferrer noopener\" href=\"https:\/\/www.euronews.com\/2021\/11\/30\/polish-women-protest-attempts-to-further-restrict-abortion\" target=\"_blank\">prosvjedovale<\/a> su protiv plana vlade da sve trudno\u0107e budu evidentirane u nacionalnoj bazi podataka, uo\u010di sutra\u0161nje rasprave parlamenta o novom zakonskom prijedlogu za dodatno ograni\u010davanje prava na poba\u010daj. Aktivisti su izrazili strah da bi desno orijentirana vlada mogla bazu podataka o trudno\u0107ama pretvoriti u alat za kazneni progon. Ministar zdravstva demantirao je takve tvrdnje i rekao da ne postoji registar trudno\u0107a, ve\u0107 da se samo rutinski prelazi s papirnatih na digitalne datoteke. \u010cak i ako je tako, strahovi poljskih aktivistkinja potpuno su shvatljivi s obzirom na nedavna i aktualna doga\u0111anja. Poljska je pro\u0161le godine dodatno ograni\u010dila svoj konzervativni zakon o poba\u010daju, a prema njemu su poba\u010daji dopu\u0161teni samo u slu\u010dajevima silovanja, incesta ili ugro\u017eenosti \u017eivota trudnice. To je <a rel=\"noreferrer noopener\" href=\"https:\/\/www.bilten.org\/?p=40001\" target=\"_blank\">rezultiralo<\/a> izme\u0111u ostalog time da Poljakinje putuju u inozemstvo da bi obavile poba\u010daj \u2013 one koje si to mogu priu\u0161titi. Tako\u0111er, nedavni slu\u010daj <a rel=\"noreferrer noopener\" href=\"https:\/\/www.bilten.org\/?p=40171\" target=\"_blank\">smrti tridesetogodi\u0161nje \u017eene<\/a> u gradu Pszczyna, koja je u 22. tjednu trudno\u0107e oti\u0161la u bolnicu jer joj je po\u010dela curiti plodna voda, dovodi se u vezu s novim zakonom o poba\u010daju. Prema javno dostupnim iskazima obitelji i bolni\u010dke cimerice preminule \u017eene, lije\u010dnici su odga\u0111ali operaciju (poba\u010daj) sve dok fetusu nije prestalo kucati srce, a tada je i za njen \u017eivot bilo prekasno. Lije\u010dnici su u me\u0111uvremenu smijenjeni i provodi se istraga, no svjedoci i aktivisti vide jasnu vezu ovog slu\u010daja sa sve ve\u0107im strahom poljskih lije\u010dnika od zatvorskih kazni koje im prijete prema novom zakonu.<\/p>\n\n\n\n<p>Rasprava parlamenta o prijedlogu za potpunu zabranu poba\u010daja zakazana je za danas, 1. prosinca. Prijedlog zakona sastavila je gra\u0111anska inicijativa &#8220;Stop poba\u010daju&#8221;, a prema njemu bi poba\u010daj trebao biti potpuno zabranjen, dakle \u010dak i u slu\u010daju trenutne tri iznimke (silovanje, incest i ugro\u017eenost zdravlja i \u017eivota trudnice), a embriji bi bili zakonski definirani kao djeca. Ako ovaj zakon bude izglasan, aktivistkinje koje poma\u017eu \u017eenama da do\u0111u do ustanova koje obavljaju poba\u010daj u inozemstvu, kao i same trudnice, mogle bi se suo\u010diti s dugogodi\u0161njim zatvorskim kaznama za ubojstvo djece &#8211; prijedlog predvi\u0111a zatvorske kazne od 5 do 25 godina, a za pojedine slu\u010dajeve i do\u017eivotnu kaznu za oduzimanje \u017eivota &#8220;za\u010detom djetetu&#8221;.<\/p>\n\n\n\n<p>Prosvjednici\/e su prekrile plo\u010dnike crvenom brojom koja je simbolizirala krv, a prosvjede ispred vladinih zgrada u Va\u0161avi i drugim gradovima organizirao je pokret <a rel=\"noreferrer noopener\" href=\"https:\/\/www.facebook.com\/ogolnopolskistrajkkobiet\/\" target=\"_blank\">\u017denski \u0161trajk (Strajk Kobiet)<\/a>. Amnesty International u utorak je pozvao poljske zakonodavce da odbace ovaj &#8220;zlokobni zakon&#8221;, posljednji u nizu &#8220;okrutnih i diskriminiraju\u0107ih napada na ljudska prava \u017eena&#8221;. Ovog tjedna poljski parlament glasat \u0107e o jo\u0161 jednom zakonskom prijedlogu, onom o stvaranju takozvanog Obiteljskog i demografskog instituta \u010dija bi glavna zada\u0107a bila pove\u0107ati natalitet Poljske ograni\u010davanjem broja razvoda. Prema tom prijedlogu, voditelj instituta dobio bi ovlasti da odlu\u010duje o ishodu brakorazvodnih parnica, odnosno imao bi pravo veta za slu\u010daj da smatra da se bra\u010dni par ne bi trebao rastati. Prema prijedlogu, isti taj voditelj instituta imao bi i pristup spomenutoj bazi trudno\u0107a. Prema dostupnim informacijama, zasad nije jasno kolike su \u0161anse da ovi uznemiruju\u0107i prijedlozi budu usvojeni. <\/p>\n","protected":false},"excerpt":{"rendered":"<p>Poljske aktivistkinje ju\u010der, 30. studenog, prosvjedovale su protiv plana vlade da sve trudno\u0107e budu evidentirane u nacionalnoj bazi podataka, uo\u010di sutra\u0161nje rasprave parlamenta o novom zakonskom prijedlogu za dodatno ograni\u010davanje prava na poba\u010daj. Aktivisti su izrazili strah da bi desno orijentirana vlada mogla bazu podataka o trudno\u0107ama pretvoriti u alat za kazneni progon. Ministar zdravstva [&hellip;]<\/p>\n","protected":false},"author":9,"featured_media":40451,"comment_status":"closed","ping_status":"closed","sticky":false,"template":"","format":"standard","meta":{"footnotes":""},"categories":[454],"tags":[161,552,286,1605],"theme":[456],"country":[1102],"articleformat":[205],"coauthors":[241],"class_list":["post-40448","post","type-post","status-publish","format-standard","has-post-thumbnail","hentry","category-naslovnica","tag-ljudska-prava","tag-pobacaj","tag-poljska","tag-pravo-na-pobacaj","theme-politika","country-poljska","articleformat-vijest"],"_links":{"self":[{"href":"https:\/\/www.bilten.org\/index.php?rest_route=\/wp\/v2\/posts\/40448","targetHints":{"allow":["GET"]}}],"collection":[{"href":"https:\/\/www.bilten.org\/index.php?rest_route=\/wp\/v2\/posts"}],"about":[{"href":"https:\/\/www.bilten.org\/index.php?rest_route=\/wp\/v2\/types\/post"}],"author":[{"embeddable":true,"href":"https:\/\/www.bilten.org\/index.php?rest_route=\/wp\/v2\/users\/9"}],"replies":[{"embeddable":true,"href":"https:\/\/www.bilten.org\/index.php?rest_route=%2Fwp%2Fv2%2Fcomments&post=40448"}],"version-history":[{"count":3,"href":"https:\/\/www.bilten.org\/index.php?rest_route=\/wp\/v2\/posts\/40448\/revisions"}],"predecessor-version":[{"id":40452,"href":"https:\/\/www.bilten.org\/index.php?rest_route=\/wp\/v2\/posts\/40448\/revisions\/40452"}],"wp:featuredmedia":[{"embeddable":true,"href":"https:\/\/www.bilten.org\/index.php?rest_route=\/wp\/v2\/media\/40451"}],"wp:attachment":[{"href":"https:\/\/www.bilten.org\/index.php?rest_route=%2Fwp%2Fv2%2Fmedia&parent=40448"}],"wp:term":[{"taxonomy":"category","embeddable":true,"href":"https:\/\/www.bilten.org\/index.php?rest_route=%2Fwp%2Fv2%2Fcategories&post=40448"},{"taxonomy":"post_tag","embeddable":true,"href":"https:\/\/www.bilten.org\/index.php?rest_route=%2Fwp%2Fv2%2Ftags&post=40448"},{"taxonomy":"theme","embeddable":true,"href":"https:\/\/www.bilten.org\/index.php?rest_route=%2Fwp%2Fv2%2Ftheme&post=40448"},{"taxonomy":"country","embeddable":true,"href":"https:\/\/www.bilten.org\/index.php?rest_route=%2Fwp%2Fv2%2Fcountry&post=40448"},{"taxonomy":"articleformat","embeddable":true,"href":"https:\/\/www.bilten.org\/index.php?rest_route=%2Fwp%2Fv2%2Farticleformat&post=40448"},{"taxonomy":"author","embeddable":true,"href":"https:\/\/www.bilten.org\/index.php?rest_route=%2Fwp%2Fv2%2Fcoauthors&post=40448"}],"curies":[{"name":"wp","href":"https:\/\/api.w.org\/{rel}","templated":true}]}}