{"id":40381,"date":"2021-11-26T14:30:21","date_gmt":"2021-11-26T13:30:21","guid":{"rendered":"https:\/\/www.bilten.org\/?p=40381"},"modified":"2021-11-26T14:30:22","modified_gmt":"2021-11-26T13:30:22","slug":"upola-manje-smrti-starijih-osoba-zahvaljujuci-cjepivu","status":"publish","type":"post","link":"https:\/\/www.bilten.org\/?p=40381","title":{"rendered":"Upola manje smrti starijih osoba zahvaljuju\u0107i cjepivu"},"content":{"rendered":"\n<p>Novo istra\u017eivanje Regionalnog ureda za Europu Svjetske zdravstvene organizacije i Europskog centra za prevenciju i kontrolu bolesti (ECDC) pokazuje da su \u017eivoti najmanje 470.000 ljudi starijih od 59 godina spa\u0161eni cijepljenjem. Istra\u017eivanjem su obuhva\u0107eni tjedni podaci o broju umrlih od zaraze korona virusom u 33 europske dr\u017eave. Radi se o procjeni broja umrlih u scenariju u kojem ne postoje cjepiva, a u ovu procjenu ne ulaze oni koji su cjepivom spa\u0161eni od te\u017eih oblika bolesti, kao ni osobe mla\u0111e od 60 godina. Dobivena brojka o 469.186 spa\u0161enih \u017eivota predstavlja razliku izme\u0111u te procijenjene brojke i slu\u017ebenog broja umrlih od zaraze korona virusom u toj dobnoj skupini izme\u0111u prosinca 2020. i studenog 2021. godine. <\/p>\n\n\n\n<p>U 30 dr\u017eava u kojima su podaci dostupni i za pojedine dobne skupine unutar starijih od 59, najvi\u0161e \u017eivota je spa\u0161eno me\u0111u onima starijima od 80 godina \u2013 procijenjenih 261.241 \u017eivota. Regionalni direktor SZO-a Hans Henri Kluge izjavio je: &#8220;Sada mo\u017eemo kategori\u010dki re\u0107i da bi puno vi\u0161e ljudi umrlo bez cjepiva kao alata za obuzdavanje ove pandemije. Da nije cjepiva, u nekim dr\u017eavama broj umrlih bio bi duplo ve\u0107i nego \u0161to je sada. Zato je od odlu\u010duju\u0107e va\u017enosti da sve dr\u017eave \u010dlanice postignu visoku procijepljenost osoba u rizi\u010dnim skupinama \u0161to prije mogu\u0107e.&#8221;<\/p>\n\n\n\n<p>33 europske dr\u017eave uklju\u010dene u istra\u017eivanje imaju preko 1,5 milijun potvr\u0111enih smrti povezanih s korona virusom, a od te brojke 90 posto su ljudi u dobi od 60 i vi\u0161e godina. Direktorica ECDC-a Andrea Ammon izjavila je da bi naglasak u borbi protiv zaraze trebao biti na pove\u0107anju stope procijepljenosti u dr\u017eavama u kojima je ona niska. Niska stopa cijepljenih se &#8220;trenutno reflektira u preoptere\u0107enim zdravstvenim sustavima i visokim stopama smrtnosti\u201c, izjavila je Ammon. &#8220;Cijepljenje starijih dobnih skupina i dalje mora biti prioritet kako bi se \u0161to vi\u0161e \u017eivota spasilo u nadolaze\u0107im tjednima i mjesecima. \u010cak i u dr\u017eavama koje su postigle dobru ukupnu procijepljenost, i dalje postoje neke sub-populacije i dobne skupine u kojima je procijepljenost ni\u017ea od potrebne\u201c, izjavila je Ammon.<\/p>\n\n\n\n<p>Cijepljenje ne\u0107e samo zaustaviti pandemiju, izjavili su i Kluge i Ammon. Kluge je izjavio da cjepiva nisu dovoljna za za\u0161titu od zaraze, nego su potrebne i preventivne mjere kako razina prijenosa virusa bila niska, a dru\u0161tvo se spasilo od novog lockdowna i njegovih posljedica: &#8220;Znamo da virusu gode zatvoreni i napu\u010deni prostori, i zato moramo pratiti mjere koje smanjuju prijenos virusa, posebno sada kad nas hladno vrijeme tjera da se okupljamo u zatvorenim prostorima\u201c.<\/p>\n","protected":false},"excerpt":{"rendered":"<p>Novo istra\u017eivanje Regionalnog ureda za Europu Svjetske zdravstvene organizacije i Europskog centra za prevenciju i kontrolu bolesti (ECDC) pokazuje da su \u017eivoti najmanje 470.000 ljudi starijih od 59 godina spa\u0161eni cijepljenjem. Istra\u017eivanjem su obuhva\u0107eni tjedni podaci o broju umrlih od zaraze korona virusom u 33 europske dr\u017eave. Radi se o procjeni broja umrlih u scenariju [&hellip;]<\/p>\n","protected":false},"author":9,"featured_media":40386,"comment_status":"closed","ping_status":"closed","sticky":false,"template":"","format":"standard","meta":{"footnotes":""},"categories":[454],"tags":[1080,858,884],"theme":[458],"country":[495],"articleformat":[205],"coauthors":[241],"class_list":["post-40381","post","type-post","status-publish","format-standard","has-post-thumbnail","hentry","category-naslovnica","tag-cjepivo","tag-korona-virus","tag-pandemija","theme-drustvo","country-europska-unija","articleformat-vijest"],"_links":{"self":[{"href":"https:\/\/www.bilten.org\/index.php?rest_route=\/wp\/v2\/posts\/40381","targetHints":{"allow":["GET"]}}],"collection":[{"href":"https:\/\/www.bilten.org\/index.php?rest_route=\/wp\/v2\/posts"}],"about":[{"href":"https:\/\/www.bilten.org\/index.php?rest_route=\/wp\/v2\/types\/post"}],"author":[{"embeddable":true,"href":"https:\/\/www.bilten.org\/index.php?rest_route=\/wp\/v2\/users\/9"}],"replies":[{"embeddable":true,"href":"https:\/\/www.bilten.org\/index.php?rest_route=%2Fwp%2Fv2%2Fcomments&post=40381"}],"version-history":[{"count":4,"href":"https:\/\/www.bilten.org\/index.php?rest_route=\/wp\/v2\/posts\/40381\/revisions"}],"predecessor-version":[{"id":40385,"href":"https:\/\/www.bilten.org\/index.php?rest_route=\/wp\/v2\/posts\/40381\/revisions\/40385"}],"wp:featuredmedia":[{"embeddable":true,"href":"https:\/\/www.bilten.org\/index.php?rest_route=\/wp\/v2\/media\/40386"}],"wp:attachment":[{"href":"https:\/\/www.bilten.org\/index.php?rest_route=%2Fwp%2Fv2%2Fmedia&parent=40381"}],"wp:term":[{"taxonomy":"category","embeddable":true,"href":"https:\/\/www.bilten.org\/index.php?rest_route=%2Fwp%2Fv2%2Fcategories&post=40381"},{"taxonomy":"post_tag","embeddable":true,"href":"https:\/\/www.bilten.org\/index.php?rest_route=%2Fwp%2Fv2%2Ftags&post=40381"},{"taxonomy":"theme","embeddable":true,"href":"https:\/\/www.bilten.org\/index.php?rest_route=%2Fwp%2Fv2%2Ftheme&post=40381"},{"taxonomy":"country","embeddable":true,"href":"https:\/\/www.bilten.org\/index.php?rest_route=%2Fwp%2Fv2%2Fcountry&post=40381"},{"taxonomy":"articleformat","embeddable":true,"href":"https:\/\/www.bilten.org\/index.php?rest_route=%2Fwp%2Fv2%2Farticleformat&post=40381"},{"taxonomy":"author","embeddable":true,"href":"https:\/\/www.bilten.org\/index.php?rest_route=%2Fwp%2Fv2%2Fcoauthors&post=40381"}],"curies":[{"name":"wp","href":"https:\/\/api.w.org\/{rel}","templated":true}]}}