{"id":40317,"date":"2021-11-26T01:41:00","date_gmt":"2021-11-26T00:41:00","guid":{"rendered":"https:\/\/www.bilten.org\/?p=40317"},"modified":"2021-11-29T09:21:10","modified_gmt":"2021-11-29T08:21:10","slug":"ivana-radacic-zakonski-okvir-dodatno-stigmatizira-seksualne-radnice","status":"publish","type":"post","link":"https:\/\/www.bilten.org\/?p=40317","title":{"rendered":"Ivana Rada\u010di\u0107: Zakonski okvir dodatno stigmatizira seksualne radnice"},"content":{"rendered":"\n<p>Ivana Rada\u010di\u0107 je znanstvenica s Instituta dru\u0161tvenih znanosti Ivo Pilar i \u010dlanica radne skupine UN-a zadu\u017eene za pitanja diskriminacije \u017eena u zakonima i praksi. Zadnjih desetak godina jedna je od rijetkih znanstvenika koji se bave istra\u017eivanjem fenomena seksualnog rada, trenutno kao voditeljica projekta &#8220;Regulacija prostitucije u Hrvatskoj&#8221; na institutu Ivo Pilar. Petra Karmeli\u0107 razgovarala je s njom na temu njenih istra\u017eivanja i polo\u017eaja seksualnih radnica u Hrvatskoj.<\/p>\n\n\n\n<p><strong>Osim va\u0161ih istra\u017eivanja, u hrvatskom kontekstu nitko se ne bavi temom seksualnog rada? Kako objasniti znanstveno ignoriranje ovog problema?<\/strong><\/p>\n\n\n\n<p>Prostitucija je tabu tema. Postoji odre\u0111ena stigma koja se vezuje uz nju, \u010dak i kad se radi o istra\u017eivanjima prostitucije. Nadalje, o fenomenu postoje izrazito opre\u010dna stajali\u0161ta u feminizmu, tako da istra\u017eiva\u010di\/ce \u010desto budu u nezavidnoj poziciji. Sve sam to iskusila na svojoj ko\u017ei.<\/p>\n\n\n\n<p><strong>Koji su najva\u017eniji nalazi va\u0161eg istra\u017eivanja o seksualnom radu u Hrvatskoj?<\/strong><\/p>\n\n\n\n<p>Prvo smo 2017. objavile <sup><a href=\"#footnote_1_40317\" id=\"identifier_1_40317\" class=\"footnote-link footnote-identifier-link\" title=\"Radi se o knjizi \u010dije su koautorice Ivana Rada\u010di\u0107 i Mojca Pajnik, op. ur.\">1<\/a><\/sup> rezultate jednogodi\u0161njeg kvalitativnog istra\u017eivanja prostitucije u Hrvatskoj i Sloveniji, koje je uklju\u010divalo analizu zakona, sudske prakse te intervjue s osobama koje prodaju seksualne usluge (<a rel=\"noreferrer noopener\" href=\"https:\/\/hrcak.srce.hr\/search\/?show=results&amp;stype=1&amp;c%5B0%5D=article_search&amp;t%5B0%5D=prostitution+in+croatia+and+slovenia\" target=\"_blank\">Prostitution in Croatia and Slovenia: Sex Workers&#8217; Experiences<\/a>). Ti su nalazi ukazivali na probleme hrvatskog kriminalizacijskog modela, \u0161to smo htjele dodatno istra\u017eiti \u010detverogodi\u0161njim projektom Hrvatske zaklade za znanost. <\/p>\n\n\n\n<p>Ovaj je pak projekt, koji je trenutno u tijeku, uklju\u010dio ve\u0107i broj sudskih spisa, kao i intervjue sa stru\u010dnjacima iz podru\u010dja dono\u0161enja javnih politika (relevantna ministarstva, uredi, saborski odbori, nezavisne institucije za ljudska prava te udruge civilnog dru\u0161tva) i stru\u010dnjake iz policijskog i pravosudnog sustava, uz intervjue s osobama koje prodaju seksualne usluge. <\/p>\n\n\n\n<p>Do sada provedene analize pokazuju da zakon (o prekr\u0161ajima protiv javnog reda i mira) nije u skladu sa standardima za\u0161tite ljudskih prava te da postoje odre\u0111ena kr\u0161enja prava seksualnih radnica\/ka tijekom sudskih postupka. Zakon kritiziraju svi stru\u010dnjaci s kojima smo <a href=\"https:\/\/hrcak.srce.hr\/index.php?show=clanak&amp;id_clanak_jezik=382066\" target=\"_blank\" rel=\"noreferrer noopener\">razgovarali<\/a>, a ve\u0107ina ih je za legalizaciju, posebice stru\u010dnjaci iz policijskog i pravosudnog sustava. Kriminalizaciju klijenata zagovaraju institucije i udruge koje se bave rodnom ravnopravno\u0161\u0107u dok udruge koje se bave smanjenjem \u0161tete zagovaraju potpunu dekriminalizaciju dobrovoljne prostitucije odraslih osoba. Dosad provedeni intervjui sa seksualnim radnicima\/ka, ukazuju, izme\u0111u ostalog, na negativne u\u010dinke zakonskog okvira na njihove \u017eivote.<\/p>\n\n\n\n<p><strong>Postoje li neke brojke, tj. procjene koliko se ljudi u Hrvatskoj bavi seksualnim radom? Tko uop\u0107e i na temelju \u010dega radi te procjene? (Neslu\u017ebene procjene kre\u0107u se izme\u0111u 6 i 7 tisu\u0107a). <\/strong><\/p>\n\n\n\n<p>Mi nismo uspjeli do\u0107i do nikakvih vjerodostojnih brojki. Institucije u svojim dokumentima nemaju takve procjene, a budu\u0107i da se radi o skrivenoj populaciji, te\u0161ko je vjerodostojno govoriti o odre\u0111enoj brojki.<\/p>\n\n\n\n<p><strong>Kakva je struktura ljudi koji se bave seksualnim radom? Ima li me\u0111u njima stranih radnica\/migrantkinja? Trans osoba?<\/strong><\/p>\n\n\n\n<p>Trenutno na projektu provodimo intervjue s osobama koje prodaju seksualne usluge i svakako \u017eelimo uklju\u010diti razli\u010dite glasove i iskustva. Dosad u uzorku nismo imali migrantkinje niti trans osobe: sve su osobe bile iz Hrvatske, ve\u0107inom cis \u017eene, uz nekolicinu cis mu\u0161karaca, razli\u010ditih profila, \u017eivotnih pri\u010da i iskustava u i izvan prostitucije. Me\u0111utim, od sugovornika u istra\u017eivanju smo \u010duli da ljeti dolaze \u017eene iz susjednih dr\u017eava, ali i \u0161ire, te smo nai\u0161li i na sudski slu\u010daj u kojem se radilo o iskori\u0161tavanju strankinja.<\/p>\n\n\n\n<p>\u0160to se ti\u010de uzorka okrivljenih pred prekr\u0161ajnim sudovima u tri najve\u0107a grada, radi se u najve\u0107em broju o \u017eenama srednjih godina koje su u nepovoljnom socio-ekonomskom polo\u017eaju, s osnovnim ili srednjo\u0161kolskim obrazovanjem, majki s djecom, \u0161to pokazuje tko su &#8220;mete&#8221; pravosudnog sustava.<\/p>\n\n\n\n<p><strong>Do\u017eivljavaju li seksualne radnice nasilje? Od koga? I prijavljuju li ga?<\/strong><\/p>\n\n\n\n<p>Na\u0161e prvo istra\u017eivanje pokazalo je da do\u017eivljavaju nasilje. Neke su se s nasiljem suo\u010davale ve\u0107 kao djeca u obitelji, \u0161to ih obi\u010dno \u010dini ranjivijima i kasnije. Najve\u0107i broj do\u017eivio je nasilje od organizatora, i to od ekonomskog preko fizi\u010dkog do seksualnog nasilja. Jedan dio do\u017eivio je i neki oblik nasilja od klijenata. Neke su se \u017ealile i na postupanja policajaca.<\/p>\n\n\n\n<p>U trenutnom istra\u017eivanju smo nai\u0161li na jedan sudski predmet gdje je osoba koja prodaje seksualne usluge zvala policiju zbog klijenta koji je bio nasilan. Ona je u tom postupku dobila prekr\u0161ajnu prijavu. Dakle, osobe koje prodaju seksualne usluge nasilje iznimno rijetko prijavljuju jer u tom slu\u010daju i one bivaju prekr\u0161ajno gonjene zbog odavanja prostituciji.<\/p>\n\n\n\n<p><strong>Zbog \u010dega kod nas nije do\u0161lo do nikakvog udru\u017eivanja seksualnih radnica, iako u susjednim zemljama imamo udruge?<\/strong><\/p>\n\n\n\n<p>Istra\u017eivanje je pokazalo da su u Hrvatskoj osobe koje se bave prostitucijom ve\u0107inom rade samostalno i ne poznaju druge osobe koje se time bave. Dosta njih se time bavi privremeno. Tako da ba\u0161 i ne postoji zajednica. S druge strane, \u010dinjenica da je prostitucija prekr\u0161ajno djelo i da postoji ogromna stigmatizacija osoba koje se time bave zasigurno ne poma\u017ee. No, u na\u0161em prija\u0161njem istra\u017eivanju sve na\u0161e sudionice kao jednu od preporuka za pobolj\u0161anje navele su upravo osnivanje udruga te centara u kojima bi mogle dobiti potrebnu podr\u0161ku.<\/p>\n<ol class=\"footnotes\"><li id=\"footnote_1_40317\" class=\"footnote\">Radi se o knjizi \u010dije su koautorice Ivana Rada\u010di\u0107 i Mojca Pajnik, op. ur.<span class=\"footnote-back-link-wrapper\">[<a href=\"#identifier_1_40317\" class=\"footnote-link footnote-back-link\">&#8617;<\/a>]<\/span><\/li><\/ol>","protected":false},"excerpt":{"rendered":"<p>Ivana Rada\u010di\u0107 je znanstvenica s Instituta dru\u0161tvenih znanosti Ivo Pilar i \u010dlanica radne skupine UN-a zadu\u017eene za pitanja diskriminacije \u017eena u zakonima i praksi. Zadnjih desetak godina jedna je od rijetkih znanstvenika koji se bave istra\u017eivanjem fenomena seksualnog rada, trenutno kao voditeljica projekta &#8220;Regulacija prostitucije u Hrvatskoj&#8221; na institutu Ivo Pilar. Petra Karmeli\u0107 razgovarala je [&hellip;]<\/p>\n","protected":false},"author":9,"featured_media":40377,"comment_status":"closed","ping_status":"closed","sticky":false,"template":"","format":"standard","meta":{"footnotes":""},"categories":[454],"tags":[174,1483,668,866],"theme":[455],"country":[38],"articleformat":[452],"coauthors":[1440,1614],"class_list":["post-40317","post","type-post","status-publish","format-standard","has-post-thumbnail","hentry","category-naslovnica","tag-feminizam","tag-prostitucija","tag-radnicka-prava","tag-seksualni-rad","theme-rad","country-hrvatska","articleformat-intervju"],"_links":{"self":[{"href":"https:\/\/www.bilten.org\/index.php?rest_route=\/wp\/v2\/posts\/40317","targetHints":{"allow":["GET"]}}],"collection":[{"href":"https:\/\/www.bilten.org\/index.php?rest_route=\/wp\/v2\/posts"}],"about":[{"href":"https:\/\/www.bilten.org\/index.php?rest_route=\/wp\/v2\/types\/post"}],"author":[{"embeddable":true,"href":"https:\/\/www.bilten.org\/index.php?rest_route=\/wp\/v2\/users\/9"}],"replies":[{"embeddable":true,"href":"https:\/\/www.bilten.org\/index.php?rest_route=%2Fwp%2Fv2%2Fcomments&post=40317"}],"version-history":[{"count":12,"href":"https:\/\/www.bilten.org\/index.php?rest_route=\/wp\/v2\/posts\/40317\/revisions"}],"predecessor-version":[{"id":40375,"href":"https:\/\/www.bilten.org\/index.php?rest_route=\/wp\/v2\/posts\/40317\/revisions\/40375"}],"wp:featuredmedia":[{"embeddable":true,"href":"https:\/\/www.bilten.org\/index.php?rest_route=\/wp\/v2\/media\/40377"}],"wp:attachment":[{"href":"https:\/\/www.bilten.org\/index.php?rest_route=%2Fwp%2Fv2%2Fmedia&parent=40317"}],"wp:term":[{"taxonomy":"category","embeddable":true,"href":"https:\/\/www.bilten.org\/index.php?rest_route=%2Fwp%2Fv2%2Fcategories&post=40317"},{"taxonomy":"post_tag","embeddable":true,"href":"https:\/\/www.bilten.org\/index.php?rest_route=%2Fwp%2Fv2%2Ftags&post=40317"},{"taxonomy":"theme","embeddable":true,"href":"https:\/\/www.bilten.org\/index.php?rest_route=%2Fwp%2Fv2%2Ftheme&post=40317"},{"taxonomy":"country","embeddable":true,"href":"https:\/\/www.bilten.org\/index.php?rest_route=%2Fwp%2Fv2%2Fcountry&post=40317"},{"taxonomy":"articleformat","embeddable":true,"href":"https:\/\/www.bilten.org\/index.php?rest_route=%2Fwp%2Fv2%2Farticleformat&post=40317"},{"taxonomy":"author","embeddable":true,"href":"https:\/\/www.bilten.org\/index.php?rest_route=%2Fwp%2Fv2%2Fcoauthors&post=40317"}],"curies":[{"name":"wp","href":"https:\/\/api.w.org\/{rel}","templated":true}]}}