{"id":40259,"date":"2021-11-19T15:05:28","date_gmt":"2021-11-19T14:05:28","guid":{"rendered":"https:\/\/www.bilten.org\/?p=40259"},"modified":"2021-11-19T15:17:09","modified_gmt":"2021-11-19T14:17:09","slug":"hrvatska-je-kriva-za-smrt-male-madine","status":"publish","type":"post","link":"https:\/\/www.bilten.org\/?p=40259","title":{"rendered":"Hrvatska je odgovorna za smrt male Madine"},"content":{"rendered":"\n<p>Europski sud za ljudska prava (ECHR) presudio je da je Hrvatska prekr\u0161ila odredbe Europske konvencije o ljudskim pravima prema obitelji \u0161estogodi\u0161nje afganistanske djevoj\u010dice Madine Hussiny, koja je 2017. poginula u naletu vlaka na srpsko-hrvatskoj granici. Presuda je objavljena ju\u010der (18. studenog), nekoliko dana uo\u010di \u010detvrte obljetnice Madinine smrti (21. studenog). Nakon Madinine smrti, njezina obitelj preko organizacije Are You Syrious (AYS) potra\u017eila je pravdu u Hrvatskoj, ali nakon \u0161to je Ustavni sud odbacio njihovu tu\u017ebu, obratili su se Europskom sudu za ljudska prava, prenosi <a rel=\"noreferrer noopener\" href=\"https:\/\/hr.n1info.com\/n1-komentar\/n1-komentar-o-smrti-malene-madine-pravda-je-spora-dostizna-i-dolazi-iz-europe\/\" target=\"_blank\">N1<\/a>. Presuda Europskog suda za ljudska prava pokazuje da dostupni dokazi vezani uz smrt djevoj\u010dice nisu dobro pregledani, kao i da iskazi svjedoka i \u017ertava nisu uzeti u obzir u istrazi. Signali policijskih mobitela nisu locirani kako bi se utvrdilo koja je strana u pravu, a snimke termovizijskih kamera su &#8221;nestale\u201c tokom istrage. Hrvatski Ustavni sud donio je presudu da ljudska prava nisu prekr\u0161ena, uz tri izdvojena mi\u0161ljenja sudaca.<\/p>\n\n\n\n<p>Dokazi i iskazi svjedoka pokazuju da su hrvatski policajci 21. studenog 2017. presreli Madinu, njezinu majku i jo\u0161 \u0161estero djece i natjerali ih da se vrate natrag na srpsku stranu, usmjeravaju\u0107i ih baterijskim lampama prema granici i pokazuju\u0107i im put, sve do pruge gdje je djevoj\u010dicu udario vlak. Prema tvrdnjama svjedoka, obitelj je pre\u0161la granicu gdje su ih presreli hrvatski policajci koji su ih protjerali prema srpskoj strani, umjesto da im omogu\u0107e da zatra\u017ee azil u policijskoj stanici<strong>. <\/strong>Presuda ECHR-a pokazuje i da je obitelj Madine Hussiny nakon jednog od prelaska granice smje\u0161tena u prostor zatvorskog tipa i da im je bio onemogu\u0107en pristup osobama koje bi im mogle pomo\u0107i.<\/p>\n\n\n\n<p>Na konferenciji za medije odr\u017eanoj jutros na Markovom trgu u Zagrebu, Sara Keku\u0161 iz Centra za mirovne studije izjavila je da o\u010dekuju hitnu smjenu odgovornih za smrt djeteta na na\u0161im granicama zbog postupaka institucija koje financiraju gra\u0111ani. Tra\u017ei se smjena glavnog ravnatelja policije Nikole Miline te na\u010delnika Uprave za granicu policije i pomo\u0107nika glavnog ravnatelja policije Zorana Ni\u010dena. Tako\u0111er, tra\u017ee smjenu potpredsjednika Vlade i ministra unutarnjih poslova Davora Bo\u017einovi\u0107a, kao i dr\u017eavne tajnice Terezije Gras, uklju\u010dene u pritiske na branitelje ljudskih prava i blokiranje neovisnih me\u0111unarodnih istraga. &#8221;Ovim ljudima se ne mo\u017ee dopustiti da svu krivnju svale na ljude najni\u017ee u hijerarhiji policije&#8221;, izjavila je Keku\u0161.<\/p>\n\n\n\n<p>Europski sud za ljudska prava odredio je da Hrvatska mora obitelji Madine Hussiny platiti 40.000 eura od\u0161tete i 16.700 eura sudskih tro\u0161kova. Tajana Tadi\u0107 iz Are You Syrious (AYS) <a rel=\"noreferrer noopener\" href=\"https:\/\/dnevnik.hr\/vijesti\/koronavirus\/cetiri-godine-od-smrti-male-madine-presuda-europskog-suda-za-ljudska-prava-vazna-lekcija-hrvatskoj---684643.html\" target=\"_blank\">komentirala<\/a> je: &#8221;Nijedna presuda, niti jedna nov\u010dana naknada ne\u0107e ovo dijete vratiti u \u017eivot, ali osje\u0107amo barem malu zadovolj\u0161tinu da smo uspjeli ispuniti barem dio u odnosu na ono \u0161to smo obe\u0107ali obitelji male Madine, da \u0107emo se izboriti za pravdu, a sve u nadi da se ovo vi\u0161e nikada ne\u0107e dogoditi&nbsp;niti jednoj osobi, djetetu, \u017eeni ili mu\u0161karcu te da \u0107e biti prekretnica da se promijene politike&#8221;. Tadi\u0107 je naglasila da su aktivisti u Hrvatskoj bili zastra\u0161ivani zbog pomaganja Madininoj obitelji: &#8221;U ovoj izrazito va\u017enoj presudi, izme\u0111u ostaloga, stoji i da su na\u0161i volonteri bili zastra\u0161ivani, pa \u010dak i sudski gonjeni zbog podr\u0161ke obitelji male Madine, upravo zato da ovaj slu\u010daj ne do\u0111e do Strasbourga (\u2026) Ova presuda ne smije ostati samo na tome da Republika Hrvatska iz dr\u017eavnog prora\u010duna plati 40.000 eura naknade \u0161tete Madininoj obitelji. Zbog svih \u017ertava na na\u0161im granicama, zbog ljudi koji su na njoj umrli, kao i zbog svih aktivista koje se zastra\u0161uje kako bi o tome \u0161utjeli, vrijeme je da se pravdi privedu i oni koji to nasilje omogu\u0107uju i zata\u0161kavaju, a ta odgovornost mora se tra\u017eiti u vrhu Ministarstva unutarnjih poslova (MUP)&#8221;.<\/p>\n","protected":false},"excerpt":{"rendered":"<p>Europski sud za ljudska prava (ECHR) presudio je da je Hrvatska prekr\u0161ila odredbe Europske konvencije o ljudskim pravima prema obitelji \u0161estogodi\u0161nje afganistanske djevoj\u010dice Madine Hussiny, koja je 2017. poginula u naletu vlaka na srpsko-hrvatskoj granici. Presuda je objavljena ju\u010der (18. studenog), nekoliko dana uo\u010di \u010detvrte obljetnice Madinine smrti (21. studenog). Nakon Madinine smrti, njezina obitelj [&hellip;]<\/p>\n","protected":false},"author":9,"featured_media":40261,"comment_status":"closed","ping_status":"closed","sticky":false,"template":"","format":"standard","meta":{"footnotes":""},"categories":[454],"tags":[1362,851,1610,655,1418,912],"theme":[456],"country":[38],"articleformat":[205],"coauthors":[241],"class_list":["post-40259","post","type-post","status-publish","format-standard","has-post-thumbnail","hentry","category-naslovnica","tag-azil","tag-izbjeglice","tag-madina-hussiny","tag-policija","tag-protjerivanje","tag-push-back","theme-politika","country-hrvatska","articleformat-vijest"],"_links":{"self":[{"href":"https:\/\/www.bilten.org\/index.php?rest_route=\/wp\/v2\/posts\/40259","targetHints":{"allow":["GET"]}}],"collection":[{"href":"https:\/\/www.bilten.org\/index.php?rest_route=\/wp\/v2\/posts"}],"about":[{"href":"https:\/\/www.bilten.org\/index.php?rest_route=\/wp\/v2\/types\/post"}],"author":[{"embeddable":true,"href":"https:\/\/www.bilten.org\/index.php?rest_route=\/wp\/v2\/users\/9"}],"replies":[{"embeddable":true,"href":"https:\/\/www.bilten.org\/index.php?rest_route=%2Fwp%2Fv2%2Fcomments&post=40259"}],"version-history":[{"count":8,"href":"https:\/\/www.bilten.org\/index.php?rest_route=\/wp\/v2\/posts\/40259\/revisions"}],"predecessor-version":[{"id":40268,"href":"https:\/\/www.bilten.org\/index.php?rest_route=\/wp\/v2\/posts\/40259\/revisions\/40268"}],"wp:featuredmedia":[{"embeddable":true,"href":"https:\/\/www.bilten.org\/index.php?rest_route=\/wp\/v2\/media\/40261"}],"wp:attachment":[{"href":"https:\/\/www.bilten.org\/index.php?rest_route=%2Fwp%2Fv2%2Fmedia&parent=40259"}],"wp:term":[{"taxonomy":"category","embeddable":true,"href":"https:\/\/www.bilten.org\/index.php?rest_route=%2Fwp%2Fv2%2Fcategories&post=40259"},{"taxonomy":"post_tag","embeddable":true,"href":"https:\/\/www.bilten.org\/index.php?rest_route=%2Fwp%2Fv2%2Ftags&post=40259"},{"taxonomy":"theme","embeddable":true,"href":"https:\/\/www.bilten.org\/index.php?rest_route=%2Fwp%2Fv2%2Ftheme&post=40259"},{"taxonomy":"country","embeddable":true,"href":"https:\/\/www.bilten.org\/index.php?rest_route=%2Fwp%2Fv2%2Fcountry&post=40259"},{"taxonomy":"articleformat","embeddable":true,"href":"https:\/\/www.bilten.org\/index.php?rest_route=%2Fwp%2Fv2%2Farticleformat&post=40259"},{"taxonomy":"author","embeddable":true,"href":"https:\/\/www.bilten.org\/index.php?rest_route=%2Fwp%2Fv2%2Fcoauthors&post=40259"}],"curies":[{"name":"wp","href":"https:\/\/api.w.org\/{rel}","templated":true}]}}