{"id":40055,"date":"2021-11-02T12:16:23","date_gmt":"2021-11-02T11:16:23","guid":{"rendered":"https:\/\/www.bilten.org\/?p=40055"},"modified":"2021-11-02T12:18:00","modified_gmt":"2021-11-02T11:18:00","slug":"kriza-europskog-sektora-skrbi","status":"publish","type":"post","link":"https:\/\/www.bilten.org\/?p=40055","title":{"rendered":"Kriza europskog sektora skrbi"},"content":{"rendered":"\n<p>Europska konfederacija sindikata (ETUC) poziva \u010delnike EU da osiguraju investicije i pravedne pla\u0107e u sektoru skrbi i njege, nakon \u0161to je novi izvje\u0161taj <a href=\"https:\/\/www.etuc.org\/en\/pressrelease\/low-pay-causing-exodus-care-workers\" target=\"_blank\" rel=\"noreferrer noopener\">otkrio<\/a> da se u tom sektoru doga\u0111a pravi egzodus radnika, posebno otkako je nastupila pandemija te najizra\u017eenije u poslovima dugoro\u010dne rezidencijalne skrbi za djecu. Izme\u0111u 2019. i 2021. preko 400.000 radnika\/ica napustilo je ovaj sektor zbog lo\u0161ih pla\u0107a i uvjeta rada, prema <a href=\"https:\/\/www.epsu.org\/article\/epsu-report-reveals-hundreds-thousands-long-term-care-workers-leaving-sector\" target=\"_blank\" rel=\"noreferrer noopener\">podacima<\/a> Europskog sindikata javnih slu\u017ebi (EPSU). Egzodus je posebno izra\u017een u sektoru dugotrajne institucionalne skrbi, ali odnosi se i na ostale poslove unutar zdravstva, institucionalne brige o pred\u0161kolskoj djeci, starijim osobama i osobama s odre\u0111enim potrebama, poput osoba s invaliditetom.<\/p>\n\n\n\n<p>Povodom prigodnog praznika (Global Day\u00a0of\u00a0Action for Care, 29. listopada<strong>)<\/strong>, ETUC poziva Europsku uniju da osigura investicije u sektor skrbi tako da ostvari obe\u0107anja o Europskoj strategiji skrbi (&#8220;EU Care Strategy&#8221;), kao i kroz ekonomske i socijalne preporuke te reviziju pravila o ekonomskoj politici EU. Uz pove\u0107ane investicije u sektor, europski sindikati pozivaju EU da sindikatima omogu\u0107i neometano kolektivno pregovaranje o pla\u0107ama i uvjetima rada za radnu snagu koja je u ovom sektoru ve\u0107inom \u017eenska i lo\u0161e pla\u0107ena \u2013 kroz usvajanje najavljenih direktiva o <a rel=\"noreferrer noopener\" href=\"https:\/\/www.bilten.org\/?p=34415\" target=\"_blank\">adekvatnoj minimalnoj pla\u0107i<\/a>, kolektivnom pregovaranju i <a rel=\"noreferrer noopener\" href=\"https:\/\/www.bilten.org\/?p=35068\" target=\"_blank\">transparentnosti pla\u0107a<\/a>.<\/p>\n\n\n\n<p>Skrb za starije osobe, pred\u0161kolsku djecu i osobe s dugoro\u010dnim potrebama nije samo ekonomski tro\u0161ak, ve\u0107 je i dru\u0161tvena i moralna obaveza, nagla\u0161ava Europska sindikalna konfederacija. Rije\u010dima konfederacijske tajnice ETUC-a Liine Carr: &#8220;Mjere \u0161tednje i privatizacija ostavile su sektor skrbi u kriznom stanju prije pandemije, a COVID je tome dodao ogroman pritisak. Europska unija postavila je brojne ciljeve za oporavak poput onih o zelenoj i digitalnoj tranziciji, ali nema cilja koji se ti\u010de socijalnih ulaganja. Dr\u017eave \u010dlanice koriste neke fondove za oporavak za investicije u zdravstvo, ali uglavnom ne pove\u0107avaju investicije u dugoro\u010dnu skrb i brigu o djeci. EU mora iskoristiti mogu\u0107nosti koje sada ima za stvaranje sektora skrbi koji je dostojan tog naziva.&#8221;<\/p>\n\n\n\n<p>Zamjenica glavnog tajnika ETUC-a, Esther Lynch je izjavila: &#8220;Pla\u0107e i uvjeti rada ovih radnika moraju se popraviti. \u017dene \u010dine 76% od ukupno 49 milijuna radnika u sektoru skrbi u EU, koji su potpla\u0107eni iako se smatraju \u201eesencijalnima\u201c. Briga o drugima je fizi\u010dki i emocionalno zahtjevan posao, koji je debelo podcijenjen. Dvije Direktive koje trenutno prolaze kroz EU institucije moraju omogu\u0107iti kolektivne pregovore izme\u0111u sindikata i poslodavaca kako bi ove radnice dobile ono \u0161to trebaju i zaslu\u017euju.&#8221;<\/p>\n","protected":false},"excerpt":{"rendered":"<p>Europska konfederacija sindikata (ETUC) poziva \u010delnike EU da osiguraju investicije i pravedne pla\u0107e u sektoru skrbi i njege, nakon \u0161to je novi izvje\u0161taj otkrio da se u tom sektoru doga\u0111a pravi egzodus radnika, posebno otkako je nastupila pandemija te najizra\u017eenije u poslovima dugoro\u010dne rezidencijalne skrbi za djecu. Izme\u0111u 2019. i 2021. preko 400.000 radnika\/ica napustilo [&hellip;]<\/p>\n","protected":false},"author":9,"featured_media":40058,"comment_status":"closed","ping_status":"closed","sticky":false,"template":"","format":"standard","meta":{"footnotes":""},"categories":[454],"tags":[1603,1136,460],"theme":[455],"country":[495],"articleformat":[205],"coauthors":[241],"class_list":["post-40055","post","type-post","status-publish","format-standard","has-post-thumbnail","hentry","category-naslovnica","tag-dugotrajna-skrb","tag-njega-i-skrb","tag-sindikati","theme-rad","country-europska-unija","articleformat-vijest"],"_links":{"self":[{"href":"https:\/\/www.bilten.org\/index.php?rest_route=\/wp\/v2\/posts\/40055","targetHints":{"allow":["GET"]}}],"collection":[{"href":"https:\/\/www.bilten.org\/index.php?rest_route=\/wp\/v2\/posts"}],"about":[{"href":"https:\/\/www.bilten.org\/index.php?rest_route=\/wp\/v2\/types\/post"}],"author":[{"embeddable":true,"href":"https:\/\/www.bilten.org\/index.php?rest_route=\/wp\/v2\/users\/9"}],"replies":[{"embeddable":true,"href":"https:\/\/www.bilten.org\/index.php?rest_route=%2Fwp%2Fv2%2Fcomments&post=40055"}],"version-history":[{"count":3,"href":"https:\/\/www.bilten.org\/index.php?rest_route=\/wp\/v2\/posts\/40055\/revisions"}],"predecessor-version":[{"id":40060,"href":"https:\/\/www.bilten.org\/index.php?rest_route=\/wp\/v2\/posts\/40055\/revisions\/40060"}],"wp:featuredmedia":[{"embeddable":true,"href":"https:\/\/www.bilten.org\/index.php?rest_route=\/wp\/v2\/media\/40058"}],"wp:attachment":[{"href":"https:\/\/www.bilten.org\/index.php?rest_route=%2Fwp%2Fv2%2Fmedia&parent=40055"}],"wp:term":[{"taxonomy":"category","embeddable":true,"href":"https:\/\/www.bilten.org\/index.php?rest_route=%2Fwp%2Fv2%2Fcategories&post=40055"},{"taxonomy":"post_tag","embeddable":true,"href":"https:\/\/www.bilten.org\/index.php?rest_route=%2Fwp%2Fv2%2Ftags&post=40055"},{"taxonomy":"theme","embeddable":true,"href":"https:\/\/www.bilten.org\/index.php?rest_route=%2Fwp%2Fv2%2Ftheme&post=40055"},{"taxonomy":"country","embeddable":true,"href":"https:\/\/www.bilten.org\/index.php?rest_route=%2Fwp%2Fv2%2Fcountry&post=40055"},{"taxonomy":"articleformat","embeddable":true,"href":"https:\/\/www.bilten.org\/index.php?rest_route=%2Fwp%2Fv2%2Farticleformat&post=40055"},{"taxonomy":"author","embeddable":true,"href":"https:\/\/www.bilten.org\/index.php?rest_route=%2Fwp%2Fv2%2Fcoauthors&post=40055"}],"curies":[{"name":"wp","href":"https:\/\/api.w.org\/{rel}","templated":true}]}}