{"id":40001,"date":"2021-10-26T12:53:04","date_gmt":"2021-10-26T11:53:04","guid":{"rendered":"https:\/\/www.bilten.org\/?p=40001"},"modified":"2021-10-26T12:53:05","modified_gmt":"2021-10-26T11:53:05","slug":"godinu-dana-nakon-gotovo-potpune-zabrane-pobacaja-u-poljskoj","status":"publish","type":"post","link":"https:\/\/www.bilten.org\/?p=40001","title":{"rendered":"Godinu dana nakon gotovo potpune zabrane poba\u010daja u Poljskoj"},"content":{"rendered":"\n<p>Poljska je prije godinu dana dodatno poo\u0161trila ionako vrlo restriktivan zakon o poba\u010daju \u2013 22. listopada 2020. odlu\u010deno je da je prekid trudno\u0107e protuustavan \u010dak i u slu\u010daju ozbiljnih malformacija fetusa, \u0161to je izazvalo masovne <a href=\"https:\/\/www.bilten.org\/?p=36120\" target=\"_blank\" rel=\"noreferrer noopener\">prosvjede<\/a>. Godinu dana kasnije, organizacije za ljudska prava izvje\u0161tavaju o posljedicama zabrane i tra\u017ee pomo\u0107 od Europske unije.<\/p>\n\n\n\n<p>Presuda o dodatnom poo\u0161trenju zabrane poba\u010daja stupila je na snagu u sije\u010dnju 2021., a od tada su jedini izuzeci slu\u010dajevi silovanja i incesta te trudno\u0107a koja ugro\u017eava \u017eivot trudnice. Do dono\u0161enja posljednje zabrane, preko 90% svih poba\u010daja (kojih je godi\u0161nje u Poljskoj bilo oko 1.000) bili su upravo slu\u010dajevi te\u0161kih malformacija fetusa. \u010clanovi vladaju\u0107e strane Pravo i pravda (<em>Prawo i Sprawiedliwo\u015b\u0107<\/em>) novom su zabranom htjeli sprije\u010diti poba\u010daje u slu\u010daju fetusa s Downovim sindromom, ili kako je to sro\u010dio poljski predsjednik Andrzej Duda, &#8220;ubijanje invalidne djece&#8221; \u2013 zanemaruju\u0107i \u010dinjenicu da je prisiljavanje \u017eena da nose malformirani plod me\u0111unarodno prepoznato kao oblik mu\u010denja, kao i da se uskra\u0107ivanjem medicinske skrbi u takvim slu\u010dajevima kr\u0161e brojni me\u0111unarodni zakoni i rezolucije.<\/p>\n\n\n\n<h2 class=\"wp-block-heading\"><strong>Udruge umjesto dr\u017eave<\/strong><\/h2>\n\n\n\n<p>&#8220;Trudnice su suo\u010dene s ogromnim preprekama otkako je Ustavni sud donio odluku koja je prakti\u010dki zabranila legalne poba\u010daje u Poljskoj&#8221;, 14 organizacija za ljudska prava <a rel=\"noreferrer noopener\" href=\"https:\/\/www.euronews.com\/2021\/10\/22\/one-year-after-poland-s-anti-abortion-ruling-eu-urged-to-act-to-uphold-women-s-rights\" target=\"_blank\">napisalo<\/a> je u izjavi koja je objavljena pro\u0161log utorka. &#8220;Odluka ustavnog suda nanijela je neprocjenjivu \u0161tetu \u017eenama i djevojkama \u2013 posebno onima koje su siroma\u0161ne, \u017eive u ruralnim podru\u010djima, ili su dio marginaliziranih skupina&#8221;, izjavila je Ursula Grycuk, koordinatorica u organizaciji Federa (Federacija za \u017eene i planiranje obitelji). &#8220;Dignitet, sloboda i zdravlje trudnica je ugro\u017eeno jer im vlada brani pristup osnovnoj reproduktivnoj zdravstvenoj skrbi&#8221;. Kao \u0161to je <a rel=\"noreferrer noopener\" href=\"https:\/\/www.nbcnews.com\/think\/opinion\/abortion-rates-don-t-drop-when-procedure-outlawed-it-does-ncna1235174\" target=\"_blank\">poznato<\/a>, zabrana ne rezultira stvarnim smanjenjem broja poba\u010daja, ve\u0107 se poba\u010daji obavljaju u inozemstvu, ili, u slu\u010daju onih koji to ne mogu priu\u0161titi, u nesigurnim uvjetima. Od svih poba\u010daja koji se godi\u0161nje obave na svijetu, gotovo polovica (35 milijuna) doga\u0111a se u nesigurnim uvjetima, \u0161to rezultira s oko 23.000 smrti godi\u0161nje koje su mogle biti sprije\u010dene.<\/p>\n\n\n\n<p>Unato\u010d zabrani poba\u010daja, organizacije koje se bave reproduktivnim pravima nikada nisu bile zaposlenije: u Federi je obavljeno 8.100 savjetovanja u 11 mjeseci nakon dono\u0161enja odluke, \u0161to je trostruko vi\u0161e u usporedbi s prethodnim godinama. Iz organizacije Abortion Without Borders koja poma\u017ee \u017eenama iz dr\u017eava u kojima je poba\u010daj ilegalan ili vrlo restriktivan kao u Poljskoj, izvje\u0161tavaju da je u posljednjih godinu dana \u010dak 34.000 osoba iz Poljske tra\u017eilo pomo\u0107 kako bi do\u0161le do poba\u010daja. Te organizacije pru\u017eaju informacije o tome gdje se poba\u010daj mo\u017ee obaviti i daju kontakte lije\u010dnika i drugih organizacija u inozemstvu.<\/p>\n\n\n\n<p>Ako je trudno\u0107a otkrivena u dovoljno ranoj fazi, \u017eene mogu naru\u010diti tablete za poba\u010daj od organizacija iz inozemstva, a druga opcija je obaviti poba\u010daj u inozemstvu, ali to je vrlo skupo. &#8220;Postoje organizacije koje pru\u017eaju financijsku podr\u0161ku osobama koje trebaju obaviti poba\u010daj, ali one iz marginaliziranih skupina \u010desto ostaju bez ikakve pomo\u0107i i informacija, a to bi trebala biti du\u017enost dr\u017eave&#8221;, obja\u0161njava Ursula Grycuk za Euronews.<\/p>\n\n\n\n<p>Budu\u0107i da je dr\u017eava zakazala, udruge poku\u0161avaju pomo\u0107i \u017eenama na sve mogu\u0107e na\u010dine: &#8220;Tako\u0111er poku\u0161avamo probiti put do poba\u010daja putem problema s mentalnim zdravljem. Bez pretjerivanja, dobivamo telefonske pozive od \u017eena koje nam govore &#8216;Ako ne dobijem pomo\u0107, ubit \u0107u se.&#8217; Stoga poku\u0161avamo u slu\u010dajevima u kojima je mentalno zdravlje ugro\u017eeno \u017eene uputiti psihijatrima koji mogu izdati potvrde o nu\u017enosti poba\u010daja zbog opasnosti po \u017eivot i zdravlje trudnice\u201c, rekla je Grycuk. Me\u0111utim, dodala je da je odluka ustavnog suda imala obeshrabruju\u0107i u\u010dinak na lije\u010dnike \u2013 oni koji obavljaju poba\u010daje suo\u010deni su s mogu\u0107nosti zatvorske kazne u trajanju do tri godine.<\/p>\n\n\n\n<p>Jo\u0161 jedna neplanirana posljedica zabrane jest to da manji broj \u017eena radi prenatalno testiranje, odnosno testove koji otkrivaju informacije o zdravlju trudnice i ploda, pa tako i mogu\u0107a kromosomska oboljenja, &#8220;jer znaju da ionako ni\u0161ta ne mogu napraviti i da svaka \u017eena mora iznijeti trudno\u0107u bez obzira na sve.\u201c<\/p>\n\n\n\n<h2 class=\"wp-block-heading\"><strong>70% Poljaka\/inja protiv odluke o zabrani<\/strong><\/h2>\n\n\n\n<p>Marta Lempart, suosniva\u010dica Poljskog \u017eenskog \u0161trajka (<a rel=\"noreferrer noopener\" href=\"https:\/\/www.facebook.com\/ogolnopolskistrajkkobiet\/\" target=\"_blank\">Og\u00f3lnopolski Strajk Kobiet<\/a>), neformalne koalicije koja okuplja organizacije i pojedince\/ke koje se bore za \u017eenska prava i demokraciju, izjavila je: &#8220;Godinu dana kasnije, glavna stvar kojom se bavimo je prikupljanje potpisa za legalizaciju poba\u010daja u Poljskoj. Moramo prikupiti 100.000 potpisa da bi se u nekom trenutku parlament morao pozabaviti legalizacijom poba\u010daja u dr\u017eavi.&#8221; Zakon za koji se prikupljaju potpisi dopu\u0161tao bi poba\u010daj do 12. tjedna trudno\u0107e, pa i kasnije u nekim slu\u010dajevima poput trudno\u0107e koja je posljedica silovanja ili incesta.<\/p>\n\n\n\n<p>Lempart je uvjerena da \u0107e zabrana biti poni\u0161tena u budu\u0107nosti, i istaknula da su istra\u017eivanja javnog mnijenja pokazala da se ve\u0107ina Poljaka\/inja protivi trenutnoj gotovo potpunoj zabrani poba\u010daja \u2013 istra\u017eivanje provedeno pro\u0161le godine pokazalo je da se vi\u0161e od 70% Poljaka\/inja protivi presudi Ustavnog suda. U me\u0111uvremenu, ultrakonzervativne vjerske skupine tako\u0111er su pokrenule nove gra\u0111anske inicijative za dodatno poo\u0161travanje pravila o poba\u010daju pa tako predla\u017eu da se zatvorska kazna za \u017eene koje pobace i sve koji im u tom pomognu pove\u0107a na 25 godina.<\/p>\n\n\n\n<h2 class=\"wp-block-heading\">Spas iz EU?<\/h2>\n\n\n\n<p>Jo\u0161 jedna posljedica zabrane poba\u010daja je porast prijetnja i represije nad organizacijama koje se bave ljudskim pravima. Grycuk je izjavila da su sve aktivistkinje Federe, uklju\u010duju\u0107i i nju, dobivale prijetnje smr\u0107u. Prijetnje su prijavljene policiji, ali po\u010dinitelji nikada nisu identificirani pa je istraga obustavljena. Grycuk je tako\u0111er na vratima svog ureda jednog dana zatekla natpis &#8220;Ovdje ubijaju djecu&#8221;. &#8220;Policija nas tu\u010de na demonstracijama. Protiv nas podi\u017eu politi\u010dki motivirane tu\u017ebe. Nezakonito nas privode. Sve se to doga\u0111a, a nitko se ne suo\u010dava s posljedicama\u201c, rekla je Marta Lempart. Mu\u0161karac za kojeg se sumnja da stoji iza prijetnji smr\u0107u Marti Lempart je uhi\u0107en, a prema Lempart, tada je policija reagirala samo zato \u0161to se radi o osobi koja ima vrlo sli\u010dan profil ubojici Pawe\u0142a Adamowicza, gradona\u010delnika Gdanska koji je ubijen u sije\u010dnju 2019. Ina\u010de policija sustavno ignorira prijave koje dobivaju od organizacija za ljudska prava, isti\u010de Lempart.<\/p>\n\n\n\n<p>Europski parlament pro\u0161log je \u010detvrtka izglasao <a rel=\"noreferrer noopener\" href=\"https:\/\/www.europarl.europa.eu\/news\/en\/press-room\/20210910IPR11928\/poland-attacks-on-media-freedom-and-the-eu-legal-order-need-to-stop#:~:text=In%20a%20resolution%20adopted%20on,rule%20of%20law%20in%20Poland.\" target=\"_blank\">rezoluciju<\/a> kojom je osudio pogor\u0161anje slobode medija i presudu o zabrani poba\u010daja u Poljskoj koju je povezao s krizom vladavine prava u Poljskoj. Rezolucija &#8220;nagla\u0161ava nelegitimnost presude od 22. listopada 2020. i primje\u0107uje da su ova ozbiljna ograni\u010denja reproduktivnog zdravlja i prava \u017eena nezakonita.&#8221; U zajedni\u010dkoj izjavi objavljenoj pro\u0161log utorka, 14 organizacija za ljudska prava obratilo se Europskoj komisiji da iskoristi sve alate koji su joj dostupni kako bi ponovno uspostavila vladavinu prava u Poljskoj, poput novousvojenog mehanizma koji povezuje pristup EU fondovima s po\u0161tivanjem vrijednosti Europske unije. Me\u0111utim, na sastanku Vije\u0107a Europe odr\u017eanom pro\u0161log tjedna, od takvih se mjera zasad <a rel=\"noreferrer noopener\" href=\"https:\/\/www.euronews.com\/2021\/10\/22\/eu-summit-leaders-endorse-temporary-measures-for-energy-crunch-and-dialogue-for-polish-leg\" target=\"_blank\">odustalo<\/a>.<\/p>\n","protected":false},"excerpt":{"rendered":"<p>Poljska je prije godinu dana dodatno poo\u0161trila ionako vrlo restriktivan zakon o poba\u010daju \u2013 22. listopada 2020. odlu\u010deno je da je prekid trudno\u0107e protuustavan \u010dak i u slu\u010daju ozbiljnih malformacija fetusa, \u0161to je izazvalo masovne prosvjede. Godinu dana kasnije, organizacije za ljudska prava izvje\u0161tavaju o posljedicama zabrane i tra\u017ee pomo\u0107 od Europske unije. Presuda o [&hellip;]<\/p>\n","protected":false},"author":9,"featured_media":36122,"comment_status":"closed","ping_status":"closed","sticky":false,"template":"","format":"standard","meta":{"footnotes":""},"categories":[454],"tags":[161,552,286,1206],"theme":[456],"country":[1102],"articleformat":[205],"coauthors":[241],"class_list":["post-40001","post","type-post","status-publish","format-standard","has-post-thumbnail","hentry","category-naslovnica","tag-ljudska-prava","tag-pobacaj","tag-poljska","tag-zenska-prava","theme-politika","country-poljska","articleformat-vijest"],"_links":{"self":[{"href":"https:\/\/www.bilten.org\/index.php?rest_route=\/wp\/v2\/posts\/40001","targetHints":{"allow":["GET"]}}],"collection":[{"href":"https:\/\/www.bilten.org\/index.php?rest_route=\/wp\/v2\/posts"}],"about":[{"href":"https:\/\/www.bilten.org\/index.php?rest_route=\/wp\/v2\/types\/post"}],"author":[{"embeddable":true,"href":"https:\/\/www.bilten.org\/index.php?rest_route=\/wp\/v2\/users\/9"}],"replies":[{"embeddable":true,"href":"https:\/\/www.bilten.org\/index.php?rest_route=%2Fwp%2Fv2%2Fcomments&post=40001"}],"version-history":[{"count":2,"href":"https:\/\/www.bilten.org\/index.php?rest_route=\/wp\/v2\/posts\/40001\/revisions"}],"predecessor-version":[{"id":40003,"href":"https:\/\/www.bilten.org\/index.php?rest_route=\/wp\/v2\/posts\/40001\/revisions\/40003"}],"wp:featuredmedia":[{"embeddable":true,"href":"https:\/\/www.bilten.org\/index.php?rest_route=\/wp\/v2\/media\/36122"}],"wp:attachment":[{"href":"https:\/\/www.bilten.org\/index.php?rest_route=%2Fwp%2Fv2%2Fmedia&parent=40001"}],"wp:term":[{"taxonomy":"category","embeddable":true,"href":"https:\/\/www.bilten.org\/index.php?rest_route=%2Fwp%2Fv2%2Fcategories&post=40001"},{"taxonomy":"post_tag","embeddable":true,"href":"https:\/\/www.bilten.org\/index.php?rest_route=%2Fwp%2Fv2%2Ftags&post=40001"},{"taxonomy":"theme","embeddable":true,"href":"https:\/\/www.bilten.org\/index.php?rest_route=%2Fwp%2Fv2%2Ftheme&post=40001"},{"taxonomy":"country","embeddable":true,"href":"https:\/\/www.bilten.org\/index.php?rest_route=%2Fwp%2Fv2%2Fcountry&post=40001"},{"taxonomy":"articleformat","embeddable":true,"href":"https:\/\/www.bilten.org\/index.php?rest_route=%2Fwp%2Fv2%2Farticleformat&post=40001"},{"taxonomy":"author","embeddable":true,"href":"https:\/\/www.bilten.org\/index.php?rest_route=%2Fwp%2Fv2%2Fcoauthors&post=40001"}],"curies":[{"name":"wp","href":"https:\/\/api.w.org\/{rel}","templated":true}]}}