{"id":39721,"date":"2021-10-01T12:41:38","date_gmt":"2021-10-01T11:41:38","guid":{"rendered":"https:\/\/www.bilten.org\/?p=39721"},"modified":"2021-10-01T12:44:17","modified_gmt":"2021-10-01T11:44:17","slug":"belgija-ce-financirati-pobacaje-za-poljakinje","status":"publish","type":"post","link":"https:\/\/www.bilten.org\/?p=39721","title":{"rendered":"Belgija \u0107e financirati poba\u010daje za Poljakinje"},"content":{"rendered":"\n<p>Belgijska vlada najavila je da \u0107e <a rel=\"noreferrer noopener\" href=\"https:\/\/www.independent.co.uk\/news\/world\/europe\/belgium-funding-poland-abortion-ban-b1928450.html\" target=\"_blank\">financirati<\/a> poba\u010daje za \u017eene u Poljskoj koje su zbog nedavno uvedene gotovo potpune zabrane poba\u010daja prisiljene putovati u druge zemlje da bi prekinule ne\u017eeljenu trudno\u0107u. Belgijska vlada \u0107e donirati 10 tisu\u0107a eura poljskoj organizaciji <a rel=\"noreferrer noopener\" href=\"https:\/\/abortion.eu\/\" target=\"_blank\">Aborcja Bez Granic<\/a> (Poba\u010daj bez granica) koja poma\u017ee Poljakinjama koje moraju putovati u druge dr\u017eave da bi obavile poba\u010daj. Ta \u0107e se sredstva koristiti za tro\u0161kove putovanja, kao i za tro\u0161ak samog zahvata. Prema organizacijama za \u017eenska prava, pandemija je ograni\u010dila pristup poba\u010daju \u017eenama iz Poljske zbog zabrana putovanja u inozemstvo. Mnoge \u017eene iz Poljske odlaze u Njema\u010dku, Slova\u010dku i druge europske dr\u017eave obaviti poba\u010daj u slu\u010dajevima koji bi prema trenutnom zakonu bili ilegalni, ili kada bolnice odbiju obaviti proceduru \u010dak i kada je ona zakonski dozvoljena.<\/p>\n\n\n\n<p>Gotovo potpuna zabrana poba\u010daja u Poljskoj uvedena je u listopadu 2020., a na snagu je stupila 27. sije\u010dnja ove godine. Tada je ve\u0107 ionako restriktivni zakon o poba\u010daju dodatno poo\u0161tren, pa je trenutno mogu\u0107e pobaciti samo u slu\u010daju silovanja, incesta ili trudno\u0107e koja ugro\u017eava zdravlje trudnice. Prije uvo\u0111enja novog zakona, poba\u010daj je bio legalan u ta tri slu\u010daja, ali i u slu\u010daju te\u0161kih anomalija fetusa, \u0161to je novim zakonom zabranjeno. Argument za to je onaj o \u00a0protivljenju &#8220;ubijanju invalidne djece\u201c, kako je to poljski predsjednik Andrzej Duda sro\u010dio u <a rel=\"noreferrer noopener\" href=\"https:\/\/www.bilten.org\/?p=32190\" target=\"_blank\">razgovoru<\/a> za katoli\u010dke novine Niedziela, zanemaruju\u0107i \u010dinjenicu da je prisiljavanje \u017eena da nose malformirani plod me\u0111unarodno prepoznato kao oblik mu\u010denja te da se uskratom medicinske skrbi u takvim slu\u010dajevima kr\u0161e brojni me\u0111unarodni zakoni i rezolucije. Odluka o gotovo potpunoj zabrani poba\u010daja izazvala je <a rel=\"noreferrer noopener\" href=\"https:\/\/www.bilten.org\/?p=36120\" target=\"_blank\">masovne prosvjede<\/a> u listopadu 2020., najve\u0107e zabilje\u017eene na podru\u010dju Poljske od 1988.<\/p>\n\n\n\n<p>Belgijska vlada je objavila odluku o financiranju poba\u010daja za Poljakinje 28. rujna, na Me\u0111unarodni dan sigurnog poba\u010daja. Iz organizacije Aborcja bez granic izjavili su da ih je 17.000 osoba kontaktiralo za pomo\u0107 u prvih \u0161est mjeseci nakon dono\u0161enja novog zakona, te da i dalje primaju oko 800 poziva mjese\u010dno. Mara Clarke, \u010dlanica organizacije, rekla je: &#8220;Iako je situacija za \u017eene koje trebaju poba\u010daj u Poljskoj bila te\u0161ka od 1990., presuda iz listopada 2020. dodatno je pogor\u0161ala stvari. Broj osoba koje trebaju na\u0161u pomo\u0107 se udvostru\u010dio.\u201c Natalia Broniarczyk iz iste organizacije, rekla je da se u posljednjih 30 godina poba\u010daji u Poljskoj obavljaju samo zato \u0161to \u017eene nalaze na\u010din da ih obave ilegalno. Sarah Schlitz, belgijska ministrica za rodnu jednakost, rekla je da \u0107e ta financijska sredstva pokriti tro\u0161kove poba\u010daja u drugim europskim dr\u017eavama za Poljakinje koje si to ne mogu priu\u0161titi.<\/p>\n\n\n\n<p><\/p>\n","protected":false},"excerpt":{"rendered":"<p>Belgijska vlada najavila je da \u0107e financirati poba\u010daje za \u017eene u Poljskoj koje su zbog nedavno uvedene gotovo potpune zabrane poba\u010daja prisiljene putovati u druge zemlje da bi prekinule ne\u017eeljenu trudno\u0107u. Belgijska vlada \u0107e donirati 10 tisu\u0107a eura poljskoj organizaciji Aborcja Bez Granic (Poba\u010daj bez granica) koja poma\u017ee Poljakinjama koje moraju putovati u druge dr\u017eave [&hellip;]<\/p>\n","protected":false},"author":9,"featured_media":39723,"comment_status":"closed","ping_status":"closed","sticky":false,"template":"","format":"standard","meta":{"footnotes":""},"categories":[454],"tags":[551,552,286],"theme":[456],"country":[1102],"articleformat":[205],"coauthors":[241],"class_list":["post-39721","post","type-post","status-publish","format-standard","has-post-thumbnail","hentry","category-naslovnica","tag-abortus","tag-pobacaj","tag-poljska","theme-politika","country-poljska","articleformat-vijest"],"_links":{"self":[{"href":"https:\/\/www.bilten.org\/index.php?rest_route=\/wp\/v2\/posts\/39721","targetHints":{"allow":["GET"]}}],"collection":[{"href":"https:\/\/www.bilten.org\/index.php?rest_route=\/wp\/v2\/posts"}],"about":[{"href":"https:\/\/www.bilten.org\/index.php?rest_route=\/wp\/v2\/types\/post"}],"author":[{"embeddable":true,"href":"https:\/\/www.bilten.org\/index.php?rest_route=\/wp\/v2\/users\/9"}],"replies":[{"embeddable":true,"href":"https:\/\/www.bilten.org\/index.php?rest_route=%2Fwp%2Fv2%2Fcomments&post=39721"}],"version-history":[{"count":4,"href":"https:\/\/www.bilten.org\/index.php?rest_route=\/wp\/v2\/posts\/39721\/revisions"}],"predecessor-version":[{"id":39726,"href":"https:\/\/www.bilten.org\/index.php?rest_route=\/wp\/v2\/posts\/39721\/revisions\/39726"}],"wp:featuredmedia":[{"embeddable":true,"href":"https:\/\/www.bilten.org\/index.php?rest_route=\/wp\/v2\/media\/39723"}],"wp:attachment":[{"href":"https:\/\/www.bilten.org\/index.php?rest_route=%2Fwp%2Fv2%2Fmedia&parent=39721"}],"wp:term":[{"taxonomy":"category","embeddable":true,"href":"https:\/\/www.bilten.org\/index.php?rest_route=%2Fwp%2Fv2%2Fcategories&post=39721"},{"taxonomy":"post_tag","embeddable":true,"href":"https:\/\/www.bilten.org\/index.php?rest_route=%2Fwp%2Fv2%2Ftags&post=39721"},{"taxonomy":"theme","embeddable":true,"href":"https:\/\/www.bilten.org\/index.php?rest_route=%2Fwp%2Fv2%2Ftheme&post=39721"},{"taxonomy":"country","embeddable":true,"href":"https:\/\/www.bilten.org\/index.php?rest_route=%2Fwp%2Fv2%2Fcountry&post=39721"},{"taxonomy":"articleformat","embeddable":true,"href":"https:\/\/www.bilten.org\/index.php?rest_route=%2Fwp%2Fv2%2Farticleformat&post=39721"},{"taxonomy":"author","embeddable":true,"href":"https:\/\/www.bilten.org\/index.php?rest_route=%2Fwp%2Fv2%2Fcoauthors&post=39721"}],"curies":[{"name":"wp","href":"https:\/\/api.w.org\/{rel}","templated":true}]}}