{"id":39677,"date":"2021-09-30T11:13:48","date_gmt":"2021-09-30T10:13:48","guid":{"rendered":"https:\/\/www.bilten.org\/?p=39677"},"modified":"2021-09-30T12:02:44","modified_gmt":"2021-09-30T11:02:44","slug":"i-luxemburg-trazi-intervenciju-u-trziste","status":"publish","type":"post","link":"https:\/\/www.bilten.org\/?p=39677","title":{"rendered":"I Luksemburg tra\u017ei intervenciju u tr\u017ei\u0161te"},"content":{"rendered":"\n<p>Donedavno oaza za anarho-liberale, Luksemburg je uputio apel Europskoj komisiji (EK) da za\u0161titi unutarnje energetsko tr\u017ei\u0161te EU -a i za\u0161titi ga od potencijalnih manipulacija pojedinih tvrtki. Luksembur\u0161ki ministar energetike Claude Turmes u pismu EK kazao je kako je &#8220;na Komisiji osigurati integritet europskog unutarnjeg tr\u017ei\u0161ta i osigurati da niti jedna tvrtka ne iskoristi svoj dominantni polo\u017eaj za vr\u0161enje utjecaja na cijene&#8221;. U pismu o kojem izvje\u0161tava Reuters, od Komisije se tra\u017eilo da poduzme hitne korake kako bi identificirala potencijalne zlouporabe.<\/p>\n\n\n\n<p>Dakako, luksembur\u0161ki ministar ovdje primarno misli na &#8220;manipulacije&#8221; Gazproma, no kriviti Ruse za europske energetske profitne strategije je potpuno proma\u0161eno. Kao \u0161to kontinuirano isti\u010demo na Biltenu, strate\u0161ki plinski proma\u0161aji koji sada uzrokuju poskupljenje energije diljem Europe te ujedno tjeraju zemlje na vatrogasne socijalne mjere kako bi o\u010duvali privid socijalnog mira, rezultati su solo-igrica pojedinih europskih velikih i va\u017enih igra\u010da na energetskom, financijskom i politi\u010dkom &#8220;tr\u017ei\u0161tu&#8221;. Nespremnost zemalja, ali i krupnih tr\u017ei\u0161nih aktera da se pomire sa \u010dinjenicom da je trenutna situacija rezultat njihovih svjesnih i intenzivnih napora nije vanjskopoliti\u010dki problem, ve\u0107 jedan od istaknutijih internih politi\u010dkih pote\u0161ko\u0107a Europske unije.<\/p>\n\n\n\n<p>Aktualna energetska kriza nikad vi\u0161e ne\u0107e prestati. Cijene fosilnih energenata vi\u0161e nikad ne\u0107e padati, a sve ovo doga\u0111a se prije nego \u0161to je uop\u0107e uveden pravi porez na ugljik. Ova kriza mogla je biti manja da su svi akteri \u2013 politika, kapital, pa i mi \u2013 posve\u0107ivali vi\u0161e fokusa klimatskoj zelenoj tranziciji. Kriza bi bila izbjegnuta da je profunkcionirao fond od 100 milijardi eura za energetsku tranziciju kojeg je osnovala Ursula von der Leyen stupanjem na poziciju \u0161efice Europske komisije. No, taj fond i dalje zjapi prazan. Zakoni i porezi koji bi obvezali najve\u0107e zaga\u0111iva\u010de na punjenje fonda nisu doneseni. Usprkos najavama Zelenog plana jako se malo, i jako sporo doga\u0111a. Zemlje i firme koje imaju jeftin i lako dostupan kapital same se pozicioniraju na tr\u017ei\u0161tu energetske tranzicije, jer zna se da najbolje urode beru prvi u polju.<\/p>\n\n\n\n<p>I dok europski politi\u010dari i dalje oklijevaju oporezovati europske firme, cijene za potro\u0161a\u010de rastu. Slike iz Velike Britanije (koja se toliko bojala Rumunja da je izi\u0161la iz EU, a sada opet \u010dini se ovisi upravo o rumunjskoj radnoj snazi) izazivaju paniku u Europi, pa zemlje redom, jedna po jedna najavljuju socijalne energetske mjere za gra\u0111ane. \u0160tovi\u0161e, idu\u0107i sastanak \u010delnika zemalja EU na rasporedu je 21. i 22. oktobra kada se o\u010dekuje dono\u0161enje &#8220;lepeze mjera&#8221; koje bi smanjile re\u017eije za energiju u ku\u0107anstvima. Dakle, ponovno vatrogasna mjera, ne\u0107e se na primjer promijeniti sistem subvencija solarnih panela tako da budu dostupni i najsiroma\u0161nijima i cijeloj radni\u010dkoj klasi (\u0161to trenutno nikako nisu) te da se problem energetskog siroma\u0161tva rje\u0161ava sistemski. Umjesto toga, kupuje se socijalni mir, ali tako da se ne talasa prema kapitalu. Iz dana u dan sve je jasnije da je slobodno tr\u017ei\u0161te u koje se ne intervenira ne\u0161to \u0161to ne mo\u017ee pre\u017eivjeti klimatske promjene. Pitanje je samo ho\u0107e li s njim nestati i veliki dijelovi populacije?<\/p>\n","protected":false},"excerpt":{"rendered":"<p>Donedavno oaza za anarho-liberale, Luksemburg je uputio apel Europskoj komisiji (EK) da za\u0161titi unutarnje energetsko tr\u017ei\u0161te EU -a i za\u0161titi ga od potencijalnih manipulacija pojedinih tvrtki. Luksembur\u0161ki ministar energetike Claude Turmes u pismu EK kazao je kako je &#8220;na Komisiji osigurati integritet europskog unutarnjeg tr\u017ei\u0161ta i osigurati da niti jedna tvrtka ne iskoristi svoj dominantni [&hellip;]<\/p>\n","protected":false},"author":4,"featured_media":39679,"comment_status":"closed","ping_status":"closed","sticky":false,"template":"","format":"standard","meta":{"footnotes":""},"categories":[454],"tags":[128,533,650,727,64,1583,532,819],"theme":[457],"country":[495],"articleformat":[205],"coauthors":[47],"class_list":["post-39677","post","type-post","status-publish","format-standard","has-post-thumbnail","hentry","category-naslovnica","tag-energetika","tag-energetsko-siromastvo","tag-fosilna-goriva","tag-klimatska-kriza","tag-kriza","tag-luxemburg","tag-plin","tag-zeleni-plan-za-europu","theme-klima","country-europska-unija","articleformat-vijest"],"_links":{"self":[{"href":"https:\/\/www.bilten.org\/index.php?rest_route=\/wp\/v2\/posts\/39677","targetHints":{"allow":["GET"]}}],"collection":[{"href":"https:\/\/www.bilten.org\/index.php?rest_route=\/wp\/v2\/posts"}],"about":[{"href":"https:\/\/www.bilten.org\/index.php?rest_route=\/wp\/v2\/types\/post"}],"author":[{"embeddable":true,"href":"https:\/\/www.bilten.org\/index.php?rest_route=\/wp\/v2\/users\/4"}],"replies":[{"embeddable":true,"href":"https:\/\/www.bilten.org\/index.php?rest_route=%2Fwp%2Fv2%2Fcomments&post=39677"}],"version-history":[{"count":4,"href":"https:\/\/www.bilten.org\/index.php?rest_route=\/wp\/v2\/posts\/39677\/revisions"}],"predecessor-version":[{"id":39695,"href":"https:\/\/www.bilten.org\/index.php?rest_route=\/wp\/v2\/posts\/39677\/revisions\/39695"}],"wp:featuredmedia":[{"embeddable":true,"href":"https:\/\/www.bilten.org\/index.php?rest_route=\/wp\/v2\/media\/39679"}],"wp:attachment":[{"href":"https:\/\/www.bilten.org\/index.php?rest_route=%2Fwp%2Fv2%2Fmedia&parent=39677"}],"wp:term":[{"taxonomy":"category","embeddable":true,"href":"https:\/\/www.bilten.org\/index.php?rest_route=%2Fwp%2Fv2%2Fcategories&post=39677"},{"taxonomy":"post_tag","embeddable":true,"href":"https:\/\/www.bilten.org\/index.php?rest_route=%2Fwp%2Fv2%2Ftags&post=39677"},{"taxonomy":"theme","embeddable":true,"href":"https:\/\/www.bilten.org\/index.php?rest_route=%2Fwp%2Fv2%2Ftheme&post=39677"},{"taxonomy":"country","embeddable":true,"href":"https:\/\/www.bilten.org\/index.php?rest_route=%2Fwp%2Fv2%2Fcountry&post=39677"},{"taxonomy":"articleformat","embeddable":true,"href":"https:\/\/www.bilten.org\/index.php?rest_route=%2Fwp%2Fv2%2Farticleformat&post=39677"},{"taxonomy":"author","embeddable":true,"href":"https:\/\/www.bilten.org\/index.php?rest_route=%2Fwp%2Fv2%2Fcoauthors&post=39677"}],"curies":[{"name":"wp","href":"https:\/\/api.w.org\/{rel}","templated":true}]}}