{"id":39672,"date":"2021-09-30T11:05:00","date_gmt":"2021-09-30T10:05:00","guid":{"rendered":"https:\/\/www.bilten.org\/?p=39672"},"modified":"2021-09-30T11:29:29","modified_gmt":"2021-09-30T10:29:29","slug":"komunisti-osvojili-graz-uspjeli-su-jer-su-dio-drustvenog-tkiva","status":"publish","type":"post","link":"https:\/\/www.bilten.org\/?p=39672","title":{"rendered":"Komunisti na \u010delu Graza: Uspjeli su jer su dio dru\u0161tvenog tkiva"},"content":{"rendered":"\n<p>Premda u debeloj sjeni &#8220;najva\u017enijih europskih izbora&#8221;, onih za njema\u010dki parlament, lokalni izbori u Grazu uspjeli su privu\u0107i izrazitu pa\u017enju europskih medija proteklih dana. Razlog je ve\u0107 svima znan: pobjedu na izborima odnijela je Komunisti\u010dka partija Austrije (KP\u00d6). Urednici hrvatskih mejnstrim portala bili su toliko &#8220;odu\u0161evljeni&#8221; vije\u0161\u0107u da su u njoj prepoznali klikbejt potencijal i pridali su joj status arheolo\u0161ke egzotike. Rijetki su se upustili u poku\u0161aje poja\u0161njenja uspjeha komunista u drugom najve\u0107em austrijskom gradu.<\/p>\n\n\n\n<p>Svima onima kojima komunisti\u010dke ideje ne spadaju u arheologiju, pobjeda komunista u Grazu nije bila ba\u0161 toliko iznena\u0111enje. Podr\u0161ka koju su na izborima dobijali od ranih 2000-ih nerijetko je dostizala 20% glasova. Upoznatost s raskorakom izme\u0111u uspjeha partije u Grazu i mizernih rezultata na dr\u017eavnom nivou bila je godinama jedan od jasnijih indikatora &#8220;pripadanja&#8221; lijevoj sceni. Kao i upu\u0107enost u to da je posrijedi nekakva razlika u suvislim stambenim politikama koja nije lako prenosiva na dr\u017eavni nivo. No, posredstvom osvajanja izbora, komunisti iz Graza su postali op\u0107epoznata politi\u010dka \u010dinjenica i predmet manje-vi\u0161e duhovitih opaski na dru\u0161tvenim mre\u017eama zasnovanim na donedavnom statusu Graza kao \u0161oping meke.<\/p>\n\n\n\n<p>U nadi da malo produbimo i shvatimo razloge njihove pobjede porazgovarali smo s Joachimom Beckerom, profesorom ekonomije na Be\u010dkom sveu\u010dili\u0161tu i publicistom. Becker smatra da je KP\u00d6 na lokalnom nivou u Grazu uvjerljivu alternativu uspjela izgraditi na dva stupa: prvo, politikama stanovanja, a onda kasnije i socijalnim politikama u \u0161irem smislu. I pritom je va\u017enu ulogu odigrala kombinacija djelovanja: &#8220;Uspjeli su povezati konkretnu i osobnu brigu za pojedince koji su imali stambene probleme i zahtijevali dru\u0161tvenu pomo\u0107 s razvojnim politikama u polju stanovanja.&#8221; Drugim rije\u010dima, konkretna pomo\u0107 ljudima je \u010dinila razvojne i dugoro\u010dne politike uvjerljivima, a razvojne politike su obe\u0107avale rje\u0161enje problema za sve koji \u0107e se osjetiti ugro\u017eenima. Jo\u0161 jedan va\u017ean aspekt, nagla\u0161ava Becker, bio je osobni primjer: &#8220;Zastupnici Komunisti\u010dke partije u tijelima vlasti samo su dio pla\u0107a zadr\u017eavali, dok su ostatak donirali u fond kojim su se rje\u0161avali individualni problemi socijalno ugro\u017eenih.&#8221;<\/p>\n\n\n\n<p>Pored konkretne pomo\u0107i, tim putem gradili su se povjerenje i baza: &#8220;Stranka je stekla reputaciju one koja stvarno brine o ljudima i nastali su brojni osobni kontakti sa stanovni\u0161tvom. U isto vrijeme su predlagane konkretne alternative postoje\u0107im politikama na gradskom nivou.&#8221; Sasvim je razvidno za\u0161to je ovakva kombinacija djelovanja donijela rezultate, ali ostaje pitanje ideolo\u0161kog imid\u017ea kao brane politi\u010dkoj integraciji \u0161ire populacije. Becker smatra da su njihova prisutnost na terenu, dosljedna politika ve\u0107 nekoliko desetlje\u0107a te neuvjerljivost konkurenata u rje\u0161avanju svakodnevnih problema pridonijeli &#8220;zanemarivanju&#8221; ideolo\u0161ke prtljage: &#8220;KP\u00d6 u Grazu sada ima reputaciju stvarno predane i socijalno anga\u017eirane politi\u010dke snage. Ona je jako dobro uvu\u010dena u dru\u0161tveno tkivo grada i u razli\u010dite dru\u0161tveno-politi\u010dke inicijative. Pritom valja naglasiti da je u ideolo\u0161kim pitanjima podru\u017enica partije u Grazu &#8220;ortodoksnija&#8221; od pozicije partije na dr\u017eavnom nivou. Me\u0111utim, \u010dini se da to ne predstavlja problem lokalnom stanovni\u0161tvu. Gotovo je nevjerojatno da ina\u010de sna\u017eni anti-komunizam u Austriji nije mogao igrati gotovo pa nikakvu ulogu u ovom slu\u010daju.&#8221;<\/p>\n\n\n\n<p>Kao \u0161to je ve\u0107 sugerirano, iskoraku Komunisti\u010dke partije pridonijeli su i politi\u010dari koji su dosad obna\u0161ali vlast. Becker isti\u010de da je gradona\u010delnik iz Narodne stranke Austrije (\u00d6VP) koji je dr\u017eao vlast \u010dak 18 godina u posljednje vrijeme inzistirao na megalomanskim projektima s kojima se veliki broj ljudi nije slagao, a on za ta protivljenja uop\u0107e nije mario. KP\u00d6 je uspio usko\u010diti u taj prostor i ponuditi uvjerljivu alternativu. Usput su uspjeli pridobiti i glasove odre\u0111enog broja ljudi koji su ina\u010de ideolo\u0161ki pozicionirani daleko od ljevice. Mogu se povu\u0107i paralele, mi\u0161ljenja je Becker, s uspjehom stranke Mo\u017eemo u Zagrebu. Te dodaje da ipak treba uzeti u obzir ne\u0161to ni\u017eu izlaznost na izborima u Grazu i \u010dinjenicu da je nezanemariv broj rezigniranih bira\u010da \u00d6VP-a ostao doma.<\/p>\n\n\n\n<p>Uspjeh komunista u Grazu plod je dugotrajnog rada i specifi\u010dnih okolnosti poput one da se gradski uredi za pojedine djelatnosti dijele proporcionalno broju dobivenih mandata, \u0161to je komunistima omogu\u0107ilo da se doka\u017eu: prvenstveno na stambenim pitanjima, a onda i u uredu za zdravstvo koji im je pripao neposredno pred pandemiju. Iskorak na nacionalnoj razini se i dalje \u010dini te\u0161ko dosti\u017enim, ali pokazali su da je politi\u010dki uspjeh mogu\u0107e posti\u0107i i bez eliminacije eksplicitnog komunisti\u010dkog naslje\u0111a. Tajna uspjeha vjerojatno se krije u motu partije na lokalnoj razini iz devedesetih godina pro\u0161log stolje\u0107a koji vrijedi i danas: &#8220;Korisna stranka za svakodnevni \u017eivot i velike ciljeve radni\u010dkog pokreta.&#8221; Iz ovog se primjera ne mogu izvu\u0107i recepti za politi\u010dko djelovanje, ali mo\u017ee niz lekcija. A jedna od njih glasi da komunisti\u010dka ideja nije izgubila na atraktivnosti zato \u0161to su nacionalisti i liberali pobijedili u televizijskim debatama, nego zato \u0161to je nestala iz dru\u0161tvenog tkiva i svakodnevnog \u017eivota ljudi.<\/p>\n","protected":false},"excerpt":{"rendered":"<p>Premda u debeloj sjeni &#8220;najva\u017enijih europskih izbora&#8221;, onih za njema\u010dki parlament, lokalni izbori u Grazu uspjeli su privu\u0107i izrazitu pa\u017enju europskih medija proteklih dana. Razlog je ve\u0107 svima znan: pobjedu na izborima odnijela je Komunisti\u010dka partija Austrije (KP\u00d6). Urednici hrvatskih mejnstrim portala bili su toliko &#8220;odu\u0161evljeni&#8221; vije\u0161\u0107u da su u njoj prepoznali klikbejt potencijal i [&hellip;]<\/p>\n","protected":false},"author":5,"featured_media":39674,"comment_status":"closed","ping_status":"closed","sticky":false,"template":"","format":"standard","meta":{"footnotes":""},"categories":[454],"tags":[12],"theme":[456],"country":[495],"articleformat":[205],"coauthors":[90],"class_list":["post-39672","post","type-post","status-publish","format-standard","has-post-thumbnail","hentry","category-naslovnica","tag-izbori","theme-politika","country-europska-unija","articleformat-vijest"],"_links":{"self":[{"href":"https:\/\/www.bilten.org\/index.php?rest_route=\/wp\/v2\/posts\/39672","targetHints":{"allow":["GET"]}}],"collection":[{"href":"https:\/\/www.bilten.org\/index.php?rest_route=\/wp\/v2\/posts"}],"about":[{"href":"https:\/\/www.bilten.org\/index.php?rest_route=\/wp\/v2\/types\/post"}],"author":[{"embeddable":true,"href":"https:\/\/www.bilten.org\/index.php?rest_route=\/wp\/v2\/users\/5"}],"replies":[{"embeddable":true,"href":"https:\/\/www.bilten.org\/index.php?rest_route=%2Fwp%2Fv2%2Fcomments&post=39672"}],"version-history":[{"count":11,"href":"https:\/\/www.bilten.org\/index.php?rest_route=\/wp\/v2\/posts\/39672\/revisions"}],"predecessor-version":[{"id":39689,"href":"https:\/\/www.bilten.org\/index.php?rest_route=\/wp\/v2\/posts\/39672\/revisions\/39689"}],"wp:featuredmedia":[{"embeddable":true,"href":"https:\/\/www.bilten.org\/index.php?rest_route=\/wp\/v2\/media\/39674"}],"wp:attachment":[{"href":"https:\/\/www.bilten.org\/index.php?rest_route=%2Fwp%2Fv2%2Fmedia&parent=39672"}],"wp:term":[{"taxonomy":"category","embeddable":true,"href":"https:\/\/www.bilten.org\/index.php?rest_route=%2Fwp%2Fv2%2Fcategories&post=39672"},{"taxonomy":"post_tag","embeddable":true,"href":"https:\/\/www.bilten.org\/index.php?rest_route=%2Fwp%2Fv2%2Ftags&post=39672"},{"taxonomy":"theme","embeddable":true,"href":"https:\/\/www.bilten.org\/index.php?rest_route=%2Fwp%2Fv2%2Ftheme&post=39672"},{"taxonomy":"country","embeddable":true,"href":"https:\/\/www.bilten.org\/index.php?rest_route=%2Fwp%2Fv2%2Fcountry&post=39672"},{"taxonomy":"articleformat","embeddable":true,"href":"https:\/\/www.bilten.org\/index.php?rest_route=%2Fwp%2Fv2%2Farticleformat&post=39672"},{"taxonomy":"author","embeddable":true,"href":"https:\/\/www.bilten.org\/index.php?rest_route=%2Fwp%2Fv2%2Fcoauthors&post=39672"}],"curies":[{"name":"wp","href":"https:\/\/api.w.org\/{rel}","templated":true}]}}