{"id":39517,"date":"2021-09-17T08:53:58","date_gmt":"2021-09-17T07:53:58","guid":{"rendered":"https:\/\/www.bilten.org\/?p=39517"},"modified":"2021-09-17T08:56:00","modified_gmt":"2021-09-17T07:56:00","slug":"tesko-pretuceni-novinari-koji-su-snimali-ilegalno-krcenje-suma","status":"publish","type":"post","link":"https:\/\/www.bilten.org\/?p=39517","title":{"rendered":"Te\u0161ko pretu\u010deni novinari koji su snimali ilegalno kr\u010denje \u0161uma"},"content":{"rendered":"\n<p>Novinar Mihai Dragolea, redatelj Radu Mocanu i ekolo\u0161ki aktivist Tiberiu Bo\u0219utar pretu\u010deni su u \u010detvrtak nave\u010der u rumunjskoj \u017eupaniji Suceava u Bukovini (Bucovina) gdje su snimali video materijal za novi dokumentarac o <a href=\"https:\/\/www.bilten.org\/?s=hsh32akn&amp;country=rumunjska\" target=\"_blank\" rel=\"noreferrer noopener\">ilegalnom kr\u010denju \u0161uma u Rumunjskoj<\/a>.<\/p>\n\n\n\n<p>Trojac je sino\u0107 iza\u0161ao na teren prema lokaciji Dealu Ursului, a prema dojavama lokalnog stanovni\u0161tva da se u blizini ilegalno sijeku stabla, kada ih je primijetilo 20 ljudi naoru\u017eano sjekirama i letvama, me\u0111u kojima su bili in\u017eenjer \u0161umarstva i vlasnik \u0161umarije. U prvi tren, aktivisti su mislili da im dvadesetorica prilazi kako bi ih zastra\u0161ili ili s njima porazgovarali, no kako su vikali &#8220;ubi\u0107ute&#8221;, trojac je pobjegao u automobil iz kojeg su ih kriminalci nasilno izvukli te ih po\u010deli tu\u010di. Dragolea je udaren u glavu te je pao u jamu odakle je odmah nazvao 112, dok su druga dvojica pro\u0161li znatno te\u017ee te su ostali bez svijesti, a posebno poni\u017eavanje i nasilje bilo je usmjereno ka lokalnom ekologu <a href=\"https:\/\/www.facebook.com\/watch\/live\/?v=409932917139091&amp;ref=external\" target=\"_blank\" rel=\"noreferrer noopener\">Tiberiu Bo\u0219utaru<\/a> kojeg su skinuli do gola i natjerali ga da tako hoda kroz \u0161umu. Tako\u0111er su mu prijetili smr\u0107u obitelji \u2013 \u010diju to\u010dnu adresu ve\u0107 imaju \u2013 ako ikome identificira tko ga je napao. Tre\u0107i \u010dlan tima, redatelj Radu Mocanu, trenutno ima amneziju te svakih par minuta zaboravlja \u0161to se doga\u0111a i \u0161to se sino\u0107 doga\u0111alo.<\/p>\n\n\n\n<p>Napad se dogodio kasno sino\u0107, a vijest je odmah objavio <a rel=\"noreferrer noopener\" href=\"https:\/\/www.facebook.com\/greenpeace.ro\/posts\/10159326851834194\" target=\"_blank\">Greenpeace Rumunjska<\/a> na svojim stranicama te je automatski poslao svoje odvjetnike pretu\u010denim ljudima u bolnicu gdje su razgovarali s Dreagoleom, \u010dekav\u0161i da druga dvojica do\u0111u k svijesti. Policija je odmah sino\u0107 izi\u0161la na teren gdje je privela na obradu nekoliko gangstera, ali \u010dini se bez posebne daljnje obrade. Kako su jutros iz policije kazali novinarima <a rel=\"noreferrer noopener\" href=\"https:\/\/newsbeezer.com\/romaniaeng\/illegal-deforestation-journalist-mihai-dragolea-was-badly-beaten-during-a-documentary-two-colleagues-hospitalized-they-just-yelled-at-us-ill-kill-you-ill-kill-you-without-saying-anything\/\" target=\"_blank\">Libertatea<\/a> \u2013 oni su obradili po\u010dinitelje i pustili ih jer pretu\u010deni aktivisti navodno nisu htjeli podnijeti kaznenu prijavu, a policija o\u010dito nije smatrala shodnim sino\u0107, djelovati s obzirom na prijetnje. Taj koji je prijetio obitelji ekologa, tako\u0111er je bio u vidno dobrim odnosima s policajcima koji su izi\u0161li na teren, te je njima osobno komentirao kako \u0107e ga idu\u0107i put vezati za automobil i &#8220;vu\u010di po \u0161umi dok mu ne ostane samo noga&#8221;. Danas su ipak otvorili istragu po slu\u017ebenoj du\u017enosti. Glasnogovornik policije nagla\u0161ava da je jako va\u017eno da o\u0161te\u0107eni podnesu prijavu, za \u0161to imaju 90 dana, kako bi cijeli istra\u017eni postupak mogao biti u potpunosti zadovoljen.<\/p>\n\n\n\n<p>Zanimljivo je kako su kriminalci uop\u0107e locirali aktiviste. Naime, nakon dojave lokalnog stanovni\u0161tva, ekolog je nazvao \u0161umara zadu\u017eenog za to podru\u010dje da ga obavijesti o ilegalnim radnjama te ga je pozvao da iza\u0111e na teren. Taj \u0161umar ga je do\u010dekao sa preostalih 19 gangstera te je sudjelovao u njihovom premla\u0107ivanju. Tokom napada tako\u0111er je uni\u0161tena sva oprema, uzete su sve memorijske kartice i uni\u0161ten je sav video materijal. Sve ovo dogodilo se isti dan kada je Europska komisija zatra\u017eila od nacionalnih vlasti da za\u0161tite novinare, nakon \u0161to zabilje\u017een pove\u0107an broj napada na medijske radnike. U 23 zemlje Europske unije pro\u0161le je godine zabilje\u017eeno 908 napada na medijske radnike. O problemu ilegalnog kr\u010denja \u0161uma <a rel=\"noreferrer noopener\" href=\"https:\/\/www.bilten.org\/?p=39002\" target=\"_blank\">ljetos je za Bilten pisao Florin Poenaru<\/a> koji je istaknuo kako i ilegalno posje\u010dene \u0161ume na kraju ipak zavr\u0161avaju u tvornicama najve\u0107ih europskih firmi poput IKEA-e. Usprkos naporima da se \u0161tetni proces zaustavi, to je izrazito te\u0161ko, jer je ilegalno kr\u010denje \u0161uma ve\u0107 poprimilo oblike organizirane mafije.<\/p>\n","protected":false},"excerpt":{"rendered":"<p>Novinar Mihai Dragolea, redatelj Radu Mocanu i ekolo\u0161ki aktivist Tiberiu Bo\u0219utar pretu\u010deni su u \u010detvrtak nave\u010der u rumunjskoj \u017eupaniji Suceava u Bukovini (Bucovina) gdje su snimali video materijal za novi dokumentarac o ilegalnom kr\u010denju \u0161uma u Rumunjskoj. Trojac je sino\u0107 iza\u0161ao na teren prema lokaciji Dealu Ursului, a prema dojavama lokalnog stanovni\u0161tva da se u [&hellip;]<\/p>\n","protected":false},"author":4,"featured_media":39519,"comment_status":"closed","ping_status":"closed","sticky":false,"template":"","format":"standard","meta":{"footnotes":""},"categories":[454],"tags":[1560,676,1190,626],"theme":[457],"country":[99],"articleformat":[205],"coauthors":[47],"class_list":["post-39517","post","type-post","status-publish","format-standard","has-post-thumbnail","hentry","category-naslovnica","tag-ilegalno-krcenje-suma","tag-kriminal","tag-sumarstvo","tag-sume","theme-klima","country-rumunjska","articleformat-vijest"],"_links":{"self":[{"href":"https:\/\/www.bilten.org\/index.php?rest_route=\/wp\/v2\/posts\/39517","targetHints":{"allow":["GET"]}}],"collection":[{"href":"https:\/\/www.bilten.org\/index.php?rest_route=\/wp\/v2\/posts"}],"about":[{"href":"https:\/\/www.bilten.org\/index.php?rest_route=\/wp\/v2\/types\/post"}],"author":[{"embeddable":true,"href":"https:\/\/www.bilten.org\/index.php?rest_route=\/wp\/v2\/users\/4"}],"replies":[{"embeddable":true,"href":"https:\/\/www.bilten.org\/index.php?rest_route=%2Fwp%2Fv2%2Fcomments&post=39517"}],"version-history":[{"count":3,"href":"https:\/\/www.bilten.org\/index.php?rest_route=\/wp\/v2\/posts\/39517\/revisions"}],"predecessor-version":[{"id":39521,"href":"https:\/\/www.bilten.org\/index.php?rest_route=\/wp\/v2\/posts\/39517\/revisions\/39521"}],"wp:featuredmedia":[{"embeddable":true,"href":"https:\/\/www.bilten.org\/index.php?rest_route=\/wp\/v2\/media\/39519"}],"wp:attachment":[{"href":"https:\/\/www.bilten.org\/index.php?rest_route=%2Fwp%2Fv2%2Fmedia&parent=39517"}],"wp:term":[{"taxonomy":"category","embeddable":true,"href":"https:\/\/www.bilten.org\/index.php?rest_route=%2Fwp%2Fv2%2Fcategories&post=39517"},{"taxonomy":"post_tag","embeddable":true,"href":"https:\/\/www.bilten.org\/index.php?rest_route=%2Fwp%2Fv2%2Ftags&post=39517"},{"taxonomy":"theme","embeddable":true,"href":"https:\/\/www.bilten.org\/index.php?rest_route=%2Fwp%2Fv2%2Ftheme&post=39517"},{"taxonomy":"country","embeddable":true,"href":"https:\/\/www.bilten.org\/index.php?rest_route=%2Fwp%2Fv2%2Fcountry&post=39517"},{"taxonomy":"articleformat","embeddable":true,"href":"https:\/\/www.bilten.org\/index.php?rest_route=%2Fwp%2Fv2%2Farticleformat&post=39517"},{"taxonomy":"author","embeddable":true,"href":"https:\/\/www.bilten.org\/index.php?rest_route=%2Fwp%2Fv2%2Fcoauthors&post=39517"}],"curies":[{"name":"wp","href":"https:\/\/api.w.org\/{rel}","templated":true}]}}