{"id":39232,"date":"2021-09-01T12:06:47","date_gmt":"2021-09-01T11:06:47","guid":{"rendered":"https:\/\/www.bilten.org\/?p=39232"},"modified":"2021-09-02T07:00:21","modified_gmt":"2021-09-02T06:00:21","slug":"odustaje-li-drzava-od-necijepljenih","status":"publish","type":"post","link":"https:\/\/www.bilten.org\/?p=39232","title":{"rendered":"Odustaje li dr\u017eava od necijepljenih?"},"content":{"rendered":"\n<p>\u017delje necijepljenih ljudi, nadriznanstvenika i dakako udruge ugostitelja, napokon se ostvaruju: dr\u017eava otvara &#8220;sve&#8221;. Preciznije, otvaraju se unutarnji dijelovi kafi\u0107a, a otvaranje \u0107e pratiti &#8220;nu\u017ene epidemiolo\u0161ke mjere dezinfekcije&#8221;, no\u0161enja maski, i propisanog razmaka me\u0111u stolovima. No, udruga ugostitelja pona\u0161a se kao da je njihova djelatnost najva\u017enija u dr\u017eavi, pa im ni ovo nije dovoljno, oni bi i dalje subvencije. Dakako, niti znaju, niti ih se ti\u010de kakve dugoro\u010dne posljedice njima date subvencije mogu imati po ekonomiju. Tako\u0111er, li\u0161eni osje\u0107aja dru\u0161tvene odgovornosti i fokusirani isklju\u010divo na vlastite profite (u pravilu, kao \u0161to znamo, na teret svojih radnika) spremni su ignorirati i vlastiti udio odgovornosti za \u0161irenje zaraze. A da odgovornosti \u010desto nedostaje, svjedo\u010de svi prazni dispenzeri dezinfekcijskih sredstava i wc-i li\u0161eni kako sapuna, tako i toalet papira, dok o papirnatim ru\u010dnicima bolje da i ne govorimo. Po dr\u017eanju ugostitelja do epidemiolo\u0161kih mjera dezinfekcije, vidi se koliko su odgovorni prema zarazi ali i svojim radnicima. Kao i u svakoj mjeri do sada, osim \u0161to su razni predstavnici \u010desto negirali virus, tretiraju dr\u017eavu kao da se svi ugostiteljski objekti u zemlji nalaze u javnom vlasni\u0161tvu, kao da profiti idu dr\u017eavi, pa je ona stoga odgovorna za njihovo poslovanje. Istovremeno, poreze pla\u0107aju prisilno, uz besmislene prosvjede, stalno tra\u017ee\u0107i jo\u0161 olak\u0161ica, a radnicima sve osim minimalca ispla\u0107uju na ruke, dodatno o\u0161te\u0107uju\u0107i i dr\u017eavu i radnike. Potonje \u0107e dakako usprkos &#8220;epidemiolo\u0161kim mjerama dezinfekcije&#8221; izlagati zarazi, pa \u0107e na \u0161tetu zdravlja varati na razmaku stolova, tolerirati neno\u0161enje maski, i drugo.<\/p>\n\n\n\n<p>Koje \u0107e biti posljedice ovih otvaranja? Ima pozitivnih i negativnih. No, umjesto nabrajanja, fokusirajmo se na njihovu &#8220;semantiku&#8221;. Otvaranjem u trenu dok brojke rastu, dr\u017eava de facto poru\u010duje javnosti da odgovornost za zarazu prebacuje na neodgovorne, odnosno necijepljene ljude. Brojke su sada ve\u0107 prili\u010dno jasne: umiru necijepljeni, na respiratoru zavr\u0161avaju necijepljeni, zarazu \u0161ire necijepljeni, i tako dalje. Dr\u017eava jo\u0161 nije nametnula financiranje obaveze pla\u0107anja vlastitog lije\u010denja za necijepljene osobe (za one koji se mogu, ali ne \u017eele cijepiti, ne naravno za one koji se ne smiju cijepiti), ali za\u0161to ne bi? Za\u0161to bi dr\u017eava koja je potro\u0161ila milijarde na cjepivo pa onda i dalje financirala tro\u0161kove lije\u010denja onih koji misle da se magnetske tvari nalaze u cjepivu? Usput, izgleda da su te &#8220;magnetske tvari&#8221; u cjepivu zapravo lo\u0161a kvaliteta gume koja \u0161titi bo\u010dicu i kroz koju se provla\u010di igla; proces sli\u010dan kao prilikom otvaranja staklene boce s \u010depom od pluta otvara\u010dem, pa kada pluto pukne i upadne u bocu.<\/p>\n\n\n\n<p>Popu\u0161tanje mjera nikako ne sugerira uspje\u0161an ishod kampanje masovnog cijepljenja, \u0161tovi\u0161e, one ne predstavljaju niti poku\u0161aj sakrivanja neuspjeha. Jasno je to po kampanji koja kontinuirano upozorava da je korona i dalje smrtonosna bolest za necijepljene, ali i po brojnim pozivima na cijepljenje. Radi se o tome da je dr\u017eava podnijela sav teret epidemije kojeg je mogla podnijeti, i ekonomija se ne mo\u017ee vi\u0161e dr\u017eati poluotvorenom. Situacija je o\u010dito toliko ozbiljna, iako u javnosti nema podizanja panike. No, i nedavno najavljene bankarske mjere, poput smanjenja minusa, treba promatrati u tom kontekstu. Potiho se u analizama povla\u010di informacija da inflacija raste, no senzacionalisti\u010dkih vijesti na tu temu jo\u0161 nema. Stoga se sada skidaju restriktivne mjere, jer i dva &#8220;normalna&#8221; tjedna, koliko bi trebale trajati ove mjere prije nego brojevi ponovno eskaliraju, trebala bi donijeti neke ekonomske doprinose. Druga strana jednad\u017ebe je svakako tro\u0161ak po zdravstveni sustav. Ra\u010dunica je o\u010dito takva da \u0107e dr\u017eava vi\u0161e zaraditi na otvorenosti nego \u0161to \u0107e to ko\u0161tati. Takva bi ra\u010dunica bila jasna da imamo procijepljenost u populaciji od 70 posto (koliko iznosi u EU) jer je potrebno imati 65 posto cijepljenih kako bi tro\u0161ak po zdravstveni sustav bio podno\u0161ljiv, a kolektivni imunitet nastao makar u nekoj bazi\u010dnoj formi (uspje\u0161nog izbjegavanja respiratora). No, tu je i dug prema veledrogerijama koji se jedva odr\u017eava, odnosno \u010dijem rastu sigurno doprinosi i pove\u0107ani tro\u0161kovi lije\u010denja korone.<\/p>\n\n\n\n<p>Ukratko, uspjeh ugostitelja ovisi o otvaranju ekonomije koja ovisi o uspjehu kampanje cijepljenja. Stoga vrhunac suludosti predstavlja \u010dinjenica da su se me\u0111u prominentnim poricateljima znanstvenih \u010dinjenica o ovoj bolesti na samom po\u010detku epidemije nalazili ba\u0161 \u010dlanovi udruge ugostitelja. U nekim racionalnim okolnostima, logika stvari bi nalagala da upravo oni najvi\u0161e inzistiraju na kovid potvrdama kako bi motivirali \u0161to ve\u0107i broj svojih gostiju na cijepljenje, a sami sebi smanjili tro\u0161kove lije\u010denja zara\u017eenih konobara, pa i tro\u0161kove perioda zatvorenih kafi\u0107a. Umjesto toga, li\u0161ena dru\u0161tvene odgovornosti, udruga ugostitelja nekako je nestala iz rasprave o neuspjehu kampanje cijepljenja.<\/p>\n","protected":false},"excerpt":{"rendered":"<p>\u017delje necijepljenih ljudi, nadriznanstvenika i dakako udruge ugostitelja, napokon se ostvaruju: dr\u017eava otvara &#8220;sve&#8221;. Preciznije, otvaraju se unutarnji dijelovi kafi\u0107a, a otvaranje \u0107e pratiti &#8220;nu\u017ene epidemiolo\u0161ke mjere dezinfekcije&#8221;, no\u0161enja maski, i propisanog razmaka me\u0111u stolovima. No, udruga ugostitelja pona\u0161a se kao da je njihova djelatnost najva\u017enija u dr\u017eavi, pa im ni ovo nije dovoljno, oni [&hellip;]<\/p>\n","protected":false},"author":4,"featured_media":39234,"comment_status":"closed","ping_status":"closed","sticky":false,"template":"","format":"standard","meta":{"footnotes":""},"categories":[454],"tags":[1080,859,110,228,883,1528,858,1529],"theme":[458],"country":[38],"articleformat":[205],"coauthors":[47],"class_list":["post-39232","post","type-post","status-publish","format-standard","has-post-thumbnail","hentry","category-naslovnica","tag-cjepivo","tag-covid-19","tag-drzava","tag-ekonomija","tag-epidemija","tag-kafici","tag-korona-virus","tag-udruga-ugostitelja","theme-drustvo","country-hrvatska","articleformat-vijest"],"_links":{"self":[{"href":"https:\/\/www.bilten.org\/index.php?rest_route=\/wp\/v2\/posts\/39232","targetHints":{"allow":["GET"]}}],"collection":[{"href":"https:\/\/www.bilten.org\/index.php?rest_route=\/wp\/v2\/posts"}],"about":[{"href":"https:\/\/www.bilten.org\/index.php?rest_route=\/wp\/v2\/types\/post"}],"author":[{"embeddable":true,"href":"https:\/\/www.bilten.org\/index.php?rest_route=\/wp\/v2\/users\/4"}],"replies":[{"embeddable":true,"href":"https:\/\/www.bilten.org\/index.php?rest_route=%2Fwp%2Fv2%2Fcomments&post=39232"}],"version-history":[{"count":6,"href":"https:\/\/www.bilten.org\/index.php?rest_route=\/wp\/v2\/posts\/39232\/revisions"}],"predecessor-version":[{"id":39251,"href":"https:\/\/www.bilten.org\/index.php?rest_route=\/wp\/v2\/posts\/39232\/revisions\/39251"}],"wp:featuredmedia":[{"embeddable":true,"href":"https:\/\/www.bilten.org\/index.php?rest_route=\/wp\/v2\/media\/39234"}],"wp:attachment":[{"href":"https:\/\/www.bilten.org\/index.php?rest_route=%2Fwp%2Fv2%2Fmedia&parent=39232"}],"wp:term":[{"taxonomy":"category","embeddable":true,"href":"https:\/\/www.bilten.org\/index.php?rest_route=%2Fwp%2Fv2%2Fcategories&post=39232"},{"taxonomy":"post_tag","embeddable":true,"href":"https:\/\/www.bilten.org\/index.php?rest_route=%2Fwp%2Fv2%2Ftags&post=39232"},{"taxonomy":"theme","embeddable":true,"href":"https:\/\/www.bilten.org\/index.php?rest_route=%2Fwp%2Fv2%2Ftheme&post=39232"},{"taxonomy":"country","embeddable":true,"href":"https:\/\/www.bilten.org\/index.php?rest_route=%2Fwp%2Fv2%2Fcountry&post=39232"},{"taxonomy":"articleformat","embeddable":true,"href":"https:\/\/www.bilten.org\/index.php?rest_route=%2Fwp%2Fv2%2Farticleformat&post=39232"},{"taxonomy":"author","embeddable":true,"href":"https:\/\/www.bilten.org\/index.php?rest_route=%2Fwp%2Fv2%2Fcoauthors&post=39232"}],"curies":[{"name":"wp","href":"https:\/\/api.w.org\/{rel}","templated":true}]}}