{"id":39195,"date":"2021-08-30T10:12:00","date_gmt":"2021-08-30T09:12:00","guid":{"rendered":"https:\/\/www.bilten.org\/?p=39195"},"modified":"2021-08-30T10:08:59","modified_gmt":"2021-08-30T09:08:59","slug":"podrska-za-eltona-debreshija","status":"publish","type":"post","link":"https:\/\/www.bilten.org\/?p=39195","title":{"rendered":"Podr\u0161ka za Eltona Debreshija"},"content":{"rendered":"\n<p>Zastra\u0161ivanja i ubijanja sindikalnih \u010delnika i radni\u010dkih vo\u0111a sastavni su dio povijesti kapitalizma. Ugro\u017eeni profiti, poslovne namjere ili politi\u010dka mo\u0107 \u010desto su motivirali vlasnike kompanije ili vlastodr\u0161ce da posegnu za takvim metodama. Danas se, me\u0111utim, ti postupci uglavnom smatraju civilizacijski nadi\u0111enima, ekscesima ranog kapitalizma ili rezerviranima za nerazvijene dijelove svijeta do kojih jo\u0161 nisu do\u0161li instituti tripartitnog dijaloga ili ekonomsko-socijalnog vije\u0107a.<\/p>\n\n\n\n<p>Zasigurno su se kroz godine iskustva klasne borbe razvile i suptilnije metode pritiska, ali razloge izostanka brutalnih likvidacija ili zastra\u0161ivanja ipak prvenstveno treba tra\u017eiti u slabljenju sindikalnih aktivnosti ili kompromisnim savezima s kapitalom uslijed u\u017eih interesa pojedinih sektora u najrazvijenijim dr\u017eavama. Tako\u0111er, civiliziraniji pristup vlasnika u razvijenijim zemljama sa sna\u017enijim sustavom pravne za\u0161tite ne prevodi se i u sli\u010dan pristup u ispostavama njihovih korporacija u zemljama tzv. tre\u0107eg svijeta. Drugim rije\u010dima, nije do civilizacije ve\u0107 do odnosa mo\u0107i.<\/p>\n\n\n\n<p>U Albaniji se, u gradu u Bul\u010dizi i okolici, na \u010delu radni\u010dkog pokreta rudara nedavno <a href=\"https:\/\/www.bilten.org\/?p=30190\" target=\"_blank\" rel=\"noreferrer noopener\">pojavila figura<\/a> koja je zajedno sa svojim suborcima ugrozila te odnose mo\u0107i. Radi se o Eltonu Debreshiju, sindikalnom vo\u0111i i nezavisnom kandidatu na parlamentarnim izborima pro\u0161log prolje\u0107a. Njemu je nepoznati netko prije tri dana <a href=\"https:\/\/exit.al\/en\/2021\/08\/27\/bomb-detonates-in-vehicle-belonging-to-independent-political-candidate-and-head-of-bulqize-miners-union\/\" target=\"_blank\" rel=\"noreferrer noopener\">postavio eksploziv<\/a> pod automobil. Sre\u0107om, do\u0161lo je samo do materijalne \u0161tete, ali o\u010dito je da se radi o upozorenju. Naime, nekoliko dana prije atentata, Debreshijev suborac Beqir Durici dobio je prvostupanjsku sudsku presudu protiv AlbCrhomea, rudarske kompanije u vlasni\u0161tvu Samira Manea, najbogatijeg albanskog tajkuna. Durici i Debreshi su jo\u0161 2019. dobili otkaz u toj kompaniji zbog osnivanja sindikata.<\/p>\n\n\n\n<p>Debreshi je bio \u0161est mjeseci bez posla dok ga nije dobio u drugoj rudarskoj kompaniji. Pored sindikalnog rada, kao \u0161to smo spomenuli, Debreshi se uklju\u010dio i u politi\u010dku borbu. Na <a href=\"https:\/\/www.bilten.org\/?p=37883\" target=\"_blank\" rel=\"noreferrer noopener\">pro\u0161lim izborima<\/a> je ostvario naizgled prili\u010dno slab rezultat: osvojio je 0,9% u regiji Diber na sjeveroistoku zemlje. No, taj rezultat nije bio odraz neposrednih sklonosti bira\u010da kao takvih. Rije\u010d je o najsiroma\u0161nijem dijelu zemlje \u010dije stanovni\u0161tvo naprosto nije imuno na zastra\u0161ivanja i kupovinu glasova koju su odra\u0111ivale najja\u010de stranke. Za nekoliko desetak eura mnogi su bili spremni privremeno promijeniti politi\u010dke sklonosti jer u tim krajevima to predstavlja nezanemarivu svotu. Tako\u0111er, Debreshi je kampanju, za razliku od ostalih kandidata, odra\u0111ivao nakon smjene u rudniku. Podr\u0161ku mu je pru\u017eala lijeva organizacija Organizata politika.<\/p>\n\n\n\n<p>Eksploziv pod Debreshijevim automobilom vrlo pouzdano sugerira da taj izborni rezultat nije realan i da on i suradnici predstavljaju prijetnju interesima kapitala i visoke politike. Mi njemu i suborcima pru\u017eamo punu podr\u0161ku i nadamo se da \u0107e ova zastra\u0161ivanja samo pridonijeti rastu radni\u010dkog pokreta u Albaniji koji \u0107e radnicima omogu\u0107iti dostojanstven \u017eivot i sigurnu egzistenciju.<br><\/p>\n","protected":false},"excerpt":{"rendered":"<p>Zastra\u0161ivanja i ubijanja sindikalnih \u010delnika i radni\u010dkih vo\u0111a sastavni su dio povijesti kapitalizma. Ugro\u017eeni profiti, poslovne namjere ili politi\u010dka mo\u0107 \u010desto su motivirali vlasnike kompanije ili vlastodr\u0161ce da posegnu za takvim metodama. Danas se, me\u0111utim, ti postupci uglavnom smatraju civilizacijski nadi\u0111enima, ekscesima ranog kapitalizma ili rezerviranima za nerazvijene dijelove svijeta do kojih jo\u0161 nisu do\u0161li [&hellip;]<\/p>\n","protected":false},"author":5,"featured_media":39197,"comment_status":"closed","ping_status":"closed","sticky":false,"template":"","format":"standard","meta":{"footnotes":""},"categories":[454],"tags":[516,85],"theme":[455],"country":[65],"articleformat":[205],"coauthors":[90],"class_list":["post-39195","post","type-post","status-publish","format-standard","has-post-thumbnail","hentry","category-naslovnica","tag-albanija","tag-radnicki-pokret","theme-rad","country-albanija","articleformat-vijest"],"_links":{"self":[{"href":"https:\/\/www.bilten.org\/index.php?rest_route=\/wp\/v2\/posts\/39195","targetHints":{"allow":["GET"]}}],"collection":[{"href":"https:\/\/www.bilten.org\/index.php?rest_route=\/wp\/v2\/posts"}],"about":[{"href":"https:\/\/www.bilten.org\/index.php?rest_route=\/wp\/v2\/types\/post"}],"author":[{"embeddable":true,"href":"https:\/\/www.bilten.org\/index.php?rest_route=\/wp\/v2\/users\/5"}],"replies":[{"embeddable":true,"href":"https:\/\/www.bilten.org\/index.php?rest_route=%2Fwp%2Fv2%2Fcomments&post=39195"}],"version-history":[{"count":1,"href":"https:\/\/www.bilten.org\/index.php?rest_route=\/wp\/v2\/posts\/39195\/revisions"}],"predecessor-version":[{"id":39196,"href":"https:\/\/www.bilten.org\/index.php?rest_route=\/wp\/v2\/posts\/39195\/revisions\/39196"}],"wp:featuredmedia":[{"embeddable":true,"href":"https:\/\/www.bilten.org\/index.php?rest_route=\/wp\/v2\/media\/39197"}],"wp:attachment":[{"href":"https:\/\/www.bilten.org\/index.php?rest_route=%2Fwp%2Fv2%2Fmedia&parent=39195"}],"wp:term":[{"taxonomy":"category","embeddable":true,"href":"https:\/\/www.bilten.org\/index.php?rest_route=%2Fwp%2Fv2%2Fcategories&post=39195"},{"taxonomy":"post_tag","embeddable":true,"href":"https:\/\/www.bilten.org\/index.php?rest_route=%2Fwp%2Fv2%2Ftags&post=39195"},{"taxonomy":"theme","embeddable":true,"href":"https:\/\/www.bilten.org\/index.php?rest_route=%2Fwp%2Fv2%2Ftheme&post=39195"},{"taxonomy":"country","embeddable":true,"href":"https:\/\/www.bilten.org\/index.php?rest_route=%2Fwp%2Fv2%2Fcountry&post=39195"},{"taxonomy":"articleformat","embeddable":true,"href":"https:\/\/www.bilten.org\/index.php?rest_route=%2Fwp%2Fv2%2Farticleformat&post=39195"},{"taxonomy":"author","embeddable":true,"href":"https:\/\/www.bilten.org\/index.php?rest_route=%2Fwp%2Fv2%2Fcoauthors&post=39195"}],"curies":[{"name":"wp","href":"https:\/\/api.w.org\/{rel}","templated":true}]}}