{"id":38468,"date":"2021-06-09T06:46:00","date_gmt":"2021-06-09T05:46:00","guid":{"rendered":"https:\/\/www.bilten.org\/?p=38468"},"modified":"2021-06-10T07:45:46","modified_gmt":"2021-06-10T06:45:46","slug":"cinizam-zakona-o-sezoncima","status":"publish","type":"post","link":"https:\/\/www.bilten.org\/?p=38468","title":{"rendered":"Cinizam zakona o sezoncima"},"content":{"rendered":"\n<p>Svrha dono\u0161enja Zakona o radnom anga\u017eovanju na sezonskim poslovima, prema obja\u0161njenju Vlade Republike Srbije, dokidanje je rada na crno. Sindikati pak upozoravaju da je takav rad ve\u0107 obuhva\u0107en postoje\u0107im Zakonom o radu te da dono\u0161enje novog zapravo nalikuje ozakonjenju takvog rada li\u0161enog svih garantiranih radnih prava. Irena Peji\u0107 i Marko Mileti\u0107 analiziraju kontradikcije novog zakonskog prijedloga. <\/p>\n\n\n\n<p>Ima unazad nekoliko godina kako se aktivno krenulo sa uru\u0161avanjem radnih prava u Srbiji. Proces traje mnogo du\u017ee, dabome, ali poslednja vlast je normirala radnu eksploataciju i ostavila mnogo \u0161tete. Pravni okviri uz pomo\u0107 kojih se \u0161trpka deo po deo prava i dostojanstva su kreativni, cini\u010dni i \u010desto u suprotnosti sa postoje\u0107om zakonskom regulativom.<\/p>\n\n\n\n<p>Tako je Ministarstvo za rad, zapo\u0161ljavanje, socijalna i bora\u010dka pitanja Republike Srbije sa novom ministarkom na \u010delu krajem pro\u0161le godine formiralo &#8220;radnu grupu za pripremu Nacrta zakona o izmenama i dopunama Zakona o pojednostavljenom radnom anga\u017eovanju na sezonskim poslovima u odre\u0111enim delatnostima&#8221;. Osnovni zadatak ove radne grupe je bio da do kraja marta ove godine pripremi izmene i dopune tzv. Zakona o sezoncima. Ovo se, me\u0111utim, nije dogodilo, jer je uz kontinuirano pra\u0107enje procesa dono\u0161enja ovog nacrta i <a rel=\"noreferrer noopener\" href=\"https:\/\/www.masina.rs\/tag\/zakon-o-sezonskom-radu\/\" target=\"_blank\">pisanja retkih medija<\/a>, reakcija malobrojnih sindikata i velikog broja organizacija koje se bave radnim pravom, prvobitni nacrt povu\u010den, te se sada radi na drugom. A ni taj drugi ne obe\u0107ava.<\/p>\n\n\n\n<p>Va\u017ee\u0107i Zakon o sezonskom radu je na snazi od 2018. i odnosi se na rad na pojedinim poslovima u poljoprivredi, \u0161umarstvu i ribarstvu. Najavljene izmene ovog zakona ticale su se pro\u0161irenja njegovog dejstva na odre\u0111ene delatnosti kao \u0161to su turizam i ugostiteljstvo, gra\u0111evinarstvo, ku\u0107ni i pomo\u0107ni poslovi te kreativne industrije, zatim na poslove poput pomo\u0107nih konobara, kuvara, pomo\u0107nih radnika na gra\u0111evini, \u010duvanja dece i starijih lica, \u0161etnje ku\u0107nih ljubimaca kao i poslova \u010di\u0161\u0107enja i odr\u017eavanja. Dok zagovornici novog nacrta zakona tvrde da bi mnogi od onih koji ove poslove obavljaju na crno bili zakonski prepoznati i uvedeni u pravni sistem, kriti\u010dari ovo vide kao svojevrstan cinizam.<\/p>\n\n\n\n<p>I u samoj radnoj grupi koja je zadu\u017eena za izradu ovog nacrta postoje velika neslaganja izme\u0111u predstavnika vlasti i poslodavaca s jedne strane i sindikata s druge strane. Prvi nacrt koji je bio pred radnom grupom je podrazumevao mno\u0161tvo problemati\u010dnih odredbi \u2013 mogu\u0107nost zaklju\u010denja usmenog ugovora izme\u0111u sezonskog radnika\/ce i poslodavca, do dvanaest radnih sati dnevno, odredbe da poslodavac mo\u017ee da bude i fizi\u010dko lice i da se poslovi mogu obavljati u privatnoj ku\u0107i poslodavca, mogu\u0107nost obavljanja rizi\u010dnih poslova u gra\u0111evinarstvu, rad bez nadoknade, nepostojanje radnih prava iz radnog odnosa, nemanje mogu\u0107nosti odlaska na bolovanje, trudni\u010dko, porodiljsko, godi\u0161nji odmor, slobodne dane, sindikalno organizovanje.<\/p>\n\n\n\n<h2 class=\"wp-block-heading\">Sindikalne kritike<\/h2>\n\n\n\n<p>Tako su iz Naled-a, organizacije \u010dlanice radne grupe koja pi\u0161e novi nacrt zakona, rekli da je osnovna &#8220;intencija pro\u0161irenja zakona da se radnicima koji sada rade na crno, obezbede prava u skladu sa me\u0111unarodnim standardima&#8221;. Sindikati ka\u017eu da \u0107e se time su\u0161tinski rad na crno ozakoniti, ali pitanje koje se gubi iz vida jeste za\u0161to bi dr\u017eava uvodila posebne poslove kako bi spre\u010dila rad na crno kada ima pravne mehanizme da ga spre\u010di na osnovu Zakona o radu, koje o\u010dito ne po\u0161tuje \u010dim rad na crno (u tolikoj meri) postoji? Nacrt je velikodu\u0161no predvi\u0111ao i nadzor, kako bi se zakon i \u201eradni\u010dka prava\u201c po\u0161tovala, a njega je trebalo da sprovodi Inspekcija rada. Koliko pravnih mehanizma Inspekcija rada ima na raspolaganju da poslodavcima, ukoliko su u pitanju fizi\u010dka lica na primer, bilo \u0161ta nalo\u017ei: kako \u0107ete u\u0107i u bilo \u010diju ku\u0107u da proverite da li je neko zaista tu i radi neprijavljeno?<\/p>\n\n\n\n<p>Pritisci sindikata i dela stru\u010dne javnosti su doveli do povla\u010denja prvog nacrta ovog zakona ali ne i do odustajanja od ovakve fleksibilizacije rada. Na stolu pred radnom grupom se nedavno na\u0161ao novi nacrt koji vi\u0161e ne govori o sezonskim poslovima ve\u0107 o olak\u0161anom privremenom anga\u017eovanju radnika u slu\u010daju pove\u0107anog obima posla kod poslodavca. Takav predlog je rezultat \u010dinjenice da se u mnogim delatnostima vi\u0161e ne mo\u017ee govoriti o sezonskim poslovima po\u0161to se oni obavljaju tokom \u010ditave godine, s tim da se poslodavcima ostavlja na volju procena o pove\u0107anom obimu posla. Ta\u010dnije, prema aktuelnom nacrtu ovog zakona poslodavac bi mogao i do \u0161est meseci da anga\u017euje mimo radnog odnosa recimo konobara ili radnika na gradili\u0161tu i ne postoje nikakve garancije da bi ih posle toga zaposlio ve\u0107 bi mogao iste osobe da ponovo anga\u017euje &#8220;sezonski&#8221; samo uz druga\u010diji opis posla. Sindikati s pravom strepe da bi ovo i one radnike\/ce koji sada imaju sigurnije ugovore moglo da prebaci u re\u017eim rada van radnog odnosa.<\/p>\n\n\n\n<p>Bez obzira \u0161to sindikati podse\u0107aju dr\u017eavu da prema Zakonu o radu osnovni preduslov za <a href=\"https:\/\/www.sindikat.rs\/pravo.html\" target=\"_blank\" rel=\"noreferrer noopener\">radno anga\u017eovanje<\/a> mora biti pisani ugovor ni novi predlog ne isti\u010de tu mogu\u0107nost ali uvodi dosta razra\u0111en opis novog informacionog sistema koji bi upotpunio dosada\u0161nju praksu usmenog dogovora. Nacrt predvi\u0111a da radnici\/e mogu na sudu da potra\u017ee za\u0161titu svojih prava, me\u0111utim usled nepostojanja pisanog ugovora oni ne bi bili u mogu\u0107nosti da dovedu u pitanje opis posla, trajanje radnog anga\u017eovanja, uslove za bezbednost i zdravlje na radu, dnevno i nedeljno radno vreme, odmore u toku dana, visinu naknade za rad bez pripadaju\u0107eg poreza i doprinosa i rokovima za njenu isplatu.<\/p>\n\n\n\n<p>Kao posebnu problematiku ovog nacrta <a rel=\"noreferrer noopener\" href=\"https:\/\/www.masina.rs\/mario-reljanovic-izmene-zakona-o-sezonskom-radu-prevazilaze-moja-najgora-ocekivanja\/\" target=\"_blank\">stru\u010dnjaci navode<\/a> i predvi\u0111eno radno anga\u017eovanje stranih dr\u017eavljana koje predvi\u0111a rad bez obaveze pribavljanja radne dozvole \u010dime se kr\u0161e odredbe va\u017ee\u0107ih Zakona o strancima i Zakona o zapo\u0161ljavanju stranaca, odnosno procedura za dobijanje radne dozvole za strance. Kako ka\u017ee Mario Reljanovi\u0107: &#8220;Time se ozakonjuje sistem rada na crno stranaca iz 95 zemalja iz kojih je mogu\u0107e u\u0107i u Srbiju bez vize, a me\u0111u kojima su i destinacije sa kojih tradicionalno dolaze radnici-imigranti (kao \u0161to su Indija i Turska). Rad na crno ovih lica je prisutan u ogromnoj meri u poslednje vreme, o \u010demu nas je izvestila i inspekcija rada u vi\u0161e navrata.&#8221;<\/p>\n\n\n\n<h2 class=\"wp-block-heading\">Vrhunac fleksibilizacije radnih odnosa<\/h2>\n\n\n\n<p>I pored postoje\u0107eg kakvog takvog pritiska stru\u010dne i \u0161ire javnosti, na izradi ovog zakona se radi i dalje, a radna grupa je pro\u0161irena ve\u0107im brojem predstavnika\/ca vlasti ali i Naled-a. Lobisti se ne bave radnim pravima ve\u0107 stvaranjem dobre poslovne klime za poslodavce, koji \u0107e dono\u0161enjem novog zakona i one sa ionako za radnike nepovoljnih ugovora o privremenim i povremenim poslovima mo\u0107i da anga\u017euju po jo\u0161 (za radnike\/ce) nepovoljnijim sezonskim poslovima.<\/p>\n\n\n\n<p>Zakonski predlog je bez dileme dosledan politikama koje donosi i sprovodi ova ali i biv\u0161e vlasti u Srbiji &#8211; pojeftiniti radnu snagu i dovesti ljude u maksimalno zavistan polo\u017eaj, jer gladni ne talasaju previ\u0161e. Uvo\u0111enje novih re\u017eima se nastavlja i pored dono\u0161enja Direktive o predvidivim i transparentnim uslovima rada Evropske unije, koja jednim delom tra\u017ei da se radno anga\u017eovanje stavi u okvire radnog zakonodavstva do 2022. godine, \u0161to \u0107e se po starom dobrom obi\u010daju u Srbiji <a href=\"https:\/\/pescanik.net\/bezbrizni-kapitalisti\/\" target=\"_blank\" rel=\"noreferrer noopener\">odlagati<\/a> dokle god je mogu\u0107e.<\/p>\n\n\n\n<p>Zato sada proces fleksibilizacije rada dolazi do svog vrhunca. Proces uvo\u0111enja novih re\u017eima rada se zavr\u0161ava, nakon uvo\u0111enja ugovora o privremenim i povremenim poslovima i agencijskog zapo\u0161ljavanja, na red dolazi dono\u0161enje novog Zakona o sezonskom radu, odnosno olak\u0161anom privremenom anga\u017eovanju radnika u slu\u010daju pove\u0107anog obima posla kod poslodavca, dok se, nakon fijaska sa frilenserima, \u010deka i Zakon o fleksibilnim oblicima rada. Svemu tome treba dodati i neosnovanu bezuslovnu promociju preduzetni\u0161tva i regulisanje samozapo\u0161ljivosti koje u potpunosti odgovornost dr\u017eave i poslodavaca za za\u0161titu radnika i njihovo zapo\u0161ljavanje prebacuje upravo na radnike\/ce.<\/p>\n\n\n\n<p>Svi novi re\u017eimi rada su\u0161tinski obesmi\u0161ljavaju Zakon o radu, jer on reguli\u0161e rad sve manjeg broja zaposlenih. Fleksibilizacija tako dovodi do otvorene radne eksploatacije koju dr\u017eava pravno normira, a radna snaga ostaje obespravljena i potpla\u0107ena. Jer kada nudite brojne mogu\u0107nosti za radno anga\u017eovanje radnika van radnog odnosa, recimo sezonskog konobara, kada \u0107e i da li \u0107e ikada on dobiti ugovor o radu ako je poslodavcima ostavljena mogu\u0107nost da ih zapo\u0161ljava prema Zakonu o sezonskom radu, kako god da se zakon nazove na kraju? Ovo pitanje su postavili i iz inicijative A11 na razgovoru <a href=\"https:\/\/www.masina.rs\/i-nakon-razgovora-hocemo-li-svi-biti-sezonci-ostaju-podeljena-misljenja-o-novom-zakonu\/\" target=\"_blank\" rel=\"noreferrer noopener\">o pomenutom zakonu<\/a>, ali odgovor od ministarke na\u017ealost nisu dobili.<\/p>\n\n\n\n<p>Tr\u017ei\u0161te rada u Srbiji je ve\u0107 preplavljeno ponudama za slabo pla\u0107ene i povremene poslove. Fleksibilizacija rada i dono\u0161enje specifi\u010dnih zakona za radno anga\u017eovanje reguli\u0161u upravo zadovoljenje ove potrebe poslodavaca. I sve to u godini kada je ogroman broj radno anga\u017eovanih ostao bez posla iako to zvani\u010dne statistike nisu konstatovale jer je prekarni rad nevidljiv za statistiku, i u godini kada se pri\u010da o najva\u017enijoj zakonskoj promeni koja nas \u010deka uskoro \u2013 promena Zakona o radu.<\/p>\n\n\n\n<h2 class=\"wp-block-heading\">U i\u0161\u010dekivanju novog Zakona o radu<\/h2>\n\n\n\n<p>Prema procenama sindikata i organizacija koje se bave radnim pravima, vi\u0161e od polovine zaposlenih u Srbiji anga\u017eovano je na privremeno-povremenim poslovima. Oni koji i imaju sre\u0107e da imaju ugovore na neodre\u0111eno izlo\u017eeni su rastu\u0107em riziku od gubitka posla, prethodne godine u krizi izazvanoj pandemijom i vi\u0161e nego ina\u010de. Nakon dono\u0161enja Zakona koji reguli\u0161u specifi\u010dne poslove i radne anga\u017emane sa minimalnim pravima za radnike a velikim prostorom za zloupotrebu za poslodavce, ostaje da vidimo kako \u0107e izgledati novi Zakon o radu.<\/p>\n\n\n\n<p>Njegova izmena se dugo najavljivala za ovu godinu, predizbornu uzgred budi re\u010deno, ali je rok za njegovo dono\u0161enje pomeren. Iako se zvani\u010dno ne daju informacije kada se po\u010dinje na radu novog Zakona o radu, nezvani\u010dno se on ne\u0107e dirati do posle izbora koji \u0107e najverovatnije biti odr\u017eani slede\u0107eg prole\u0107a.<\/p>\n\n\n\n<p>\u0160ta se mo\u017ee o\u010dekivati od novog Zakona o radu? Sude\u0107i prema procesu fleksibilizacije i prekarizacije rada, malo \u0161ta dobrog mo\u017eemo da o\u010dekujemo. Ako pratimo strukturu radne grupe za pisanje nacrta zakona o sezonskom radu, pretpostavka je da \u0107e sli\u010dan format postojati i za ZOR. Koliko \u0107e novi zakon okrnjiti radnih prava, socijalne za\u0161tite, koliko \u0107e otvoriti prostora za stavke koje \u0107e detaljnije ure\u0111ivati posebnim uredbama, odredbama i zakonima o radnom anga\u017eovanju?<\/p>\n\n\n\n<p>Ili jo\u0161 va\u017enije, koliko \u0107e otpora dono\u0161enje novog Zakona o radu proizvesti? Setimo li se prethodnih izmena, donetih 2014. godine i mlake reakcije sindikata, postoji bojazan ne\u0107e do\u0107i do njihove o\u0161trije reakcije, \u010dak i da zakon bude radikalnije antiradni\u010dki (kakav je i prethodni). Kako \u0107e sa sednice Socio-ekonomskog saveta isko\u010diti na ulice da blokiraju dono\u0161enje novog Zakona o radu, kada recimo nije poznato da su pokrenuli ocenu ustavnosti odredbe o sindikalnom organizovanju koje je po va\u017ee\u0107em zakonu omogu\u0107eno samo zaposlenima (\u010ditaj onim malobrojnima koji imaju Ugovor o radu), dok Ustav Republike Srbije pravo na sindikalno udru\u017eivanje jem\u010di svima? Mo\u017eda su sumnje proma\u0161ene, ostaje da vidimo \u0161ta donosi slede\u0107a godina.<\/p>\n","protected":false},"excerpt":{"rendered":"<p>Svrha dono\u0161enja Zakona o radnom anga\u017eovanju na sezonskim poslovima, prema obja\u0161njenju Vlade Republike Srbije, dokidanje je rada na crno. Sindikati pak upozoravaju da je takav rad ve\u0107 obuhva\u0107en postoje\u0107im Zakonom o radu te da dono\u0161enje novog zapravo nalikuje ozakonjenju takvog rada li\u0161enog svih garantiranih radnih prava. Irena Peji\u0107 i Marko Mileti\u0107 analiziraju kontradikcije novog zakonskog [&hellip;]<\/p>\n","protected":false},"author":4,"featured_media":38476,"comment_status":"closed","ping_status":"closed","sticky":false,"template":"","format":"standard","meta":{"footnotes":""},"categories":[454],"tags":[1202,668,85,1436],"theme":[456],"country":[11],"articleformat":[450],"coauthors":[404,96],"class_list":["post-38468","post","type-post","status-publish","format-standard","has-post-thumbnail","hentry","category-naslovnica","tag-radnicka-klasa","tag-radnicka-prava","tag-radnicki-pokret","tag-zakon-o-radu","theme-politika","country-srbija","articleformat-tema"],"_links":{"self":[{"href":"https:\/\/www.bilten.org\/index.php?rest_route=\/wp\/v2\/posts\/38468","targetHints":{"allow":["GET"]}}],"collection":[{"href":"https:\/\/www.bilten.org\/index.php?rest_route=\/wp\/v2\/posts"}],"about":[{"href":"https:\/\/www.bilten.org\/index.php?rest_route=\/wp\/v2\/types\/post"}],"author":[{"embeddable":true,"href":"https:\/\/www.bilten.org\/index.php?rest_route=\/wp\/v2\/users\/4"}],"replies":[{"embeddable":true,"href":"https:\/\/www.bilten.org\/index.php?rest_route=%2Fwp%2Fv2%2Fcomments&post=38468"}],"version-history":[{"count":8,"href":"https:\/\/www.bilten.org\/index.php?rest_route=\/wp\/v2\/posts\/38468\/revisions"}],"predecessor-version":[{"id":38478,"href":"https:\/\/www.bilten.org\/index.php?rest_route=\/wp\/v2\/posts\/38468\/revisions\/38478"}],"wp:featuredmedia":[{"embeddable":true,"href":"https:\/\/www.bilten.org\/index.php?rest_route=\/wp\/v2\/media\/38476"}],"wp:attachment":[{"href":"https:\/\/www.bilten.org\/index.php?rest_route=%2Fwp%2Fv2%2Fmedia&parent=38468"}],"wp:term":[{"taxonomy":"category","embeddable":true,"href":"https:\/\/www.bilten.org\/index.php?rest_route=%2Fwp%2Fv2%2Fcategories&post=38468"},{"taxonomy":"post_tag","embeddable":true,"href":"https:\/\/www.bilten.org\/index.php?rest_route=%2Fwp%2Fv2%2Ftags&post=38468"},{"taxonomy":"theme","embeddable":true,"href":"https:\/\/www.bilten.org\/index.php?rest_route=%2Fwp%2Fv2%2Ftheme&post=38468"},{"taxonomy":"country","embeddable":true,"href":"https:\/\/www.bilten.org\/index.php?rest_route=%2Fwp%2Fv2%2Fcountry&post=38468"},{"taxonomy":"articleformat","embeddable":true,"href":"https:\/\/www.bilten.org\/index.php?rest_route=%2Fwp%2Fv2%2Farticleformat&post=38468"},{"taxonomy":"author","embeddable":true,"href":"https:\/\/www.bilten.org\/index.php?rest_route=%2Fwp%2Fv2%2Fcoauthors&post=38468"}],"curies":[{"name":"wp","href":"https:\/\/api.w.org\/{rel}","templated":true}]}}