{"id":38428,"date":"2021-06-07T07:00:00","date_gmt":"2021-06-07T06:00:00","guid":{"rendered":"https:\/\/www.bilten.org\/?p=38428"},"modified":"2021-06-08T11:37:36","modified_gmt":"2021-06-08T10:37:36","slug":"kampanja-bez-prestanka","status":"publish","type":"post","link":"https:\/\/www.bilten.org\/?p=38428","title":{"rendered":"Kampanja bez prestanka"},"content":{"rendered":"\n<p>Slovenska demokratska stranka Janeza Jan\u0161e zna da ne mo\u017ee zadr\u017eati vlast na narednim izborima i da najve\u0107e \u0161anse ima koalicija stranaka lijevog centra. Zato su ve\u0107 krenuli s napadima na &#8220;najslabiju kariku&#8221; &#8211; Ljevicu. A ti su napadi identi\u010dni onima kojima su bili nedavno izlo\u017eeni Mo\u017eemo i Tomislav Toma\u0161evi\u0107 u Hrvatskoj.<\/p>\n\n\n\n<p>Sloveniju dogodine \u010deka superizborna godina. Nakon dva mandata s mjesta predsjednika republike odlazi Borut Pahor, koji je svojom vjerom u apoliti\u010dnost i idejom \u201cSprave\u201d (pomirenja izme\u0111u nasljednika suparni\u010dkih strana iz vremena Drugog svjetskog rata koje je trebalo nastupiti nakon 1991.) uspio tu funkciju li\u0161iti i ono malog simboli\u010dkog zna\u010denja. Sljede\u0107e godine se glasa i na lokalnom nivou, ali po\u0161to je tamo uloga strana\u010dke politike sve manja, skoro sav fokus partija bit \u0107e na parlamentarnim izborima koji se moraju odr\u017eati pred ljeto. Trenutno se pak \u010dini da Jan\u0161ina vlada, kao ni \u0160ar\u010deva i ni ona Cerarova prije nje, ne\u0107e do\u010dekati kraja mandata.<\/p>\n\n\n\n<p>Aktualna koalicijska vlast, sastavljena od Slovenske demokratske stranke (SDS) Janeza Jan\u0161e, kr\u0161\u0107anskodemokratske Nove Slovenije (NSi) Mateja Tonina te Stranke modernog centra (SMC), zombi reinkarnacije Stranke Mira Cerara, koju vodi Zdravko Po\u010dival\u0161ek, preuzela je vo\u0111enje dr\u017eave na po\u010detku epidemije koronavirusa s relativno ugodnom ve\u0107inom u parlamentu koja se u me\u0111uvremenu bitno stanjila i postala manjina. Trenutno ra\u010duna s 38 poslanika u parlamentu koji broji njih 90. To zna\u010di da vlada mora kod svakog glasanja tra\u017eiti glasove potpore kod Slovenske nacionalisti\u010dke stranke Zmaga Jelin\u010di\u010da i dijela poslanika stranke umirovljenika (DeSUS) koji su do ju\u010der bili dio te iste vlade. Ta \u010dinjenica dovela je vladu u situaciju da nisu u stanju niti da zamijene nekada\u0161njeg kolegu iz SMC-a Igora Zor\u010di\u010da s mjesta predsjednika parlamenta pa se tako pojavljuju naga\u0111anja da bi Janez Jan\u0161a mogao uz tre\u0107i poku\u0161aj smjene Zor\u010di\u010da vezati i glasanje o nepovjerenju vladi. U svakom slu\u010daju jedna stvar je jasna: SDS je spreman za izbore.<\/p>\n\n\n\n<h2 class=\"wp-block-heading\">Sabotiranje medija<\/h2>\n\n\n\n<p>SDS je ve\u0107 godinama najve\u0107a i najuspje\u0161nija stranka u zemlji, a taj status zadr\u017eava i tako \u0161to stalno funkcionira kao da je u tijeku kampanja za izbore. Oni su jedina stranka koja van predizborne sezone kupuje oglasni prostor za \u0161irenje propagande i neprestano aktivno radi na promociji svoje krajnje desne ideologije putem sve brojnijih vlastitih medija. Pomo\u0107u kapitala iz d\u017eepova ma\u0111arskih tajkunskih prijatelja Viktora Orb\u00e1na, SDS-ova Nova24TV operira kao glava medijske hobotnice odakle se tekstovi \u0161ire dalje preko mre\u017ee \u201cnezavisnih lokalnih web stranica\u201d \u010diji su urednici uglavnom \u010dlanovi ili prijatelji SDS-a. Kako bi oja\u010dali utjecaj vlastitih medija, dr\u017eavni Telekom Slovenije je s o\u010ditom politi\u010dkom agendom pomaknuo Nova24TV nekoliko mjesta vi\u0161e na programskoj shemi, pri \u010demu je potisnuo popularne programe POP TV i Kanal A kojim upravlja medijska ku\u0107a Pro Plus. Iako su se ve\u0107 pojavljivala naga\u0111anja da je vlada bila spremna da na neki na\u010din kupi naklonost te medijske ku\u0107e u vlasni\u0161tvu PPF grupe, smrt njenog osniva\u010da, najbogatijeg \u010ceha Petra Kellera, ostavlja pri\u010du neizvjesnom.<\/p>\n\n\n\n<p>Novu frontu s medijima vlada je otvorila objavom rezultata natje\u010daja za sufinanciranje medijskih sadr\u017eaja Ministarstva za kulturu. Najve\u0107i gubitnik natje\u010daja bio je Radio \u0160tudent (R\u0160) koji je pro\u0161lih godina redovito dobivao 100 tisu\u0107a eura za svoje sadr\u017eaje zbog toga \u0161to s 52 godine tradicije u\u017eiva status medija posebnog zna\u010denja. Ove pak godine R\u0160 je od novog \u017eirija dobio nula eura \u010dime se pod veliki upitnik dovodi \u201cstru\u010dnost\u201d \u010dlanova \u017eirija sastavljenog od bliskih saveznika SDS-a. Bez sredstava ostali su i neki drugi kriti\u010dki mediji poput Dnevnika i Mladine, a ona su, barem dijelom, bila proslije\u0111ena medijima koji s naklono\u0161\u0107u gledaju na vladu. Glavni razlog nedodijeljivanju bodova tim medijima na natje\u010daju bila je njihova pretpostavljena neuravnote\u017eenost ili druk\u010dije re\u010deno, prevelika kriti\u010dnost prema aktualnoj vlasti. Zbog toga se R\u0160 okrenuo <em>crowdfundingu<\/em> dok \u0107e paralelno probati do natje\u010dajnih sredstava do\u0107i na sudu, slijede\u0107i tako potez dr\u017eavne Slovenske tiskovne agencije (STA) koja ve\u0107 mjesecima ne dobiva sredstava od vlade koja joj pripadaju po Zakonu o STA. Poku\u0161aj financijskog discipliniranja STA barem privremeno su zaustavili ljudi koji su SMS donacijama skupili 246.300 eura za pla\u0107e zaposlenih dok vlada jo\u0161 uvijek dr\u017ei agenciju za taoca dok ne postigne smjenu vodstva.<\/p>\n\n\n\n<h2 class=\"wp-block-heading\">Nova stara koalicija<\/h2>\n\n\n\n<p>Vlada u aktualnom koalicijskom sastavu ne mo\u017ee ra\u010dunati na novi mandat. Sve ankete ukazuju na uvjerljivu pobjedu tzv. Koalicije <a rel=\"noreferrer noopener\" href=\"https:\/\/en.wikipedia.org\/wiki\/Constitutional_Arch\" target=\"_blank\">ustavnog luka<\/a> (KUL) koju tvore \u010detiri stranke lijevog centra. Najbolji srednjero\u010dni scenarij za desnicu na vlasti je razdor unutar te koalicije stranaka kojima je zapravo zajedni\u010dki nazivnik taj da se \u017eele rije\u0161iti Jan\u0161e. Posljednje iskustvo vlade u kojoj su sura\u0111ivale spomenute stranke pod vodstvom Marjana \u0160arca ukazuje na probleme u tom braku koji bi u najgorem slu\u010daju mogli rezultirati ponovnim razvodom, sli\u010dnim onom s po\u010detka pro\u0161le godine, \u010dime bi lijevi centar izgubio legitimitet, a ma\u0111arski scenarij postao ozbiljna dugoro\u010dna opcija za Sloveniju. Pored toga \u0161to je desnica ve\u0107 po\u010dela s uspostavljanjem satelitskih stranaka u obliku \u0161iroke koalicije manjih konzervativnih stranaka Pove\u017eimo Slovenijo, istovremeno radi i na delegitimizaciji budu\u0107e vlade. Za najslabiju kariku odabrala je Ljevicu.<\/p>\n\n\n\n<p>Ljevica je stranka koja je nastajala u jeku financijske krize po\u010detkom pro\u0161log desetlje\u0107a, a danas ima osam poslanika u parlamentu i prvi put je spremna na ulazak u izvr\u0161nu vlast. Za vrijeme pro\u0161le lijevo-centristi\u010dke koalicije na vlasti od 2018. do 2020., Ljevica je naime bila samo \u201cpartner\u201d pa tako nije imala ministara, a vladi je &#8220;posu\u0111ivala&#8221; glasove u parlamentu s nekim koncesijama. No kako vlada nije bila spremna poduprijeti vi\u0161e prijedloga Ljevice, odnos se ubrzo pogor\u0161ao pa je tako u zadnjim mjesecima Slovenska nacionalisti\u010dka stranka postala \u201cpartner\u201d manjinskoj vladi. I dok se bira\u010di, siti Jan\u0161e, uvjeravaju kako \u0107e sljede\u0107i put biti sve druk\u010dije, desnica potpiruje strahove s najnovijim zahtjevom za sjednicu parlamenta na kojoj bi se raspravljalo o tome je li program Ljevice protuustavan. Zahtjev za sjednicu potpisali su se SDS i NSi, a kao najglasniji borac ispostavio se poslanik najve\u0107e stranke Branko Grims koji je zbog svoje agresivne retorike i spremnosti zagovaranja ekstremnijih ideja &#8211; od ksenofobije do negiranja klimatskih promjena &#8211; bio vi\u0161e puta ozna\u010den kao Joseph Goebbels SDS-a.<\/p>\n\n\n\n<h2 class=\"wp-block-heading\">Crvena panika<\/h2>\n\n\n\n<p>Ljevica se kao formalna stranka uspostavila 2017. godine, tri godine nakon \u0161to su se ujedinili Odr\u017eivi razvoj Slovenije (TRS) i Inicijativa za demokratski socijalizam (IDS). Ljevica ima u statutu za cilj svojeg djelovanja zapisanu uspostavu demokratskog i ekolo\u0161kog socijalizma. Iako se o tome otvoreno govori ve\u0107 godinama, desnica je kao bik koji vidi crveno tek sad prvi put na ovakav na\u010din jurnula prema Ljevici. Osim logotipa u obliku stilizirane crvene zvijezde i poneke izjave kojeg radikalnijeg \u010dlana stranke, Ljevica u 2021. godini vi\u0161e li\u010di na socijaldemokratsku opciju nego radikalnu ljevicu kakvom ju \u017eele prikazati njihovi glavni protivnici, pri \u010demu se pozivaju \u010dak na i na la\u017eni manifest Ljevice nepoznatog autora kojeg su provladini mediji aktivno \u0161irili. Zbog svega toga ovi napadi desnice vi\u0161e li\u010de na smije\u0161ne poku\u0161aje hrvatskih konzervativnih sila koji \u017eele Tomislava Toma\u0161evi\u0107a i Mo\u017eemo! prikazati kao radikalno ljevu stranku koja \u0107e vratiti titoizam i nacionalizirati stanove. Ljevica s Lukom Mesecom na \u010delu zagovara progresivne ideje, ali njenu bazu glasa\u010da &#8211; \u0161to se vidi i kod programskih usmjerenja partije &#8211; tvore mladi i urbana populacija, primarno iz Ljubljane. U aktualnoj konstelaciji se Ljevica ne zauzima za pretjerano radikalne ideje, ve\u0107 su njene poruke vi\u0161e-manje na liniji s preostalima partijama Koalicije ustavnog luka \u010diji je prakti\u010dki domet zagovaranje ekolo\u0161kih i socijalnih politika Europske komisije. No, sve to ne zaustavlja SDS pa tako Grims poku\u0161ava javnosti objasniti kako \u0107e Ljevica \u201ctjerati poduzetnike s bajunetima u more\u201d i proziva svakoga tko ne nastupa protiv Ljevice da zapravo vodi Sloveniju u \u201cgra\u0111anski rat\u201d.<\/p>\n\n\n\n<p>Sve te tvrdnje su naravno apsurdne, no sasvim je mogu\u0107e da su u\u010dinkovite u svom cilju da se demonizira Levicu kod neodlu\u010dnih bira\u010da centra pa i bira\u010da lijevog centra. Zdravko Po\u010dival\u0161ek, predsjednik SMC-a je u doba velikih pritisaka na njegove poslanike da smjene vladu Jan\u0161e tu odluku predstavio kao dvojbu izme\u0111u napretka s SDS-om ili suradnje s Ljevicom. Odluka za pro-biznis politi\u010dara poput Po\u010dival\u0161eka je jasna, a na desnici se nadaju da situacijo tako vide i ostali.<\/p>\n\n\n\n<p>U paranoji protiv Ljevice gubi se iz vida \u010dinjenica da se radi o partiji s jako malo kvalificiranog kadra za preuzimanje bitnijih resora u sljede\u0107oj vladi. Vjerojatniji je scenarij u kojem \u0107e preuzeti stranci bliska podru\u010dja poput kulture i za\u0161tite okoli\u0161a dok \u0107e ostale resore podijeliti Socijalni demokrati, Stranka Alenke Bratu\u0161ek i Lista Marjana \u0160arca. Trenutno je jasno samo to da na sljede\u0107im izborima Jan\u0161a ne\u0107e mo\u0107i sam sastaviti vladu. A tko \u0107e ju sastaviti i kako \u0107e izgledati ta suradnja jo\u0161 uvijek je nepoznato. Revolucija u svakom slu\u010daju nije me\u0111u ponu\u0111enim opcijama, \u0161to god si o tome mislili na sve vi\u0161e otvoreno fa\u0161isti\u010dkoj desnici. Lijevi centar zapravo nudi samo \u201cvra\u0107anje u normalu\u201d, kakva god ve\u0107 ona bila.<\/p>\n","protected":false},"excerpt":{"rendered":"<p>Slovenska demokratska stranka Janeza Jan\u0161e zna da ne mo\u017ee zadr\u017eati vlast na narednim izborima i da najve\u0107e \u0161anse ima koalicija stranaka lijevog centra. Zato su ve\u0107 krenuli s napadima na &#8220;najslabiju kariku&#8221; &#8211; Ljevicu. A ti su napadi identi\u010dni onima kojima su bili nedavno izlo\u017eeni Mo\u017eemo i Tomislav Toma\u0161evi\u0107 u Hrvatskoj. Sloveniju dogodine \u010deka superizborna [&hellip;]<\/p>\n","protected":false},"author":5,"featured_media":38431,"comment_status":"closed","ping_status":"closed","sticky":false,"template":"","format":"standard","meta":{"footnotes":""},"categories":[454],"tags":[591],"theme":[456],"country":[30],"articleformat":[450],"coauthors":[1203],"class_list":["post-38428","post","type-post","status-publish","format-standard","has-post-thumbnail","hentry","category-naslovnica","tag-slovenija","theme-politika","country-slovenija","articleformat-tema"],"_links":{"self":[{"href":"https:\/\/www.bilten.org\/index.php?rest_route=\/wp\/v2\/posts\/38428","targetHints":{"allow":["GET"]}}],"collection":[{"href":"https:\/\/www.bilten.org\/index.php?rest_route=\/wp\/v2\/posts"}],"about":[{"href":"https:\/\/www.bilten.org\/index.php?rest_route=\/wp\/v2\/types\/post"}],"author":[{"embeddable":true,"href":"https:\/\/www.bilten.org\/index.php?rest_route=\/wp\/v2\/users\/5"}],"replies":[{"embeddable":true,"href":"https:\/\/www.bilten.org\/index.php?rest_route=%2Fwp%2Fv2%2Fcomments&post=38428"}],"version-history":[{"count":5,"href":"https:\/\/www.bilten.org\/index.php?rest_route=\/wp\/v2\/posts\/38428\/revisions"}],"predecessor-version":[{"id":38434,"href":"https:\/\/www.bilten.org\/index.php?rest_route=\/wp\/v2\/posts\/38428\/revisions\/38434"}],"wp:featuredmedia":[{"embeddable":true,"href":"https:\/\/www.bilten.org\/index.php?rest_route=\/wp\/v2\/media\/38431"}],"wp:attachment":[{"href":"https:\/\/www.bilten.org\/index.php?rest_route=%2Fwp%2Fv2%2Fmedia&parent=38428"}],"wp:term":[{"taxonomy":"category","embeddable":true,"href":"https:\/\/www.bilten.org\/index.php?rest_route=%2Fwp%2Fv2%2Fcategories&post=38428"},{"taxonomy":"post_tag","embeddable":true,"href":"https:\/\/www.bilten.org\/index.php?rest_route=%2Fwp%2Fv2%2Ftags&post=38428"},{"taxonomy":"theme","embeddable":true,"href":"https:\/\/www.bilten.org\/index.php?rest_route=%2Fwp%2Fv2%2Ftheme&post=38428"},{"taxonomy":"country","embeddable":true,"href":"https:\/\/www.bilten.org\/index.php?rest_route=%2Fwp%2Fv2%2Fcountry&post=38428"},{"taxonomy":"articleformat","embeddable":true,"href":"https:\/\/www.bilten.org\/index.php?rest_route=%2Fwp%2Fv2%2Farticleformat&post=38428"},{"taxonomy":"author","embeddable":true,"href":"https:\/\/www.bilten.org\/index.php?rest_route=%2Fwp%2Fv2%2Fcoauthors&post=38428"}],"curies":[{"name":"wp","href":"https:\/\/api.w.org\/{rel}","templated":true}]}}