{"id":38316,"date":"2021-05-26T10:14:00","date_gmt":"2021-05-26T09:14:00","guid":{"rendered":"https:\/\/www.bilten.org\/?p=38316"},"modified":"2021-05-27T01:15:59","modified_gmt":"2021-05-27T00:15:59","slug":"neuspjesan-poziv-liberalima-na-dejt","status":"publish","type":"post","link":"https:\/\/www.bilten.org\/?p=38316","title":{"rendered":"Neuspje\u0161an poziv liberalima na dejt"},"content":{"rendered":"\n<p>Ju\u010dera\u0161nja novinska konferencija Domovinskog pokreta koja je trebala do kraja &#8220;raskrinkati&#8221; koruptivnu hobotnicu znanu kao platforma Mo\u017eemo nehoti\u010dno je poprimila obrise auto-ironijskog ske\u010da. Pripomogli su i maturanti koji su je prekidali tako \u0161to su pjevali pjesmu &#8220;Sude mi&#8221; Miroslava \u0160kore, ostavljaju\u0107i pritom publiku u nedoumici: jesu li posrijedi svjesni provokatori, nesvjesni obo\u017eavatelji ili naprosto pijani maturanti? Osnovu cijelog ske\u010da je \u010dinio &#8220;dokazni postupak&#8221;. Naime, &#8220;\u0161koristi&#8221; su javnosti predstavili isprintane i ina\u010de javno dostupne financijske izvje\u0161taje raznih udruga koje djeluju, kako bi rekao Zlatko Hasanbegovi\u0107, kao para-politi\u010dki paravan za politi\u010dko djelovanje.<\/p>\n\n\n\n<p>Sam ske\u010d koji ukazuje na nezakonitost printanjem zakonski obveznih i svima dostupnih financijskih izvje\u0161taja te\u0161ko da ima za cilj ono \u0161to proklamira. Pored same te\u017enje da manufaktura la\u017enih vijesti i manipulacija radi neprestano i zaga\u0111uje javni prostor, ske\u010d je i dio kampanje koja nastoji &#8220;namignuti&#8221; odre\u0111enom dijelu bira\u010dkog tijela. Pored takozvanih ideolo\u0161kih prokazivanja koja nastoje Mo\u017eemo raskrinkati kao ekstremnu ljevicu, a Tomislava Toma\u0161evi\u0107a kao komunista na biciklu, Domovinski pokret poku\u0161ava pridobiti i onaj dio bira\u010da koji nije ba\u0161 sklon usta\u0161kim teorijama zavjere. Oni ciljaju i na umjerene bira\u010de kojima politi\u010dki prioritet predstavljaju javna potro\u0161nja i famozno uhljebni\u0161tvo.<\/p>\n\n\n\n<p>Naime, organizatori kampanje Miroslava \u0160kore su svjesni da im je domoljubna <em>target grupa<\/em> previ\u0161e ograni\u010dena za relevantan rezultat u Zagrebu. I zato su upregnuli svoje &#8220;istra\u017eiva\u010dke novinare&#8221; kako bi iskopali dovoljno materijala za propagandnu koaliciju usta\u0161ke desnice i liberalnog centra. Postoji jedan ideolo\u0161ki element koji tu koaliciju \u010dini mogu\u0107om, a to su javna potro\u0161nja i uloga dr\u017eave u ekonomije. Liberalima je kritika javnog sektora, uhljebni\u0161tva i &#8220;prora\u010dunskih sisa&#8221; dio ekonomske samorazumljivosti, dok je usta\u0161ama dovoljna poveznica s komunizmom da se alarmiraju. Osim ako novac ne ide njima, a oni na njega imaju &#8220;ne-ekonomsko&#8221; pravo jer je ovo hrvatska dr\u017eava.<\/p>\n\n\n\n<p>Uglavnom, kampanja se posljednjih dana fokusirala na novce koje su udruge dobile iz prora\u010duna, Mo\u017eemo se preimenovalo u &#8220;Muzemo&#8221;, inzistira se na \u0160kori kao figuri koja puni prora\u010dun dok ga Toma\u0161evi\u0107 i kompanija prazne, \u010dak se i zahtijeva tr\u017ei\u0161na meritokracija u sistematizaciji radnih mjesta u gradskoj upravi. Cilja se, dakle, na ideolo\u0161ke strahove publike odrasle na Indexovom lovu na vje\u0161tice u javnom sektoru i materijalne strepnje obrtnika i sitnih poduzetnika koji bi se trebali bojati socijalisti\u010dkih krvopija. Mo\u017eda vam mi nismo difoltna politi\u010dka opcija, ali sudbina nam je dodijelila ulogu posljednje crte obrane slobodnog tr\u017ei\u0161ta. I nije sama oklada politi\u010dki skroz luda, postoje brojni povijesni primjeri realizacija takvih koalicija. No, ovdje je proma\u0161en \u017eanr.<\/p>\n\n\n\n<p>Naime, \u0161irenjem <em>target grupe<\/em> \u0160korina kampanja se na\u0161la u nekovrsnom paradoksu: radikaliziraju poruku kako bi privukli umjerenije glasa\u010de. No, sami su si zacrtali putanju. Ne mogu sad samo tako napustiti \u017eanr usta\u0161ko-tabloidne histerije kako bi se prikazali kao stalo\u017eeni jamci neometanog odvijanja objektivne tr\u017ei\u0161ne utakmice. I po pitanju sadr\u017eaja i po pitanju forme. Njihovi poku\u0161aji raskrinkavanja su ve\u0107 toliko puta raskrinkani da i mejnstrim mediji pi\u0161u\u0107i o temi raskrinkavanje stavljaju pod navodnike. S druge strane, stalna tabloidna zajapurenost u prezentaciji navodnih otkri\u0107a ne ulijeva umjerenim glasa\u010dima puno povjerenja. Valja istaknuti da se tu nije radilo o nekoj gre\u0161ci koja se mogla izbje\u0107i pametnijim kalkulacijama. Nisu imali prostora za to jer im ovi izbori prije svega predstavljaju priliku da se publici na desnici predstave kao autenti\u010dniji i efikasniji \u010duvari svetinja od HDZ-a i Mosta.<\/p>\n\n\n\n<p>\u0160to se pak ti\u010de prigu\u0161ene reakcije platforme Mo\u017eemo na stalne napade, ona se \u010dini takti\u010dki ispravnom i u\u010dinkovitom. Ali takva je samo u kampanji. Nakon preuzimanja vlasti Mo\u017eemo \u0107e morati prona\u0107i efikasnu metodu borbe s ideolo\u0161kim bjesnilom na desnici. Jer \u0107e se tada ono preplitati s konkretnim materijalnim interesima.<\/p>\n","protected":false},"excerpt":{"rendered":"<p>Ju\u010dera\u0161nja novinska konferencija Domovinskog pokreta koja je trebala do kraja &#8220;raskrinkati&#8221; koruptivnu hobotnicu znanu kao platforma Mo\u017eemo nehoti\u010dno je poprimila obrise auto-ironijskog ske\u010da. Pripomogli su i maturanti koji su je prekidali tako \u0161to su pjevali pjesmu &#8220;Sude mi&#8221; Miroslava \u0160kore, ostavljaju\u0107i pritom publiku u nedoumici: jesu li posrijedi svjesni provokatori, nesvjesni obo\u017eavatelji ili naprosto pijani [&hellip;]<\/p>\n","protected":false},"author":5,"featured_media":38319,"comment_status":"closed","ping_status":"closed","sticky":false,"template":"","format":"standard","meta":{"footnotes":""},"categories":[454],"tags":[275,12],"theme":[456],"country":[38],"articleformat":[205],"coauthors":[90],"class_list":["post-38316","post","type-post","status-publish","format-standard","has-post-thumbnail","hentry","category-naslovnica","tag-ekstremna-desnica","tag-izbori","theme-politika","country-hrvatska","articleformat-vijest"],"_links":{"self":[{"href":"https:\/\/www.bilten.org\/index.php?rest_route=\/wp\/v2\/posts\/38316","targetHints":{"allow":["GET"]}}],"collection":[{"href":"https:\/\/www.bilten.org\/index.php?rest_route=\/wp\/v2\/posts"}],"about":[{"href":"https:\/\/www.bilten.org\/index.php?rest_route=\/wp\/v2\/types\/post"}],"author":[{"embeddable":true,"href":"https:\/\/www.bilten.org\/index.php?rest_route=\/wp\/v2\/users\/5"}],"replies":[{"embeddable":true,"href":"https:\/\/www.bilten.org\/index.php?rest_route=%2Fwp%2Fv2%2Fcomments&post=38316"}],"version-history":[{"count":3,"href":"https:\/\/www.bilten.org\/index.php?rest_route=\/wp\/v2\/posts\/38316\/revisions"}],"predecessor-version":[{"id":38347,"href":"https:\/\/www.bilten.org\/index.php?rest_route=\/wp\/v2\/posts\/38316\/revisions\/38347"}],"wp:featuredmedia":[{"embeddable":true,"href":"https:\/\/www.bilten.org\/index.php?rest_route=\/wp\/v2\/media\/38319"}],"wp:attachment":[{"href":"https:\/\/www.bilten.org\/index.php?rest_route=%2Fwp%2Fv2%2Fmedia&parent=38316"}],"wp:term":[{"taxonomy":"category","embeddable":true,"href":"https:\/\/www.bilten.org\/index.php?rest_route=%2Fwp%2Fv2%2Fcategories&post=38316"},{"taxonomy":"post_tag","embeddable":true,"href":"https:\/\/www.bilten.org\/index.php?rest_route=%2Fwp%2Fv2%2Ftags&post=38316"},{"taxonomy":"theme","embeddable":true,"href":"https:\/\/www.bilten.org\/index.php?rest_route=%2Fwp%2Fv2%2Ftheme&post=38316"},{"taxonomy":"country","embeddable":true,"href":"https:\/\/www.bilten.org\/index.php?rest_route=%2Fwp%2Fv2%2Fcountry&post=38316"},{"taxonomy":"articleformat","embeddable":true,"href":"https:\/\/www.bilten.org\/index.php?rest_route=%2Fwp%2Fv2%2Farticleformat&post=38316"},{"taxonomy":"author","embeddable":true,"href":"https:\/\/www.bilten.org\/index.php?rest_route=%2Fwp%2Fv2%2Fcoauthors&post=38316"}],"curies":[{"name":"wp","href":"https:\/\/api.w.org\/{rel}","templated":true}]}}