{"id":37940,"date":"2021-05-03T12:26:28","date_gmt":"2021-05-03T11:26:28","guid":{"rendered":"https:\/\/www.bilten.org\/?p=37940"},"modified":"2021-05-03T12:26:29","modified_gmt":"2021-05-03T11:26:29","slug":"ostvareno-jos-jedno-predvidanje-znanstvenika-amazona-postaje-ugljicno-pozitivna","status":"publish","type":"post","link":"https:\/\/www.bilten.org\/?p=37940","title":{"rendered":"Ostvareno jo\u0161 jedno predvi\u0111anje znanstvenika: Amazona postaje uglji\u010dno pozitivna"},"content":{"rendered":"\n<p>\u010cini se da smo pre\u0161li jo\u0161 jedan psiholo\u0161ki prag u pogledu optimizma spram sanacije klimatskih promjena. Postoji ve\u0107i broj takvih pragova koje smo posljednjih deset godina ignorirali, a potom ih prelazili jednog po jednog. Prvi je bio va\u017enost Kyoto sporazuma (prestao va\u017eiti 2012.), drugi je bilo rast globalnog zatopljenja iznad prosje\u010dnih dva stupnja Celzijusa godi\u0161nje. Tre\u0107i je bio Pari\u0161ki sporazum \u010dije nas obaveze nisu zapravo ni na \u0161to obvezale, a \u010detvrti je bio trenutak kad \u0107e tropske \u0161ume \u2013 tzv. plu\u0107a svijeta \u2013 prestati upijati vi\u0161e CO2 nego \u0161to \u0107e emitirati. I taj smo prag upravo pre\u0161li, makar u Brazilskom (najve\u0107em) dijelu Amazone. Idu\u0107i \u0107e biti onaj kada oceani prestanu skladi\u0161titi stakleni\u010dke plinove, no o tom po tom.<\/p>\n\n\n\n<p>Prema <a rel=\"noreferrer noopener\" href=\"https:\/\/www.nature.com\/articles\/s41558-021-01026-5\" target=\"_blank\">\u010dlanku<\/a> skupine znanstvenika objavljenome pro\u0161loga tjedna u znanstvenom \u010dasopisu Nature, brazilski dio Amazonske \u0161ume (60 posto ukupne Amazone), tijekom posljednje dekade emitirao je vi\u0161e CO2 u atmosferu nego \u0161to ga je iz nje apsorbirao. Znanstvenici su uz pomo\u0107u satelitske tehnologije izra\u010dunali da je Amazona u posljednjih deset godina je emitirala \u010dak 20 posto vi\u0161e CO2 nego \u0161to je upila: od 2010. do 2019., brazilski sliv Amazone ispustio je u atmosferu 16.6 milijardi tona CO2, dok je iz nje usisao samo 13,9 milijardi tona. Usporedbe radi, recimo da su emisije stakleni\u010dkih plinova tokom 2019. godine (prije korone) iznosile 40 milijardi tona. Biljke i tlo apsorbirale su 50 posto tih emisija, tokom posljednjih pola stolje\u0107a, dok su oceani spremili jo\u0161 minimum 20 posto. Usput recimo da je Amazona toliko velika da su sve ostale svjetske tropske ki\u0161ne \u0161ume zajedno, jednako velike koliko i Amazona.<\/p>\n\n\n\n<p>Premda je gubitak sposobnosti \u0161uma da skladi\u0161te CO2 bio o\u010dekivan ishod klimatskog nemara, \u010dlanak je izazvao zaprepa\u0161tenje struke i zainteresirane javnosti zbog toga \u0161to smo i u najokorjelijim i najkonzervativnijim procjenama smatrali da do toga trenutka imamo jo\u0161 dovoljno vremena \u2013 da okrenemo politike i uvjerimo politi\u010dare u ozbiljnost situacije.<\/p>\n\n\n\n<p>Sada se me\u0111utim pokazuje da smo zakasnili i na ovaj prag. Istovremeno, znanstvenici koji prou\u010davaju otapanje ledenjaka na Antarktici, jedinom zemaljskom smrznutom kontinentu, zgra\u017eaju se nad novim podacima koji pokazuju da se ledenjak \u201eod milja nazvan\u201c Ledenjak Sudnjeg dana kre\u0107e <a rel=\"noreferrer noopener\" href=\"https:\/\/www.theguardian.com\/environment\/2021\/apr\/30\/antarctic-doomsday-glacier-may-be-melting-faster-than-was-thought\" target=\"_blank\">znatno br\u017ee od predvi\u0111anja<\/a>. Radi se o najve\u0107em svjetskom ledenjaku koji je samo svojim ledom u istom periodu doprinio ukupnom pove\u0107anju razine mora sa 4 posto. Usporedbe radi, ka\u017eimo da se u tom ledenjaku sada nalaze \u0161upljine veli\u010dine polovice ameri\u010dkog Grand Canyona. Nova predvi\u0111anja pokazuju da se ubrzava i proces otapanja ovog ledenjaka.<\/p>\n\n\n\n<h2 class=\"wp-block-heading\">Radimo li dovoljno?<\/h2>\n\n\n\n<p>No, dok je za zaustavljanje podizanja razine mora kasno, Amazona jo\u0161 uvijek nije postala nepovratno uglji\u010dno pozitivna. Znanstvenici teoretiziraju kako je cijela Amazona jo\u0161 uvijek &#8220;ok&#8221;, odnosno da jo\u0161 uvijek upija vi\u0161e CO2 nego \u0161to ga emitira. Studija je promatrala koli\u010dinu apsorbiranog i uskladi\u0161tenog CO2 prate\u0107i vremensku dimenziju rasta \u0161ume, i uspore\u0111uju\u0107i to sa koli\u010dinom CO2 vra\u0107enim u atmosferu tokom deforestacije (npr. po\u017eara i potpunog uni\u0161tavanja) te devastacije (postupnog uni\u0161tavanja). Studija je tako\u0111er pokazala da se kr\u010denje \u0161uma &#8211; po\u017earima i sje\u010dom &#8211; <a href=\"https:\/\/www.theguardian.com\/environment\/2021\/apr\/30\/brazilian-amazon-released-more-carbon-than-it-absorbed-over-past-10-years\" target=\"_blank\" rel=\"noreferrer noopener\">pove\u0107alo gotovo \u010detverostruko<\/a> u 2019. godini u usporedbi s bilo kojom od dvije prethodne godine, s oko 1 milijun hektara (2,5 milijuna hektara) na 3,9 milijuna hektara (9,6 hektara). <\/p>\n\n\n\n<p>Najzanimljiviji dio studije pokazuje da uzrok amazonske uglji\u010dne pozitivnosti nije primarno \u010dista deforestacija \u2013 proces koji smo globalno pratili snimkama i fotografijama masovnih po\u017eara (slu\u010dajnih i namjernih) koji uni\u0161tavaju stani\u0161ta i brojne \u017eivotinjske jedinke \u2013 ve\u0107 \u0161umska degradacija, postupno kr\u010denje \u0161ume radi poljoprivrede i sli\u010dnih ljudskih potreba. Situacija je u toliko opasna \u0161to se isti procesi doga\u0111aju i u dijelovima Amazone koji le\u017ee u drugim zemljama. Kr\u010denje se dakle ubrzava, a istovremeno su\u0161e postaju sve intenzivnije.<\/p>\n\n\n\n<p>Tjedan dana prije objave \u010dlanka u Natureu, <a href=\"https:\/\/www.climatechangenews.com\/2021\/04\/23\/us-uk-norway-launch-1bn-initiative-protect-tropical-forests\/\" target=\"_blank\" rel=\"noreferrer noopener\">Climate Change News<\/a> objavio je tekst o privatnoj inicijativi triju zemalja \u2013 SAD, Velike Britanije i Norve\u0161ke \u2013 kojom pokre\u0107u inicijativu za spas tropskih \u0161uma vrijednu milijardu dolara koje planiraju prikupiti putem javnim i privatnim financijama koje bi doprinijele smanjenju kr\u010denja \u0161uma i samim time boljom sposobno\u0161\u0107u \u0161uma da i dalje upijaju CO2. Inicijativa je rezultat sastanka na ameri\u010dkom vrhu na temu klimatskih promjena. Plan je da se sredstva daju dr\u017eavama, provincijama i op\u0107inama koje \u0161tite svoje tropske \u0161ume od propadanja, ali ne one u kojima se doga\u0111a kr\u010denje. U izradi uvjeta financiranja, navodno \u0107e sudjelovati lokalna i autohtona zajednica. Neke od kompanija koje su iskazale spremnost za financiranje ovih klimatskih shema su navodno Amazon, Airbnb, Bayer, McKinsey, Nestl\u00e9 i Unilever \u2013 sve redom kompanije najodgovornije za uni\u0161tavanje Amazone. I iako je svaka za\u0161tita \u0161uma dobrodo\u0161la, ovdje treba postaviti pitanje da li ove firme ovim potezima zapravo kupuju amnestiju od krivi\u010dnog gonjenja za klimatske promjene, jer premda ideja krivi\u010dnog gonjenja jo\u0161 uvijek zvu\u010di radikalno, s pogor\u0161anjem situacije, do\u0107i \u0107e trenutak kada \u0107e kazneni progon postati nu\u017enost, a ne avangardna ili ridikulozna ideja. Usprkos namjerama kompanija, pozitivan je pomak da se sanacija klimatskih promjena po\u010dinje financirati privatnim kapitalom ali pod uvjetima lokalnih zajednica. Dakle, iako je situacija o\u0161tra i ozbiljna, \u010dinjenica je da se godinama planirane promjene napokon uvode. Pitanje je samo radili se to dovoljno brzo, jesmo li po\u010deli prekasno, i radimo li dovoljno?<\/p>\n","protected":false},"excerpt":{"rendered":"<p>\u010cini se da smo pre\u0161li jo\u0161 jedan psiholo\u0161ki prag u pogledu optimizma spram sanacije klimatskih promjena. Postoji ve\u0107i broj takvih pragova koje smo posljednjih deset godina ignorirali, a potom ih prelazili jednog po jednog. Prvi je bio va\u017enost Kyoto sporazuma (prestao va\u017eiti 2012.), drugi je bilo rast globalnog zatopljenja iznad prosje\u010dnih dva stupnja Celzijusa godi\u0161nje. [&hellip;]<\/p>\n","protected":false},"author":4,"featured_media":37943,"comment_status":"closed","ping_status":"closed","sticky":false,"template":"","format":"standard","meta":{"footnotes":""},"categories":[454],"tags":[1385,1388,954,1340,1386,1349,541,1387,371,727,1378,357],"theme":[457],"country":[459],"articleformat":[205],"coauthors":[47],"class_list":["post-37940","post","type-post","status-publish","format-standard","has-post-thumbnail","hentry","category-naslovnica","tag-amazona","tag-casopis-nature","tag-co2","tag-deforestacija","tag-devastacija","tag-emisije","tag-emisije-staklenickih-plinova","tag-karbon-sink","tag-klima","tag-klimatska-kriza","tag-klimatska-politika","tag-klimatske-promjene","theme-klima","country-svijet","articleformat-vijest"],"_links":{"self":[{"href":"https:\/\/www.bilten.org\/index.php?rest_route=\/wp\/v2\/posts\/37940","targetHints":{"allow":["GET"]}}],"collection":[{"href":"https:\/\/www.bilten.org\/index.php?rest_route=\/wp\/v2\/posts"}],"about":[{"href":"https:\/\/www.bilten.org\/index.php?rest_route=\/wp\/v2\/types\/post"}],"author":[{"embeddable":true,"href":"https:\/\/www.bilten.org\/index.php?rest_route=\/wp\/v2\/users\/4"}],"replies":[{"embeddable":true,"href":"https:\/\/www.bilten.org\/index.php?rest_route=%2Fwp%2Fv2%2Fcomments&post=37940"}],"version-history":[{"count":3,"href":"https:\/\/www.bilten.org\/index.php?rest_route=\/wp\/v2\/posts\/37940\/revisions"}],"predecessor-version":[{"id":37944,"href":"https:\/\/www.bilten.org\/index.php?rest_route=\/wp\/v2\/posts\/37940\/revisions\/37944"}],"wp:featuredmedia":[{"embeddable":true,"href":"https:\/\/www.bilten.org\/index.php?rest_route=\/wp\/v2\/media\/37943"}],"wp:attachment":[{"href":"https:\/\/www.bilten.org\/index.php?rest_route=%2Fwp%2Fv2%2Fmedia&parent=37940"}],"wp:term":[{"taxonomy":"category","embeddable":true,"href":"https:\/\/www.bilten.org\/index.php?rest_route=%2Fwp%2Fv2%2Fcategories&post=37940"},{"taxonomy":"post_tag","embeddable":true,"href":"https:\/\/www.bilten.org\/index.php?rest_route=%2Fwp%2Fv2%2Ftags&post=37940"},{"taxonomy":"theme","embeddable":true,"href":"https:\/\/www.bilten.org\/index.php?rest_route=%2Fwp%2Fv2%2Ftheme&post=37940"},{"taxonomy":"country","embeddable":true,"href":"https:\/\/www.bilten.org\/index.php?rest_route=%2Fwp%2Fv2%2Fcountry&post=37940"},{"taxonomy":"articleformat","embeddable":true,"href":"https:\/\/www.bilten.org\/index.php?rest_route=%2Fwp%2Fv2%2Farticleformat&post=37940"},{"taxonomy":"author","embeddable":true,"href":"https:\/\/www.bilten.org\/index.php?rest_route=%2Fwp%2Fv2%2Fcoauthors&post=37940"}],"curies":[{"name":"wp","href":"https:\/\/api.w.org\/{rel}","templated":true}]}}