{"id":37912,"date":"2021-04-30T11:34:41","date_gmt":"2021-04-30T10:34:41","guid":{"rendered":"https:\/\/www.bilten.org\/?p=37912"},"modified":"2021-04-30T11:36:05","modified_gmt":"2021-04-30T10:36:05","slug":"eu-prisilila-jansu-na-isplatu-sredstava-slovenskoj-novinskoj-agenciji","status":"publish","type":"post","link":"https:\/\/www.bilten.org\/?p=37912","title":{"rendered":"EU prisilila Jan\u0161u na isplatu sredstava Slovenskoj novinskoj agenciji"},"content":{"rendered":"\n<p>Pritisak politike na medije, la\u017ene vijesti, dezinformacije, teorije urote, postale su toliko te\u0161kim bremenom za Europsku uniju da se u ovoj fazi borbe za javnu funkciju medija, vi\u0161e ni Komisija ne mo\u017ee praviti da su mediji ne\u0161to u \u0161to dr\u017eava nikad i ni pod kojim uvjetima ne bi trebala intervenirati. Ideologija prepu\u0161tanja medija <a href=\"https:\/\/www.bilten.org\/?p=35954\" target=\"_blank\" rel=\"noreferrer noopener\">tr\u017ei\u0161tu<\/a>, deregulaciji i neregulaciji \u010dini se da je do\u0161la svome prirodnom kraju.<\/p>\n\n\n\n<p><a rel=\"noreferrer noopener\" href=\"https:\/\/www.bilten.org\/?p=37067\" target=\"_blank\">Poku\u0161aj<\/a> jo\u0161 jednog europskog politi\u010dkog vo\u0111e da iskontrolira medijski prostor, nai\u0161ao je na <a rel=\"noreferrer noopener\" href=\"https:\/\/ec.europa.eu\/commission\/presscorner\/detail\/en\/mex_21_2043\" target=\"_blank\">otpor Europske komisije<\/a>. Radi se o odnosu slovenskog premijera Janeza Jan\u0161e prema novinarima i novinarstvu. Suprotno od svoje tradicionalne pozicije da se ne mije\u0161a u medije, Komisija je ovaj put bila primorana reagirati brzo i povu\u0107i poteze koji bi slovenskog premijera Janeza Jan\u0161u prisilili da nastavi financirati dr\u017eavnu novinsku agenciju. Znak je to da je ovaj dru\u0161tveni sukob eskalirao. Prema kriti\u010darima, Jan\u0161a je upravo ovu politiku EU poku\u0161ao iskoristiti za u\u0161utkavanje kritike, pa je Europska komisija bila primorana potvrditi da pravila Unije o dr\u017eavnim potporama nisu razlog da slovenska vlada ne podmiruje svoje obveze prema dr\u017eavnoj javnoj novinskoj agenciji STA i nalo\u017ei isplatu sredstava Agenciji. Stoga je Komisija u \u010detvrtak (29. aprila 2021.) objavila priop\u0107enje kojim potvr\u0111uje da je u skladu s EU pravilima o dr\u017eavnim potporama odobrila nastavak dr\u017eavnog financiranja za Agenciju. \u010cetveromjese\u010dni dugovi Slovenije prema STA iznose 2.5 milijuna eura. Jan\u0161a je Agenciji uskratio financiranje zbog navodno netransparentnih uvida u financije, no \u010dini se da nikoga nije uvjerio u taj argument, pa je i Komisija prihvatila onaj suprotne strane prema kojem Jan\u0161a onemogu\u0107ava STA ispunjavanje njihove medijske javne funkcije, koju trenutno upra\u017enjavaju kritikom premijera.<\/p>\n\n\n\n<p>Ranije ove godine, Ured za komunikacije slovenske vlade UKOM suo\u010dio se s jakim kritikama nakon \u0161to je objavio da \u0107e obustaviti pla\u0107anje usluga koje pru\u017ea STA. UKOM je tako\u0111er odbio pla\u0107ati mjese\u010dne rate za STA usluge za <a rel=\"noreferrer noopener\" href=\"https:\/\/balkaninsight.com\/2021\/04\/29\/brussels-pressures-slovenia-to-resume-payments-to-press-agency\/\" target=\"_blank\">listopad i studeni<\/a>.  Slovenska vlada je jo\u0161 u januaru ove godine poslala upit Komisiji o tome da li dr\u017eavno subvencioniranje STA predstavlja nezakonite dr\u017eavne potpore. Komisija je zaklju\u010dila da je pla\u0107anje u skladu s pravilima EU o dr\u017eavnim potporama, jer \u201enjeguje uslugu od op\u0107eg javnog interesa i promi\u010de medijski pluralizam, bez nepotrebnog naru\u0161avanja konkurencije\u201d. Brojne lokalne i me\u0111unarodne organizacije za za\u0161titu slobode medija optu\u017eile su Jan\u0161u da koristi pandemiju za ograni\u010davanje medijskih sloboda i \u010desto osobne napade na novinare, prenose mediji. Valja naglasiti da se ovdje ne radi o europskoj potpori slovenskoj agenciji kao \u0161to ste mogli ste\u0107i dojam iz nekih <a rel=\"noreferrer noopener\" href=\"https:\/\/www.jutarnji.hr\/vijesti\/svijet\/europska-komisija-odobrila-2-5-milijuna-eura-za-slovensku-tiskovnu-agenciju-koja-je-u-konfliktu-s-jansom-15069231\" target=\"_blank\">doma\u0107ih medija<\/a>, ve\u0107 o odgovoru EU na upit slovenske vlade o tome treba li financirati novinsku agenciju. Ovom potvrdom, nestale su sve prepreke da slovenska vlada isplati sredstva koja je ve\u0107 mjesecima du\u017ena. Ovih 2.5 milijuna eura predstavlja polugodi\u0161nji bud\u017eet Agencije.<\/p>\n","protected":false},"excerpt":{"rendered":"<p>Pritisak politike na medije, la\u017ene vijesti, dezinformacije, teorije urote, postale su toliko te\u0161kim bremenom za Europsku uniju da se u ovoj fazi borbe za javnu funkciju medija, vi\u0161e ni Komisija ne mo\u017ee praviti da su mediji ne\u0161to u \u0161to dr\u017eava nikad i ni pod kojim uvjetima ne bi trebala intervenirati. Ideologija prepu\u0161tanja medija tr\u017ei\u0161tu, deregulaciji [&hellip;]<\/p>\n","protected":false},"author":4,"featured_media":37917,"comment_status":"closed","ping_status":"closed","sticky":false,"template":"","format":"standard","meta":{"footnotes":""},"categories":[454],"tags":[1382,28,1383],"theme":[458],"country":[30],"articleformat":[205],"coauthors":[47],"class_list":["post-37912","post","type-post","status-publish","format-standard","has-post-thumbnail","hentry","category-naslovnica","tag-janez-jansa","tag-mediji","tag-sta","theme-drustvo","country-slovenija","articleformat-vijest"],"_links":{"self":[{"href":"https:\/\/www.bilten.org\/index.php?rest_route=\/wp\/v2\/posts\/37912","targetHints":{"allow":["GET"]}}],"collection":[{"href":"https:\/\/www.bilten.org\/index.php?rest_route=\/wp\/v2\/posts"}],"about":[{"href":"https:\/\/www.bilten.org\/index.php?rest_route=\/wp\/v2\/types\/post"}],"author":[{"embeddable":true,"href":"https:\/\/www.bilten.org\/index.php?rest_route=\/wp\/v2\/users\/4"}],"replies":[{"embeddable":true,"href":"https:\/\/www.bilten.org\/index.php?rest_route=%2Fwp%2Fv2%2Fcomments&post=37912"}],"version-history":[{"count":6,"href":"https:\/\/www.bilten.org\/index.php?rest_route=\/wp\/v2\/posts\/37912\/revisions"}],"predecessor-version":[{"id":37919,"href":"https:\/\/www.bilten.org\/index.php?rest_route=\/wp\/v2\/posts\/37912\/revisions\/37919"}],"wp:featuredmedia":[{"embeddable":true,"href":"https:\/\/www.bilten.org\/index.php?rest_route=\/wp\/v2\/media\/37917"}],"wp:attachment":[{"href":"https:\/\/www.bilten.org\/index.php?rest_route=%2Fwp%2Fv2%2Fmedia&parent=37912"}],"wp:term":[{"taxonomy":"category","embeddable":true,"href":"https:\/\/www.bilten.org\/index.php?rest_route=%2Fwp%2Fv2%2Fcategories&post=37912"},{"taxonomy":"post_tag","embeddable":true,"href":"https:\/\/www.bilten.org\/index.php?rest_route=%2Fwp%2Fv2%2Ftags&post=37912"},{"taxonomy":"theme","embeddable":true,"href":"https:\/\/www.bilten.org\/index.php?rest_route=%2Fwp%2Fv2%2Ftheme&post=37912"},{"taxonomy":"country","embeddable":true,"href":"https:\/\/www.bilten.org\/index.php?rest_route=%2Fwp%2Fv2%2Fcountry&post=37912"},{"taxonomy":"articleformat","embeddable":true,"href":"https:\/\/www.bilten.org\/index.php?rest_route=%2Fwp%2Fv2%2Farticleformat&post=37912"},{"taxonomy":"author","embeddable":true,"href":"https:\/\/www.bilten.org\/index.php?rest_route=%2Fwp%2Fv2%2Fcoauthors&post=37912"}],"curies":[{"name":"wp","href":"https:\/\/api.w.org\/{rel}","templated":true}]}}