{"id":37640,"date":"2021-04-12T10:44:00","date_gmt":"2021-04-12T09:44:00","guid":{"rendered":"https:\/\/www.bilten.org\/?p=37640"},"modified":"2021-04-12T11:05:46","modified_gmt":"2021-04-12T10:05:46","slug":"klasna-teorija-ane-brnabic","status":"publish","type":"post","link":"https:\/\/www.bilten.org\/?p=37640","title":{"rendered":"Klasna teorija Ane Brnabi\u0107"},"content":{"rendered":"\n<p>Ve\u0107 su nekoliko godina ekolo\u0161ka pitanja razne vrste u sredi\u0161tu politi\u010dkog \u017eivota Srbije, pogotovo ako iz tog \u017eivota izuzmemo parlamentarnu politiku. \u010citav niz problema &#8211; od zaga\u0111enosti zraka preko ugro\u017eenosti rijeka izgradnjom mini hidroelektrana do pojedinih kompanija kojima se tolerira uni\u0161tavanje \u017eivotne sredine, da nabrojimo samo neke &#8211; aktivirao je ljude iz razli\u010ditih dijelova zemlje da se bore za svoje zdravlje i odr\u017eivost prirodnog okru\u017eenja u kojem \u017eive. Pritom se uglavnom radilo o neposrednim reakcijama i organiziranju izravno ugro\u017eenih ljudi, a ne o &#8220;profesionalnom&#8221; aktivisti\u010dko-politi\u010dkom ukazivanju na problem.<\/p>\n\n\n\n<p>S obzirom na ra\u0161irenost problema koji po\u010divaju na sli\u010dnim politi\u010dko-ekonomskim uzrocima nije nimalo \u010dudno da su akteri koji se njima bave prepoznali zajedni\u010dki interes. A korak u sklopu artikulacije tog interese bio je protest koji se u subotu 10.4. odr\u017eao u Beogradu. Protest je ambiciozno naslovljen &#8220;Ekolo\u0161ki ustanak&#8221;, glavni organizator je bio pokret Odbranimo reke Stare planine, a svoju podr\u0161ku protestu je izrazilo preko \u0161ezdeset organizacija i inicijativa iz cijele Srbije. Prema konzervativnim procjenama na protestu je sudjelovalo nekoliko tisu\u0107a ljudi, a oni optimisti\u010dniji tvrde da je ta brojka dosegla 10.000 ljudi. Prema <a href=\"https:\/\/www.masina.rs\/ekoloski-ustanak-crveni-karton-za-unistavanje-zivotne-sredine\/\" target=\"_blank\" rel=\"noreferrer noopener\">izvje\u0161taju<\/a> portala Ma\u0161ina, okupljenima se obratio niz govornica i govornika koji su ukazivali na konkretne probleme.<\/p>\n\n\n\n<p>Bilo je tu i ne\u0161to misti\u010dnijih stavova o nu\u017enosti obrane \u017eivotne sredine, kao i onih ne\u0161to politi\u010dki razra\u0111enijih, ali sve ih povezuje prepoznata nu\u017enost i urgentnost ekolo\u0161kog anga\u017emana. Pred sam protest ekolo\u0161ke organizacije su javnosti obznanile svoje zajedni\u010dke zahtjeve koji uklju\u010duju i po\u0161tivanje postoje\u0107ih zakona, kao i ve\u0107u participaciju gra\u0111ana u dono\u0161enju odluka koje ih se ti\u010du te konkretne poteze kao zabranu sje\u010de drve\u0107a u za\u0161ti\u0107enim podru\u010djima i obustavu izgradnje mini hidroelektrana. Tako\u0111er, na protestu je istaknuto da ekolo\u0161ka politika mora biti koordinirana i zasnovana na strate\u0161kim dokumentima. Stoga se predla\u017ee izrada i usvajanje Nacionalnog energetskog klimatskog plana. Na sam protest i zahtjeve je prvo reagirala ministrica za\u0161tite \u017eivotne sredine Irena Vujovi\u0107 koja je birokratskim \u017eargonom samo priop\u0107ila da ministarstvo odgovorno i transparentno radi na otklanjanju ekolo\u0161kih problema.<\/p>\n\n\n\n<p>No, puno kreativnija je bila njena &#8220;\u0161efica&#8221;, premijerka Ana Brnabi\u0107. Ona je samu pojavu ekolo\u0161kog protesta <a rel=\"noreferrer noopener\" href=\"https:\/\/nova.rs\/vesti\/drustvo\/brnabic-gradani-se-bave-ekologijom-jer-dobro-zive\/\" target=\"_blank\">protuma\u010dila<\/a> prili\u010dno zanimljivo. Premijerka smatra da je protest dokaz dobre politike Aleksandra Vu\u010di\u0107a i rasta \u017eivotnog standarda u Srbiji. Jer, kako tvrdi Brnabi\u0107, ekologijom se bave samo gra\u0111ani u zemljama Prvog svijeta: &#8220;Kada ljudi imaju sigurne poslove, zaradu, penziju&#8230; onda se bave ekologijom.&#8221; Drugim rije\u010dima, bavljenje ekologijom je klasna privilegija, svojevrsni hobi, pro\u0161ireno vrtlarstvo. Naravno, klasna teorija Ane Brnabi\u0107 daleko je od odr\u017eive. Za po\u010detak, naj\u017ee\u0161\u0107e ekolo\u0161ke borbe se upravo vode u zemljama Tre\u0107eg svijeta. Te se borbe tamo ne odvijaju za pregovara\u010dkim stolom ve\u0107 se doslovno riskiraju \u017eivoti. Druga stvar, zar je stvarno ljudima sa Stare planine za\u0161tita rijeka pitanje \u017eivotnog stila, a ne \u017eivota kao takvog? Da o rastu \u017eivotnog standardu u Srbiji i ne govorimo.<\/p>\n\n\n\n<p>Premda su teze lako oborive, vrijedi zabilje\u017eiti da stav Ane Brnabi\u0107 nije izoliran ve\u0107 predstavlja jednu od brojnih varijanti diskreditacijskog mehanizma izrazito popularnog na desnici. A njegova logika je jednostavna: svaki politi\u010dki anga\u017eman na ljevici proglasiti klasnom privilegijom. Jer takvim se pitanjima vremena ima baviti samo netko tko ne radi &#8220;pravi posao&#8221; ili je jako dobro pla\u0107en. \u010cesto i stranim novcem. Upravo takve diskreditacije sugeriraju da je ekolo\u0161ka politika neodvojiva od \u0161irih lijevih ideja zasnovanih na solidarnosti i jednakosti.<\/p>\n","protected":false},"excerpt":{"rendered":"<p>Ve\u0107 su nekoliko godina ekolo\u0161ka pitanja razne vrste u sredi\u0161tu politi\u010dkog \u017eivota Srbije, pogotovo ako iz tog \u017eivota izuzmemo parlamentarnu politiku. \u010citav niz problema &#8211; od zaga\u0111enosti zraka preko ugro\u017eenosti rijeka izgradnjom mini hidroelektrana do pojedinih kompanija kojima se tolerira uni\u0161tavanje \u017eivotne sredine, da nabrojimo samo neke &#8211; aktivirao je ljude iz razli\u010ditih dijelova zemlje [&hellip;]<\/p>\n","protected":false},"author":5,"featured_media":37642,"comment_status":"closed","ping_status":"closed","sticky":false,"template":"","format":"standard","meta":{"footnotes":""},"categories":[454],"tags":[182,33],"theme":[457],"country":[11],"articleformat":[205],"coauthors":[90],"class_list":["post-37640","post","type-post","status-publish","format-standard","has-post-thumbnail","hentry","category-naslovnica","tag-okolis","tag-protest","theme-klima","country-srbija","articleformat-vijest"],"_links":{"self":[{"href":"https:\/\/www.bilten.org\/index.php?rest_route=\/wp\/v2\/posts\/37640","targetHints":{"allow":["GET"]}}],"collection":[{"href":"https:\/\/www.bilten.org\/index.php?rest_route=\/wp\/v2\/posts"}],"about":[{"href":"https:\/\/www.bilten.org\/index.php?rest_route=\/wp\/v2\/types\/post"}],"author":[{"embeddable":true,"href":"https:\/\/www.bilten.org\/index.php?rest_route=\/wp\/v2\/users\/5"}],"replies":[{"embeddable":true,"href":"https:\/\/www.bilten.org\/index.php?rest_route=%2Fwp%2Fv2%2Fcomments&post=37640"}],"version-history":[{"count":2,"href":"https:\/\/www.bilten.org\/index.php?rest_route=\/wp\/v2\/posts\/37640\/revisions"}],"predecessor-version":[{"id":37643,"href":"https:\/\/www.bilten.org\/index.php?rest_route=\/wp\/v2\/posts\/37640\/revisions\/37643"}],"wp:featuredmedia":[{"embeddable":true,"href":"https:\/\/www.bilten.org\/index.php?rest_route=\/wp\/v2\/media\/37642"}],"wp:attachment":[{"href":"https:\/\/www.bilten.org\/index.php?rest_route=%2Fwp%2Fv2%2Fmedia&parent=37640"}],"wp:term":[{"taxonomy":"category","embeddable":true,"href":"https:\/\/www.bilten.org\/index.php?rest_route=%2Fwp%2Fv2%2Fcategories&post=37640"},{"taxonomy":"post_tag","embeddable":true,"href":"https:\/\/www.bilten.org\/index.php?rest_route=%2Fwp%2Fv2%2Ftags&post=37640"},{"taxonomy":"theme","embeddable":true,"href":"https:\/\/www.bilten.org\/index.php?rest_route=%2Fwp%2Fv2%2Ftheme&post=37640"},{"taxonomy":"country","embeddable":true,"href":"https:\/\/www.bilten.org\/index.php?rest_route=%2Fwp%2Fv2%2Fcountry&post=37640"},{"taxonomy":"articleformat","embeddable":true,"href":"https:\/\/www.bilten.org\/index.php?rest_route=%2Fwp%2Fv2%2Farticleformat&post=37640"},{"taxonomy":"author","embeddable":true,"href":"https:\/\/www.bilten.org\/index.php?rest_route=%2Fwp%2Fv2%2Fcoauthors&post=37640"}],"curies":[{"name":"wp","href":"https:\/\/api.w.org\/{rel}","templated":true}]}}