{"id":36970,"date":"2021-03-02T07:00:00","date_gmt":"2021-03-02T06:00:00","guid":{"rendered":"https:\/\/www.bilten.org\/?p=36970"},"modified":"2021-03-02T00:16:59","modified_gmt":"2021-03-01T23:16:59","slug":"kaznjen-govor-mrznje-na-drustvenim-mrezama-prema-lgbtiq-zajednici","status":"publish","type":"post","link":"https:\/\/www.bilten.org\/?p=36970","title":{"rendered":"Ka\u017enjen govor mr\u017enje na dru\u0161tvenim mre\u017eama prema LGBTIQ zajednici"},"content":{"rendered":"\n<p><strong>Zagreb Pride pro\u0161le je godine prijavio mladi\u0107a koji je na Facebook profilu udruge pozivao na nasilje nad LGBTQI osobama. Taj je mladi\u0107 nedavno ka\u017enjen za govor mr\u017enje na dru\u0161tvenim mre\u017eama prema LGBTQI zajednici sa \u0161est mjeseci zatvora, uvjetno na godinu dana. Zagreb Pride upozorava da porastu nasilja uvijek prethodi porast netrpeljivosti i mr\u017enje u javnom prostoru i poziva sve LGBTIQ osobe da prijavljuju slu\u010dajeve nasilja, diskriminacije i govora mr\u017enje. U nastavku prenosimo Priop\u0107enje za medije udruge Zagreb Pride:<\/strong> <\/p>\n\n\n\n<p>Govor mr\u017enje usmjeren protiv LGBTIQ zajednice i Zagreb Pridea ka\u017enjen je ovih dana u Zagrebu, uz va\u017eno obrazlo\u017eenje suda pa kojemu je &#8220;poticanje mr\u017enje&#8221; na temelju spolne orijentacije moglo imati &#8220;i znatno dalekose\u017enije posljedice u vidu stvaranja ili poja\u010davanja netrpeljivosti kod drugih osoba prema pripadnicima LGBTIQ zajednice, te poticanja osim na mr\u017enju i na nasilje (kako psihi\u010dko, tako i fizi\u010dko)&#8221;.<\/p>\n\n\n\n<p>Zagreb Pride pro\u0161le je godine prijavio mladi\u0107a koji je na na\u0161em Facebook profilu, referiraju\u0107i se na napad suzavcem na queer zabavu u klubu Super Super 2017. godine, napisao kako mu je \u017eao \u0161to tada posljedice nisu bile ve\u0107e, i &#8220;\u0161to niste fasovali svi od reda&#8221;. On je sada ka\u017enjen sa \u0161est mjeseci zatvora, uvjetno na godinu dana, jer je, prema presudi, &#8220;putem ra\u010dunalnog sustava i mre\u017ee javno poticao na nasilje i mr\u017enju prema skupini ljudi zbog njihovog spolnog opredjeljenja, \u010dime je po\u010dinio kazneno djelo protiv javnog reda javnim poticanjem na nasilje i mr\u017enju&#8221; (KZ, \u010dl. 325., st.1.). Sud je ocijenio da takve izjave &#8220;predstavljaju razinu komunikacije ispod svakog dostojanstva i zdravog razuma&#8221;.&nbsp;&nbsp;<\/p>\n\n\n\n<p>Da su govor mr\u017enje i zlo\u010dini iz mr\u017enje protiv lezbijki, gejeva, biseksualnih, transrodnih, interspolnih i queer osoba zadnjih godina u velikom porastu op\u0107e je poznato i lako provjerljivo tek povr\u0161nim pra\u0107enjem dru\u0161tvenih mre\u017ea i komentara \u010dlanaka na portalima. U nedavno objavljenom<a rel=\"noreferrer noopener\" href=\"https:\/\/www.ilga-europe.org\/annualreview\/2021\" target=\"_blank\"> izvje\u0161\u0107u<\/a> za 2020. godinu o stanju ljudskih LGBTIQ prava ILGA-e za Europu naglasak je upravo na velikom \u0161irenju homofobnog i transfobnog govora mr\u017enje na dru\u0161tvenim mre\u017eama, posebice u zemljama srednje i isto\u010dne Europe, uklju\u010duju\u0107i i Hrvatsku. Istovremeno se upozorava da za to nisu odgovorni samo pojedinci, ve\u0107 i vlasti i osobe na poziciji mo\u0107i koje se &#8220;koriste LGBTI zajednicom kao \u017ertvenim jarcem&#8221;.<\/p>\n\n\n\n<p>Da se situacija u Hrvatskoj pogor\u0161ava svjedo\u010di i nedavna organizirana serija homofobnih<a href=\"https:\/\/www.zagreb-pride.net\/hr\/zagrebackim-parkovima-vec-mjesecima-hara-homofobna-banda-koja-mlati-i-pali-gejeve\/\" target=\"_blank\" rel=\"noreferrer noopener\"> napada<\/a> na gejeve u zagreba\u010dkim parkovima, posebice brutalno spaljivanje gej mu\u0161karca krajem prosinca u Parku Maksimir. Porastu nasilja uvijek prethodi porast netrpeljivosti i mr\u017enje u javnom prostoru.<\/p>\n\n\n\n<p>I premda mo\u017eemo biti zadovoljne i zadovoljni ovom presudom, svjesni i svjesne smo da je to tek kap u moru mr\u017enje koja se prema nama \u0161iri na dru\u0161tvenim mre\u017eama i u javnosti.<\/p>\n\n\n\n<p>Pozivamo i ohrabrujemo sve LGBTIQ osobe da prijavljuju slu\u010dajeve nasilja, diskriminacije i govora mr\u017enje. Zagreb Pride ima stalnu<a href=\"https:\/\/rozimegafon.org\/\" target=\"_blank\" rel=\"noreferrer noopener\"> slu\u017ebu<\/a> pravne pomo\u0107i i savjetovanja, kao i psihosocijalne podr\u0161ke.<\/p>\n\n\n\n<p>Protiv brutalne stvarnosti trebamo se boriti zajedno. Upravo smo zato i zapo\u010dele i zapo\u010deli s provedbom velikog dvogodi\u0161njeg<a rel=\"noreferrer noopener\" href=\"https:\/\/www.zagreb-pride.net\/hr\/zagreb-pride-protiv-brutalne-stvarnosti\/\" target=\"_blank\"> projekta<\/a> kojemu je glavni cilj suzbijanje i borba protiv nasilja i diskriminacije nad LGBTIQ osobama u Hrvatskoj. Projekt je podr\u017ean sredstvima Fonda za aktivno gra\u0111anstvo u Hrvatskoj u okviru EGP-a i Norve\u0161kih financijskih mehanizama 2014. \u2013 2021.<\/p>\n","protected":false},"excerpt":{"rendered":"<p>Zagreb Pride pro\u0161le je godine prijavio mladi\u0107a koji je na Facebook profilu udruge pozivao na nasilje nad LGBTQI osobama. Taj je mladi\u0107 nedavno ka\u017enjen za govor mr\u017enje na dru\u0161tvenim mre\u017eama prema LGBTQI zajednici sa \u0161est mjeseci zatvora, uvjetno na godinu dana. Zagreb Pride upozorava da porastu nasilja uvijek prethodi porast netrpeljivosti i mr\u017enje u javnom [&hellip;]<\/p>\n","protected":false},"author":9,"featured_media":34321,"comment_status":"closed","ping_status":"closed","sticky":false,"template":"","format":"standard","meta":{"footnotes":""},"categories":[454],"tags":[1266,108,1099],"theme":[458],"country":[38],"articleformat":[205],"coauthors":[16,1267],"class_list":["post-36970","post","type-post","status-publish","format-standard","has-post-thumbnail","hentry","category-naslovnica","tag-govor-mrznje","tag-lgbt","tag-lgbtqi","theme-drustvo","country-hrvatska","articleformat-vijest"],"_links":{"self":[{"href":"https:\/\/www.bilten.org\/index.php?rest_route=\/wp\/v2\/posts\/36970","targetHints":{"allow":["GET"]}}],"collection":[{"href":"https:\/\/www.bilten.org\/index.php?rest_route=\/wp\/v2\/posts"}],"about":[{"href":"https:\/\/www.bilten.org\/index.php?rest_route=\/wp\/v2\/types\/post"}],"author":[{"embeddable":true,"href":"https:\/\/www.bilten.org\/index.php?rest_route=\/wp\/v2\/users\/9"}],"replies":[{"embeddable":true,"href":"https:\/\/www.bilten.org\/index.php?rest_route=%2Fwp%2Fv2%2Fcomments&post=36970"}],"version-history":[{"count":5,"href":"https:\/\/www.bilten.org\/index.php?rest_route=\/wp\/v2\/posts\/36970\/revisions"}],"predecessor-version":[{"id":36980,"href":"https:\/\/www.bilten.org\/index.php?rest_route=\/wp\/v2\/posts\/36970\/revisions\/36980"}],"wp:featuredmedia":[{"embeddable":true,"href":"https:\/\/www.bilten.org\/index.php?rest_route=\/wp\/v2\/media\/34321"}],"wp:attachment":[{"href":"https:\/\/www.bilten.org\/index.php?rest_route=%2Fwp%2Fv2%2Fmedia&parent=36970"}],"wp:term":[{"taxonomy":"category","embeddable":true,"href":"https:\/\/www.bilten.org\/index.php?rest_route=%2Fwp%2Fv2%2Fcategories&post=36970"},{"taxonomy":"post_tag","embeddable":true,"href":"https:\/\/www.bilten.org\/index.php?rest_route=%2Fwp%2Fv2%2Ftags&post=36970"},{"taxonomy":"theme","embeddable":true,"href":"https:\/\/www.bilten.org\/index.php?rest_route=%2Fwp%2Fv2%2Ftheme&post=36970"},{"taxonomy":"country","embeddable":true,"href":"https:\/\/www.bilten.org\/index.php?rest_route=%2Fwp%2Fv2%2Fcountry&post=36970"},{"taxonomy":"articleformat","embeddable":true,"href":"https:\/\/www.bilten.org\/index.php?rest_route=%2Fwp%2Fv2%2Farticleformat&post=36970"},{"taxonomy":"author","embeddable":true,"href":"https:\/\/www.bilten.org\/index.php?rest_route=%2Fwp%2Fv2%2Fcoauthors&post=36970"}],"curies":[{"name":"wp","href":"https:\/\/api.w.org\/{rel}","templated":true}]}}