{"id":36338,"date":"2021-02-16T09:48:08","date_gmt":"2021-02-16T08:48:08","guid":{"rendered":"https:\/\/www.bilten.org\/?p=36338"},"modified":"2021-04-06T11:55:37","modified_gmt":"2021-04-06T10:55:37","slug":"pogranicno-sabiranje-izbjeglica","status":"publish","type":"post","link":"https:\/\/www.bilten.org\/?p=36338","title":{"rendered":"Pograni\u010dno sabiranje izbjeglica"},"content":{"rendered":"\n<p>Tema ljudi u pokretu zaglavljenih na razli\u010ditim unutarnjim i vanjskim granicama Europske unije sve rje\u0111e zavr\u0161ava u mejnstrim medijima, a i kada zavr\u0161i, u pravilu se radi o diskursu kojeg promovira vlast. Stoga donosimo redovno tjedno priop\u0107enje Inicijative Dobrodo\u0161li! koje se sastoji od izvje\u0161taja prikupljenih od volontera sa terena brojnih zemalja. U ovih \u0161est godina, od po\u010detka izbjegli\u010dke krize i nastanka Balkanske rute, izvje\u0161taji volontera pokazali su se to\u010dnijima od izvje\u0161taja slu\u017ebenih organizacija.<\/p>\n\n\n\n<p>Pro\u0161li petak srpsko je Ministarstvo unutarnjih poslova organiziralo akciju prisilnog sakupljanja izbjeglica u Savamali, u Beogradu. Stotinjak osoba koji su prona\u0111eni kako spavaju vani, u hostelima ili drugim smje\u0161tajima preba\u010deni su u prihvatni centar u Pre\u0161evu. Ovo je jedna u nizu akcija u Srbiji koja cilja na skupljanje ljudi koji \u017eive izvan prihvatnih centara: ljudi su prebacivani i iz Subotice, Horgo\u0161a, Majdana, Sombora\u2026Akcija je <a rel=\"noreferrer noopener\" href=\"https:\/\/www.blic.rs\/vesti\/hronika\/akcija-u-centru-beograda-policija-privela-46-ilegalnih-migranata-i-odvela-ih-u\/70jypg9\" target=\"_blank\">ponovljena<\/a> i u srijedu, gdje je nekoliko desetaka osoba odvedeno u zgradu Komesarijata za izbjeglice i migracije, odakle ih se kasnije poslalo u prihvatne centre.<\/p>\n\n\n\n<p>Iz Bosne dolazi uznemiruju\u0107a snimka grupe bosanskohercegova\u010dkih dr\u017eavljana koji su u utorak u Biha\u0107u <a href=\"https:\/\/www.istraga.ba\/uznemirujuci-sadrzaj-bh-drzavljani-snimali-kako-tuku-i-zlostavljaju-migrante-u-bihacu\" target=\"_blank\" rel=\"noreferrer noopener\">pretukli<\/a> i fizi\u010dki zlostavljali skupinu izbjeglica. Provedeno nasilje su snimali i snimke objavili na Facebook, otkud su ubrzo i uklonjene. Na njima se vidi kako vi\u0161e osoba \u0161akama, nogama i palicama tu\u010de dvojicu ljudi koji mole za pomo\u0107. MUP Unsko-sanskog kantona potvrdio je kako su identificirali napada\u010de.<\/p>\n\n\n\n<p>Iz javno dostupnih podataka o policijskom djelovanju na granicama iz susjedne Ma\u0111arske vidljivo je kako desni\u010darska nacionalisti\u010dka vlada Viktora Orbana <a rel=\"noreferrer noopener\" href=\"https:\/\/www.dw.com\/sr\/ma%C4%91arska-ne-po%C5%A1tuje-presude-evropskog-suda\/a-56505822\" target=\"_blank\">ne mari<\/a> previ\u0161e za po\u0161tivanje zakona i me\u0111unarodnih sporazuma. Svaki mjesec tako na web stranici policije objavljuju se detaljni brojevi izbjeglica koje su odgurnuti dalje od ma\u0111arskih granica, kr\u0161e\u0107i tako me\u0111unarodno i europsko pravo, kao i pravomo\u0107nu presudu Europskog suda iz prosinca 2020., kojom su takva prisilna kolektivna vra\u0107anja progla\u0161ena nezakonitima. Pitanje je ho\u0107e li Europska komisija donijeti ikakve zna\u010dajnije sankcije, ili \u0107e nastavljati \u017emiriti na ovo otvoreno kr\u0161enje ljudskih prava izbjeglica, kao \u0161to to \u010dini i za druge europske zemlje diljem Balkanske rute.<\/p>\n\n\n\n<h2 class=\"wp-block-heading\">La\u017ei po Frontexu<\/h2>\n\n\n\n<p>S temom pushbacka nastavljamo okre\u0107u\u0107i se jugoistoku Europe: ljudskoprava\u0161ka organizacija Mare Nostrum objavila je opse\u017ean <a rel=\"noreferrer noopener\" href=\"https:\/\/mare-liberum.org\/en\/news\/greece-de-facto-suspension-of-human-rights-for-refugees-in-the-aegean\/\" target=\"_blank\">izvje\u0161taj<\/a> koji opisuje kako je u proteklih godinu dana vi\u0161e od 9.000 ljudi iz Gr\u010dke nasilno odvra\u0107eno u Tursku, \u0161to na Egejskom moru, \u0161to na kopnu; te tako sprije\u010deno u ostvarivanju njihovog prava na tra\u017eenje azila, sigurnosti i za\u0161tite. Osim gr\u010dke obalne stra\u017ee, kao glavnog aktera tih iza nezakonitih i sustavnih pushbackova, izvje\u0161taj navodi da u njima sudjeluju i Europska grani\u010dna i obalna stra\u017ea Frontex, kao i brodovi pod NATO upravljanjem.<\/p>\n\n\n\n<p>Frontexu ovih tjedana nije lako &#8211; nakon pro\u0161lotjedne <a rel=\"noreferrer noopener\" href=\"https:\/\/www.statewatch.org\/news\/2021\/february\/frontex-management-board-pushes-back-against-secrecy-proposals-in-preliminary-report\/\" target=\"_blank\">Statewatch<\/a>-ove objave izvje\u0161taja radne skupine agencijskog Upravnog odbora koji preispituje daljnje ustrajanje agencije u netransparentnosti i zata\u0161kavanju podataka o Frontexovim akcijama, pro\u0161li petak objavljeno je i istra\u017eivanje ZDF Magazin Royale \u201c<a rel=\"noreferrer noopener\" href=\"https:\/\/frontexfiles.eu\/en.html\" target=\"_blank\">Frontex Files<\/a>\u201d. Ono je otkrilo Frontexovo la\u017eno izvje\u0161tavanje javnosti o tome kako se ne sastaju s lobistima, dok su u stvarnosti s njima odr\u017eavao niz sastanaka, od kojih barem polovica nije unesena u Registar transparentnosti EU. Osim toga, isti dan iza\u0161ao je i <a rel=\"noreferrer noopener\" href=\"https:\/\/corporateeurope.org\/en\/lobbying-fortress-europe\" target=\"_blank\">izvje\u0161taj<\/a> opservatorija Corporate Europe koji donosi detaljni pregled malverzacija Frontexa i lobista oru\u017eane i sigurnosno-nadzorne industrije koje zapravo imaju glavnu ulogu u oblikovanju Frontexovog pristupa za\u0161titi granica, i sve implikacije za za\u0161titu temeljnih ljudskih prava i sloboda koje takve netransparentne aktivnosti sa sobom nose.<\/p>\n\n\n\n<p>Vra\u0107aju\u0107i se na temu pushbackova, vidljivo je kako su oni praksa za kojom ne pose\u017eu samo zemlje na vanjskim granicama Europske unije. Prema svjedo\u010denjima mnogih izbjeglica, takvo ilegalno kr\u0161enje europskog azilnog prava doga\u0111a se i na podru\u010djima poput <a rel=\"noreferrer noopener\" href=\"https:\/\/www.infomigrants.net\/en\/post\/30195\/pushbacks-in-the-french-alps-migrants-report-immediate-deportations-to-italy\" target=\"_blank\">francuskih Alpi<\/a>. Ljudi koji prelaze granicu na tim dijelovima i koje na francuskom teritoriju presretne francuska grani\u010dna policija, bivaju ilegalno vra\u0107eni u Italiju, iako policiji jasno izra\u017eavaju namjeru za tra\u017eenjem azila.<\/p>\n\n\n\n<p>U obli\u017enjoj Austriji upravo je neki dan uspostavljen <a href=\"https:\/\/www.facebook.com\/PushBackAlarmAustria\" target=\"_blank\" rel=\"noreferrer noopener\">Push-Back Alarm Austria<\/a> \u2013 linija za hitne pozive za sve osobe koje se nalaze na austrijskom teritoriju i \u017eele podr\u0161ku u tra\u017eenju azila, s dodatnim ciljem pra\u0107enja postupaka austrijske policije i eventualnu intervenciju protiv mogu\u0107ih ilegalnih pushbackova izbjeglica i onemogu\u0107avanja njihovog pristupa sustavu azila.<\/p>\n\n\n\n<h2 class=\"wp-block-heading\">Kolumbijski primjer<\/h2>\n\n\n\n<p>Specifi\u010dnu temu pusbackova ovotjednog izvje\u0161taja zavr\u0161it \u0107emo informacijom kako se i IOM, me\u0111unarodna organizacija za migracije pod okriljem UN-a, oglasila s <a rel=\"noreferrer noopener\" href=\"https:\/\/www.google.com\/url?q=https:\/\/www.iom.int\/news\/iom-calls-end-pushbacks-and-violence-against-migrants-eu-external-borders&amp;source=gmail&amp;ust=1613549020670000&amp;usg=AFQjCNFuMcPSdAJlx46cr-4G0WrsYoCqQA\" target=\"_blank\">istupom<\/a> koji poziva na kraj pushbackova i nasilja protiv izbjeglica na vanjskim granicama EU. Ponadajmo se da \u0107e IOM ubrzo preispitati i vlastitu ulogu u perpetuaciji strukturnog i drugog nasilja koje je usmjereno prema izbjeglicama i drugim osobama u pokretu.<\/p>\n\n\n\n<p>Zavr\u0161it \u0107emo ovotjedni izvje\u0161taj s dvije zanimljivosti: prva je okrugli stol odr\u017ean online ovu srijedu, koji je u organizaciji migrantskih kolektiva SudanUprisingGermany i NAWARA Berlin okupio niz aktivista u razgovoru o granicama i migracijama te europskom re\u017eimu grani\u010dnog imperijalizma. Snimka okruglog stola i dalje je dostupna i mo\u017ee se pogledati na <a href=\"https:\/\/www.facebook.com\/events\/406022040506987\" target=\"_blank\" rel=\"noreferrer noopener\">Facebooku<\/a>.<\/p>\n\n\n\n<p>Druga je vijest koja dolazi iz Kolumbije &#8211; gdje je vlada objavila odluku kako \u0107e 1.7 milijun raseljenih Venecuelanaca u zemlji ostvariti pravo na status privremene za\u0161tite u trajanju od deset godina. S reguliranim statusom ljudi \u0107e tako mo\u0107i pristupiti tr\u017ei\u0161tu rada, zdravstvenom sustavu, te slobodno putovati. Jasno je da postoje mehanizmi koje zemlje mogu pokrenuti kako bi osobama u izbjegli\u0161tvu olak\u0161ale uklju\u010divanje u dru\u0161tvo &#8211; mo\u017eemo se samo zapitati za\u0161to i Europska unija ne posegne za takvim i sli\u010dnim rje\u0161enjima?<\/p>\n","protected":false},"excerpt":{"rendered":"<p>Tema ljudi u pokretu zaglavljenih na razli\u010ditim unutarnjim i vanjskim granicama Europske unije sve rje\u0111e zavr\u0161ava u mejnstrim medijima, a i kada zavr\u0161i, u pravilu se radi o diskursu kojeg promovira vlast. Stoga donosimo redovno tjedno priop\u0107enje Inicijative Dobrodo\u0161li! koje se sastoji od izvje\u0161taja prikupljenih od volontera sa terena brojnih zemalja. U ovih \u0161est godina, [&hellip;]<\/p>\n","protected":false},"author":4,"featured_media":36344,"comment_status":"closed","ping_status":"closed","sticky":false,"template":"","format":"standard","meta":{"footnotes":""},"categories":[454],"tags":[1238,243,692,1239,851,1211,46],"theme":[456],"country":[616,495,459],"articleformat":[205],"coauthors":[1237,16],"class_list":["post-36338","post","type-post","status-publish","format-standard","has-post-thumbnail","hentry","category-naslovnica","tag-balkanska-ruta","tag-eu","tag-frontex","tag-inicijativa-dobrodosli","tag-izbjeglice","tag-ljudi-u-pokretu","tag-migracije","theme-politika","country-balkan-balkan","country-europska-unija","country-svijet","articleformat-vijest"],"_links":{"self":[{"href":"https:\/\/www.bilten.org\/index.php?rest_route=\/wp\/v2\/posts\/36338","targetHints":{"allow":["GET"]}}],"collection":[{"href":"https:\/\/www.bilten.org\/index.php?rest_route=\/wp\/v2\/posts"}],"about":[{"href":"https:\/\/www.bilten.org\/index.php?rest_route=\/wp\/v2\/types\/post"}],"author":[{"embeddable":true,"href":"https:\/\/www.bilten.org\/index.php?rest_route=\/wp\/v2\/users\/4"}],"replies":[{"embeddable":true,"href":"https:\/\/www.bilten.org\/index.php?rest_route=%2Fwp%2Fv2%2Fcomments&post=36338"}],"version-history":[{"count":8,"href":"https:\/\/www.bilten.org\/index.php?rest_route=\/wp\/v2\/posts\/36338\/revisions"}],"predecessor-version":[{"id":37568,"href":"https:\/\/www.bilten.org\/index.php?rest_route=\/wp\/v2\/posts\/36338\/revisions\/37568"}],"wp:featuredmedia":[{"embeddable":true,"href":"https:\/\/www.bilten.org\/index.php?rest_route=\/wp\/v2\/media\/36344"}],"wp:attachment":[{"href":"https:\/\/www.bilten.org\/index.php?rest_route=%2Fwp%2Fv2%2Fmedia&parent=36338"}],"wp:term":[{"taxonomy":"category","embeddable":true,"href":"https:\/\/www.bilten.org\/index.php?rest_route=%2Fwp%2Fv2%2Fcategories&post=36338"},{"taxonomy":"post_tag","embeddable":true,"href":"https:\/\/www.bilten.org\/index.php?rest_route=%2Fwp%2Fv2%2Ftags&post=36338"},{"taxonomy":"theme","embeddable":true,"href":"https:\/\/www.bilten.org\/index.php?rest_route=%2Fwp%2Fv2%2Ftheme&post=36338"},{"taxonomy":"country","embeddable":true,"href":"https:\/\/www.bilten.org\/index.php?rest_route=%2Fwp%2Fv2%2Fcountry&post=36338"},{"taxonomy":"articleformat","embeddable":true,"href":"https:\/\/www.bilten.org\/index.php?rest_route=%2Fwp%2Fv2%2Farticleformat&post=36338"},{"taxonomy":"author","embeddable":true,"href":"https:\/\/www.bilten.org\/index.php?rest_route=%2Fwp%2Fv2%2Fcoauthors&post=36338"}],"curies":[{"name":"wp","href":"https:\/\/api.w.org\/{rel}","templated":true}]}}