{"id":36328,"date":"2021-02-15T12:32:00","date_gmt":"2021-02-15T11:32:00","guid":{"rendered":"https:\/\/www.bilten.org\/?p=36328"},"modified":"2022-11-01T18:31:10","modified_gmt":"2022-11-01T17:31:10","slug":"alergije-na-pogon-klimatskih-promjena","status":"publish","type":"post","link":"https:\/\/www.bilten.org\/?p=36328","title":{"rendered":"Alergije na pogon klimatskih promjena"},"content":{"rendered":"\n<p>Dolazak toplijeg vremena na\u010delno se smatra ne\u0161to povoljnijom okolno\u0161\u0107u u kontekstu pandemije. Ako zbog ni\u010dega drugoga onda zbog \u010dinjenice da ljudi vi\u0161e vremena provode vani. No provo\u0111enje vremena vani u prolje\u0107e donosi novi rizik za ljude s respiratornim problemima koji bi mogao dodatno pogor\u0161ati situaciju u slu\u010daju zaraze. Radi se o peludi ili o takozvanim proljetnim alergijama. Pelud je pra\u0161inasta supstanca koju drve\u0107a, trave i korovi ispu\u0161taju u zrak i u slu\u010daju da prilikom &#8220;putovanja&#8221; sleti na istu vrstu dolazi do razmno\u017eavanja.<\/p>\n\n\n\n<p>Sve su to poznati podaci i procesi, kao i ljudske alergijske reakcije. No ono \u0161to brine su saznanja o utjecaju klimatskih promjene na trajanje ispu\u0161tanja peludi i njihovu ve\u0107u koncentraciju. Samim tim su i alergi\u010dni ljudi izlo\u017eeniji respiratornim problemima \u0161to u kontekstu teku\u0107e pandemije predstavlja dodatni zdravstveni problem. Ameri\u010dki znanstvenici su nedavno objavili <a rel=\"noreferrer noopener\" href=\"https:\/\/www.carbonbrief.org\/climate-change-has-worsened-north-americas-pollen-season?fbclid=IwAR0MChYK9sVbRLb_Gr6eHgRsw70gMejAkuntmeayJQYADsVPrgp_rA7L94U\" target=\"_blank\">istra\u017eivanje<\/a> u \u010dasopisu <em>Proceedings of the National Academy of Sciences<\/em> (PNAS) u kojem su analizirali promjene u koncentraciji peludi i trajanju peludnog razdoblja u Sjedinjenim Ameri\u010dkim Dr\u017eavama i Kanadi od 1990. do 2018. godine. Pritom su se koristili podacima za 60 gradova. <\/p>\n\n\n\n<p>Glavi rezultati ka\u017eu da u odnosu na 1990. godinu peludna sezona u Sjevernoj Americi zapo\u010dinje 20 dana ranije, a zavr\u0161ava 8 dana kasnije. Pored trajanja, znakovit je skok i u koncentraciji peludi: ona je 2018. u odnosu na 1990. ve\u0107a 21%. Nema nekog razloga za\u0161to bi u Europi situacija bila bitno druk\u010dija, a i svi mi koji patimo od alergija mo\u017eemo barem dojmovno potvrditi te promjene. Cilj znanstvenika i njihovog istra\u017eivanja bilo je utvr\u0111ivanje razine uloge klimatskih promjena u tim procesima. U tu svrhu su testirali godi\u0161nje i sezonske varijable poput temperature zraka, oborina, mraza i razine CO2 u atmosferi. Te su podatke testirali kroz kompleksne znanstvene modele. Zaklju\u010dak je da prosje\u010dna godi\u0161nja temperatura predstavlja &#8220;klju\u010dnu determinantu&#8221; u trajanju peludne sezone. Zajedno s pojedinim antropogenim emisijama poput du\u0161ikovog dioksida i vi\u0161im stupnjevima urbanizacije, temperatura uzrokuje i ve\u0107u koli\u010dinu peluda koju biljke proizvode.<\/p>\n\n\n\n<p>Dodu\u0161e, \u0161to se ti\u010de pak same koli\u010dine peludi, znanstvenici procjenjuju da u ukupnom pove\u0107anju klimatske promjene sudjeluju s 8% &#8220;zasluga&#8221;, dok je u trajanju uloga klimatskih promjena znatno izra\u017eenija: &#8220;zaslu\u017ene&#8221; su za 50% produljenja. Valja istaknuti i da je utjecaj na koli\u010dinu peludi sna\u017eniji na prolje\u0107e, nego ljeti. No, ono \u0161to posebno zabrinjava jest da utjecaj klimatskih promjena postepeno postaje sve izra\u017eeniji i da se predvi\u0111a nastavak tog trenda u budu\u0107nosti. Znanstvenici upozoravaju da je neophodno \u0161to intenzivnije istra\u017eivati utjecaj klimatskih promjena na na\u0161e zdravlje i da su bez te komponente budu\u0107e zdravstvene politike prili\u010dno nekompetentne. A nama preostaje nadati se da ovogodi\u0161nja sezona peludi i respiratornih problema ne\u0107e imati prevelik utjecaj na oporavljanje zara\u017eenih korona virusom.<\/p>\n","protected":false},"excerpt":{"rendered":"<p>Dolazak toplijeg vremena na\u010delno se smatra ne\u0161to povoljnijom okolno\u0161\u0107u u kontekstu pandemije. Ako zbog ni\u010dega drugoga onda zbog \u010dinjenice da ljudi vi\u0161e vremena provode vani. No provo\u0111enje vremena vani u prolje\u0107e donosi novi rizik za ljude s respiratornim problemima koji bi mogao dodatno pogor\u0161ati situaciju u slu\u010daju zaraze. Radi se o peludi ili o takozvanim [&hellip;]<\/p>\n","protected":false},"author":5,"featured_media":36330,"comment_status":"closed","ping_status":"closed","sticky":false,"template":"","format":"standard","meta":{"footnotes":""},"categories":[454],"tags":[357],"theme":[457],"country":[459],"articleformat":[205],"coauthors":[90],"class_list":["post-36328","post","type-post","status-publish","format-standard","has-post-thumbnail","hentry","category-naslovnica","tag-klimatske-promjene","theme-klima","country-svijet","articleformat-vijest"],"_links":{"self":[{"href":"https:\/\/www.bilten.org\/index.php?rest_route=\/wp\/v2\/posts\/36328","targetHints":{"allow":["GET"]}}],"collection":[{"href":"https:\/\/www.bilten.org\/index.php?rest_route=\/wp\/v2\/posts"}],"about":[{"href":"https:\/\/www.bilten.org\/index.php?rest_route=\/wp\/v2\/types\/post"}],"author":[{"embeddable":true,"href":"https:\/\/www.bilten.org\/index.php?rest_route=\/wp\/v2\/users\/5"}],"replies":[{"embeddable":true,"href":"https:\/\/www.bilten.org\/index.php?rest_route=%2Fwp%2Fv2%2Fcomments&post=36328"}],"version-history":[{"count":3,"href":"https:\/\/www.bilten.org\/index.php?rest_route=\/wp\/v2\/posts\/36328\/revisions"}],"predecessor-version":[{"id":43192,"href":"https:\/\/www.bilten.org\/index.php?rest_route=\/wp\/v2\/posts\/36328\/revisions\/43192"}],"wp:featuredmedia":[{"embeddable":true,"href":"https:\/\/www.bilten.org\/index.php?rest_route=\/wp\/v2\/media\/36330"}],"wp:attachment":[{"href":"https:\/\/www.bilten.org\/index.php?rest_route=%2Fwp%2Fv2%2Fmedia&parent=36328"}],"wp:term":[{"taxonomy":"category","embeddable":true,"href":"https:\/\/www.bilten.org\/index.php?rest_route=%2Fwp%2Fv2%2Fcategories&post=36328"},{"taxonomy":"post_tag","embeddable":true,"href":"https:\/\/www.bilten.org\/index.php?rest_route=%2Fwp%2Fv2%2Ftags&post=36328"},{"taxonomy":"theme","embeddable":true,"href":"https:\/\/www.bilten.org\/index.php?rest_route=%2Fwp%2Fv2%2Ftheme&post=36328"},{"taxonomy":"country","embeddable":true,"href":"https:\/\/www.bilten.org\/index.php?rest_route=%2Fwp%2Fv2%2Fcountry&post=36328"},{"taxonomy":"articleformat","embeddable":true,"href":"https:\/\/www.bilten.org\/index.php?rest_route=%2Fwp%2Fv2%2Farticleformat&post=36328"},{"taxonomy":"author","embeddable":true,"href":"https:\/\/www.bilten.org\/index.php?rest_route=%2Fwp%2Fv2%2Fcoauthors&post=36328"}],"curies":[{"name":"wp","href":"https:\/\/api.w.org\/{rel}","templated":true}]}}