{"id":36174,"date":"2021-02-05T13:11:55","date_gmt":"2021-02-05T12:11:55","guid":{"rendered":"https:\/\/www.bilten.org\/?p=36174"},"modified":"2021-02-05T13:11:55","modified_gmt":"2021-02-05T12:11:55","slug":"energetski-najsiromasniji-dijelovi-eu","status":"publish","type":"post","link":"https:\/\/www.bilten.org\/?p=36174","title":{"rendered":"Energetski najsiroma\u0161niji dijelovi EU"},"content":{"rendered":"\n<p>Trideset milijuna Europljana patilo je od energetskog siroma\u0161tva u 2019. godini, pokazuje najnoviji <a rel=\"noreferrer noopener\" href=\"https:\/\/institutdelors.eu\/en\/publications\/europe-needs-a-political-strategy-to-end-energy-poverty\/\" target=\"_blank\">izvje\u0161taj<\/a> na ovu temu, proveden u institutu Jacques Delors. Ta brojka obuhva\u0107a ukupno stanovni\u0161tvo npr. Ma\u0111arske, Austrije i \u010ce\u0161ke zajedno. Ipak, o\u010dekivano, zemlje najvi\u0161e pogo\u0111ene energetskim siroma\u0161tvom su zemlje isto\u010dne i ju\u017ene periferije: Bugarska, Litva, Gr\u010dka, Portugal i Cipar.<\/p>\n\n\n\n<p>Energetsko siroma\u0161tvo u istra\u017eivanju instituta Delores primarno se odnosi na nemogu\u0107nost obitelji da zagriju ili ohlade svoje domove. Ove brojke \u0107e se za 2020. godinu \u2013 godinu pandemije \u2013 jo\u0161 vi\u0161e pove\u0107ati, o\u010dekuju istra\u017eiva\u010di, jer su ljudi ostajali bez poslova i imali ve\u0107e probleme prilikom pla\u0107anja ra\u010duna za energiju, dok su s druge strane vi\u0161e boravili ku\u0107i, \u0161to je tako\u0111er vjerojatno pove\u0107alo te ra\u010dune.<\/p>\n\n\n\n<p>U izvje\u0161taju objavljenome 3. februara, istra\u017eiva\u010di pozivaju Europsku komisiju i zemlje EU da pove\u0107aju svijest o energetskom siroma\u0161tvu i da pri dodjeli sredstava za oporavak COVID-19 daju prednost onima koji imaju problema s pla\u0107anjem ra\u010duna. Problem energetskog siroma\u0161tva, zbog klimatskih promjena vi\u0161e nije samo problem zagrijavanja domova, ve\u0107 je zbog sve \u010de\u0161\u0107ih pojava toplinskih udara, to ujedno i problem rashla\u0111ivanja prostora. Zemlje koje su vi\u0161e pogo\u0111ene energetskim siroma\u0161tvom, u pravilu nemaju izolaciju na zgradama i ku\u0107ama, a za to sanirati, nije dovoljno samo raspisati poticaje, oni moraju biti ure\u0111eni tako da ih svi mogu dobiti. <\/p>\n\n\n\n<p>Za sada me\u0111utim, u praksi to nije tako: zgrade uvijek imaju problema s privilegiranim pojedincima koji ne \u017eele pla\u0107ati pri\u010duvu (takvih je vi\u0161e, jer se siroma\u0161niji stanari boje ovrha, stoga redovitije pla\u0107aju), zatim sa predstavnicima stanara koji renoviraju svoje stanove od zajedni\u010dki upla\u0107ivane pri\u010duve, a zabilje\u017eeni su i primjeri gdje je u zgradama sa vi\u0161e ulaza, jedan ulaz iskoristio poticaje za energetsku obnovu, bez da se vodilo ra\u010duna o cijeloj zgradi, pa ostali ulazi ne mogu obnoviti svoje fasade. Ovo su samo neki naj\u010de\u0161\u0107i problemi koje je nu\u017eno rije\u0161iti kako bi poticaji za energetsku obnovu fasada imali smisla. Sli\u010dni su problemi i sa implementacijama solarnih panela, one koji to \u017eele, dr\u017eavne birokracije jo\u0161 uvijek tretiraju kao hostilne, i dok ovi procesi ne postanu jednostavni i u\u010dinkoviti, svi oblici europskih energetskih poticaja, sada\u0161nji i budu\u0107i, ostat \u0107e slabo iskori\u0161tavani, pogotovo u energetski siroma\u0161nijim zemljama i onima poput Hrvatske, sa neu\u010dinkovitom administracijom.<\/p>\n\n\n\n<p>Istra\u017eivanje jo\u0161 pokazuje da \u0107e ovi problemi najvi\u0161e pogoditi osobe s niskim primanjima koje \u017eive u socijalnom stanovanju, no isto tako predvi\u0111a da \u0107e \u017eene vjerojatnije \u017eivjeti u lo\u0161im uvjetima stanovanja od mu\u0161karaca. Neo\u010dekivana kategorija osoba u riziku od energetskog siroma\u0161tva koja se pojavila kao rezultat pandemije su nove dru\u0161tvene skupine, poput studenata i samozaposlenih, koji \u0107e energetsko siroma\u0161tvo osjetiti kao posljedicu korona virusa.<\/p>\n","protected":false},"excerpt":{"rendered":"<p>Trideset milijuna Europljana patilo je od energetskog siroma\u0161tva u 2019. godini, pokazuje najnoviji izvje\u0161taj na ovu temu, proveden u institutu Jacques Delors. Ta brojka obuhva\u0107a ukupno stanovni\u0161tvo npr. Ma\u0111arske, Austrije i \u010ce\u0161ke zajedno. Ipak, o\u010dekivano, zemlje najvi\u0161e pogo\u0111ene energetskim siroma\u0161tvom su zemlje isto\u010dne i ju\u017ene periferije: Bugarska, Litva, Gr\u010dka, Portugal i Cipar. Energetsko siroma\u0161tvo u [&hellip;]<\/p>\n","protected":false},"author":4,"featured_media":36175,"comment_status":"closed","ping_status":"closed","sticky":false,"template":"","format":"standard","meta":{"footnotes":""},"categories":[454],"tags":[564,525,533,226,357,1220,1222],"theme":[457],"country":[495],"articleformat":[205],"coauthors":[47],"class_list":["post-36174","post","type-post","status-publish","format-standard","has-post-thumbnail","hentry","category-naslovnica","tag-bugarska","tag-cipar","tag-energetsko-siromastvo","tag-grcka","tag-klimatske-promjene","tag-litva","tag-portugal","theme-klima","country-europska-unija","articleformat-vijest"],"_links":{"self":[{"href":"https:\/\/www.bilten.org\/index.php?rest_route=\/wp\/v2\/posts\/36174","targetHints":{"allow":["GET"]}}],"collection":[{"href":"https:\/\/www.bilten.org\/index.php?rest_route=\/wp\/v2\/posts"}],"about":[{"href":"https:\/\/www.bilten.org\/index.php?rest_route=\/wp\/v2\/types\/post"}],"author":[{"embeddable":true,"href":"https:\/\/www.bilten.org\/index.php?rest_route=\/wp\/v2\/users\/4"}],"replies":[{"embeddable":true,"href":"https:\/\/www.bilten.org\/index.php?rest_route=%2Fwp%2Fv2%2Fcomments&post=36174"}],"version-history":[{"count":1,"href":"https:\/\/www.bilten.org\/index.php?rest_route=\/wp\/v2\/posts\/36174\/revisions"}],"predecessor-version":[{"id":36176,"href":"https:\/\/www.bilten.org\/index.php?rest_route=\/wp\/v2\/posts\/36174\/revisions\/36176"}],"wp:featuredmedia":[{"embeddable":true,"href":"https:\/\/www.bilten.org\/index.php?rest_route=\/wp\/v2\/media\/36175"}],"wp:attachment":[{"href":"https:\/\/www.bilten.org\/index.php?rest_route=%2Fwp%2Fv2%2Fmedia&parent=36174"}],"wp:term":[{"taxonomy":"category","embeddable":true,"href":"https:\/\/www.bilten.org\/index.php?rest_route=%2Fwp%2Fv2%2Fcategories&post=36174"},{"taxonomy":"post_tag","embeddable":true,"href":"https:\/\/www.bilten.org\/index.php?rest_route=%2Fwp%2Fv2%2Ftags&post=36174"},{"taxonomy":"theme","embeddable":true,"href":"https:\/\/www.bilten.org\/index.php?rest_route=%2Fwp%2Fv2%2Ftheme&post=36174"},{"taxonomy":"country","embeddable":true,"href":"https:\/\/www.bilten.org\/index.php?rest_route=%2Fwp%2Fv2%2Fcountry&post=36174"},{"taxonomy":"articleformat","embeddable":true,"href":"https:\/\/www.bilten.org\/index.php?rest_route=%2Fwp%2Fv2%2Farticleformat&post=36174"},{"taxonomy":"author","embeddable":true,"href":"https:\/\/www.bilten.org\/index.php?rest_route=%2Fwp%2Fv2%2Fcoauthors&post=36174"}],"curies":[{"name":"wp","href":"https:\/\/api.w.org\/{rel}","templated":true}]}}