{"id":36134,"date":"2021-02-04T10:24:19","date_gmt":"2021-02-04T09:24:19","guid":{"rendered":"https:\/\/www.bilten.org\/?p=36134"},"modified":"2021-02-04T13:13:05","modified_gmt":"2021-02-04T12:13:05","slug":"tko-je-zapravo-napao-kongres","status":"publish","type":"post","link":"https:\/\/www.bilten.org\/?p=36134","title":{"rendered":"Tko je zapravo napao Kongres?"},"content":{"rendered":"\n<p>Jo\u0161 od uspona takozvanih populisti\u010dkih pokreta i stranaka u pro\u0161lom desetlje\u0107u sociolozi, politolozi i komentatori raznih profila nalaze se pred prili\u010dnim analiti\u010dkim izazovom. Kakva je demografska struktura tih novih dru\u0161tvenih pokreta i glasa\u010da? Kakve su im bile prija\u0161nje politi\u010dke sklonosti, a kako stoje s &#8220;kapitalima&#8221; &#8211; dru\u0161tvenim, simboli\u010dkim i onim &#8220;pravim&#8221;? Odgovori i obja\u0161njenja su varirali u uvjerljivosti, a pandemijska godina je donijela novi sloj kompleksnosti. Lokdauni su neke podjele dodatno zao\u0161trili, ali i rezultirali nekim novim koalicijama. Po\u010detak 2021. godine donio je &#8220;savr\u0161en&#8221; analiti\u010dki test. Relativno mali broj ljudi je &#8220;sudjelovao&#8221;, a sam doga\u0111aj je bio centralna svjetska vijest. Rije\u010d je o napadu na ameri\u010dki Kongres.<\/p>\n\n\n\n<p>S obzirom na to da smo sve mogli pratiti u\u017eivo nije trebalo puno \u010dekati na prve demografsko-politi\u010dke dijagnoze. I vi\u0161e nego o\u010dito je bilo po rekvizitima i parafernalijama da ekstremna desnica prevladava u napadu, ali nije bilo ba\u0161 tako jasno tko su zapravo svi ti ljudi. Pojedine medijske pri\u010de o zapa\u017eenijim figurama su dale naslutiti da se ne radi o koherentnoj grupi ljudi: bilo po porijeklu, bilo po klasnoj poziciji. Bilo je samo jasno da se ne radi o nekim &#8220;autenti\u010dnim&#8221; predstavnicima naroda &#8211; zapostavljenog i obespravljenog. <a href=\"https:\/\/www.theatlantic.com\/ideas\/archive\/2021\/02\/the-capitol-rioters-arent-like-other-extremists\/617895\/?fbclid=IwAR3c3eeL9jKC_Fc_SPBdcEyqdxDSYZ3udSxm-eVOWDdH6sjwlxD4YfllDAA\" target=\"_blank\" rel=\"noreferrer noopener\">Novo istra\u017eivanje <\/a>objavljeno prije dva dana nam dopu\u0161ta da napustimo krajnji analiti\u010dki oprez i da ne\u0161to hrabrije zakora\u010dimo u politi\u010dku dijagnostiku. Autori istra\u017eivanja su Robert A. Pape i Keven Ruby, dugogodi\u0161nji \u010dlanovi istra\u017eiva\u010dkog tima na projektu naziva \u010cika\u0161ki projekt o sigurnosti i prijetnjama. Projekt se uglavnom bavi demografskom strukturom doma\u0107ih i me\u0111unarodnih teroristi\u010dkih skupina.<\/p>\n\n\n\n<p>Metodologija istra\u017eivanja je bila relativno jednostavna. Uzorak su im predstavljali uhi\u0107eni zbog napada u Washingtonu i to ne svi, ve\u0107 njih 193 koji su u\u0161li u samu zgradu. Podatke o njima su saznavali iz sudskih procesa i iz novinskog izvje\u0161tavanja. Te su podatke usporedili s onima uhi\u0107enih zbog nasilja vezanog uz ekstremno-desne ciljeve u periodu od 2015. do 2020. godine. Istra\u017eivanje i usporedbe su rezultirali s \u010detiri relevantna zaklju\u010dka. Prvi glasi da se ve\u0107ina uhi\u0107enika odlu\u010dila na nasilne \u010dinove zbog poziva Donalda Trumpa da ospore slu\u017ebene rezultate izbora. Drugi zaklju\u010dak je politi\u010dki prili\u010dno znakovit: ve\u0107ina uhi\u0107enika nije imala nikakve veze s postoje\u0107im ekstremno desnim organizacijama i bandama koje redovito promoviraju i ostvaruju politi\u010dko nasilje. Ni \u010dlanstvom ni objavama nekakve podr\u0161ke na dru\u0161tvenim mre\u017eama. Ako se ti podaci usporede s onima za period uhi\u0107enja u proteklih pet godina vi\u0161e je nego o\u010dito da su u njima nagla\u0161enije sudjelovali pripadnici organiziranih ekstremno desnih grupa.<\/p>\n\n\n\n<p>Tre\u0107i zaklju\u010dak je vezan uz demografsku strukturu. I tu se mogu primijetiti zna\u010dajne razlike u odnosu na uobi\u010dajeno ekstremno desno nasilje. Sudionici u vo\u0161ingtonskim nemirima su stariji od svojih prethodnika i bogatiji. Prosjek godina je 40, a dvije tre\u0107ine su bile starije od 35, dok su dvije tre\u0107ine uhi\u0107enika u prija\u0161njim slu\u010dajevima bili ispod 35 godina starosti. Tako\u0111er, 40% uhi\u0107enih na Capitol Hillu bili su ili vlasnici poduze\u0107a ili srednjoklasnih zanimanja (white-collar jobs). Bilo je tu menad\u017eera, IT stru\u010dnjaka, odvjetnika, lije\u010dnika, vlasnika du\u0107ana i knjigovo\u0111a. Tek ih je 9% bilo nezaposlenih. Kod prija\u0161njih uhi\u0107enika slika je prili\u010dno druk\u010dija: 25% nezaposlenih i gotovo nitko zaposlen na bolje pla\u0107enim radnim mjestima. \u010cetvrti se pak zaklju\u010dak ti\u010de mjesta stanovanja uhi\u0107enih. Oni ne dolaze ve\u0107inom iz standardnih republikanskih upori\u0161ta i podru\u010dja u kojima je Trump dominirao. Reklo bi se da su pravilno raspore\u0111eni u odnosu na politi\u010dke sklonosti mjesta iz kojih dolaze.<\/p>\n\n\n\n<p>Istra\u017eiva\u010di priznaju da njihov rad ima odre\u0111ene metodolo\u0161ke manjkavosti. Izme\u0111u ostalog, u periodu od pet godina bilo je vi\u0161e vremena za prona\u0107i veze uhi\u0107enika s organiziranom ekstremnom desnicom, nego u nepunih mjesec dana. Me\u0111utim, uz jo\u0161 pokoju ogradu, mo\u017ee se bez oklijevanja ustvrditi da ono \u010demu smo svjedo\u010dili na Capitol Hillu prili\u010dno odudara od dosada\u0161njeg ekstremno desnog nasilja. A najva\u017eniju razliku smo ve\u0107 spomenuli: sudionici su stariji i imu\u0107niji nego njihovi prethodnici. Ti zaklju\u010dci su relevantni za borbu protiv ekstremno desnog nasilja: ne mo\u017eemo ga tretirati kao &#8220;ispu\u0161ni ventil&#8221; mla\u0111arije, a niti kao politi\u010dko uto\u010di\u0161te nezaposlenih i siroma\u0161nih radnika. Situacija je puno kompleksnija i zahtijeva odgovore koji nadilaze refleksni obrazac u obja\u0161njavanju suvremenog (anti)fa\u0161izma: obrazovane elite vs. siroma\u0161na radni\u010dka klasa.<\/p>\n","protected":false},"excerpt":{"rendered":"<p>Jo\u0161 od uspona takozvanih populisti\u010dkih pokreta i stranaka u pro\u0161lom desetlje\u0107u sociolozi, politolozi i komentatori raznih profila nalaze se pred prili\u010dnim analiti\u010dkim izazovom. Kakva je demografska struktura tih novih dru\u0161tvenih pokreta i glasa\u010da? Kakve su im bile prija\u0161nje politi\u010dke sklonosti, a kako stoje s &#8220;kapitalima&#8221; &#8211; dru\u0161tvenim, simboli\u010dkim i onim &#8220;pravim&#8221;? Odgovori i obja\u0161njenja su [&hellip;]<\/p>\n","protected":false},"author":5,"featured_media":35757,"comment_status":"closed","ping_status":"closed","sticky":false,"template":"","format":"standard","meta":{"footnotes":""},"categories":[454],"tags":[275],"theme":[456],"country":[967],"articleformat":[205],"coauthors":[90],"class_list":["post-36134","post","type-post","status-publish","format-standard","has-post-thumbnail","hentry","category-naslovnica","tag-ekstremna-desnica","theme-politika","country-sad","articleformat-vijest"],"_links":{"self":[{"href":"https:\/\/www.bilten.org\/index.php?rest_route=\/wp\/v2\/posts\/36134","targetHints":{"allow":["GET"]}}],"collection":[{"href":"https:\/\/www.bilten.org\/index.php?rest_route=\/wp\/v2\/posts"}],"about":[{"href":"https:\/\/www.bilten.org\/index.php?rest_route=\/wp\/v2\/types\/post"}],"author":[{"embeddable":true,"href":"https:\/\/www.bilten.org\/index.php?rest_route=\/wp\/v2\/users\/5"}],"replies":[{"embeddable":true,"href":"https:\/\/www.bilten.org\/index.php?rest_route=%2Fwp%2Fv2%2Fcomments&post=36134"}],"version-history":[{"count":1,"href":"https:\/\/www.bilten.org\/index.php?rest_route=\/wp\/v2\/posts\/36134\/revisions"}],"predecessor-version":[{"id":36135,"href":"https:\/\/www.bilten.org\/index.php?rest_route=\/wp\/v2\/posts\/36134\/revisions\/36135"}],"wp:featuredmedia":[{"embeddable":true,"href":"https:\/\/www.bilten.org\/index.php?rest_route=\/wp\/v2\/media\/35757"}],"wp:attachment":[{"href":"https:\/\/www.bilten.org\/index.php?rest_route=%2Fwp%2Fv2%2Fmedia&parent=36134"}],"wp:term":[{"taxonomy":"category","embeddable":true,"href":"https:\/\/www.bilten.org\/index.php?rest_route=%2Fwp%2Fv2%2Fcategories&post=36134"},{"taxonomy":"post_tag","embeddable":true,"href":"https:\/\/www.bilten.org\/index.php?rest_route=%2Fwp%2Fv2%2Ftags&post=36134"},{"taxonomy":"theme","embeddable":true,"href":"https:\/\/www.bilten.org\/index.php?rest_route=%2Fwp%2Fv2%2Ftheme&post=36134"},{"taxonomy":"country","embeddable":true,"href":"https:\/\/www.bilten.org\/index.php?rest_route=%2Fwp%2Fv2%2Fcountry&post=36134"},{"taxonomy":"articleformat","embeddable":true,"href":"https:\/\/www.bilten.org\/index.php?rest_route=%2Fwp%2Fv2%2Farticleformat&post=36134"},{"taxonomy":"author","embeddable":true,"href":"https:\/\/www.bilten.org\/index.php?rest_route=%2Fwp%2Fv2%2Fcoauthors&post=36134"}],"curies":[{"name":"wp","href":"https:\/\/api.w.org\/{rel}","templated":true}]}}