{"id":36120,"date":"2021-02-02T14:49:38","date_gmt":"2021-02-02T13:49:38","guid":{"rendered":"https:\/\/www.bilten.org\/?p=36120"},"modified":"2021-02-02T14:49:38","modified_gmt":"2021-02-02T13:49:38","slug":"prosvjedi-protiv-zabrane-pobacaja-u-poljskoj","status":"publish","type":"post","link":"https:\/\/www.bilten.org\/?p=36120","title":{"rendered":"Prosvjedi protiv zabrane poba\u010daja u Poljskoj"},"content":{"rendered":"\n<p>Nekoliko tisu\u0107a ljudi prosvjedovalo je pro\u0161log tjedna tri no\u0107i za redom u Var\u0161avi i nekoliko drugih poljskih gradova protiv slu\u017ebene objave Ustavnog suda o gotovo potpunoj zabrani poba\u010daja. Prosvjed, koji je organizirao pokret \u0160trajk za \u017eene (Strajk Kobiet) u Var\u0161avi zavr\u0161io je u petak nakon pono\u0107i blizu ku\u0107e Jaros\u0142awa Kaczy\u0144skog, predsjednika vladaju\u0107e stranke Pravo i pravda. Iako su prosvjednici htjeli do\u0107i do njegove rezidencije, policija ih je u tome sprije\u010dila.<\/p>\n\n\n\n<p>Presuda Ustavnog suda kojom je poba\u010daj u slu\u010daju anomalija fetusa zabranjen i progla\u0161en protuzakonitim donesena je u listopadu, a stupila je na snagu tek pro\u0161le srijede (27. sije\u010dnja) zbog prosvjeda koji su izbili nakon dono\u0161enja odluke. Nova presuda \u010dini poljski zakon o poba\u010daju najstro\u017eim u Europi, a dopu\u0161ta mogu\u0107nost legalnog poba\u010daja samo u slu\u010daju silovanja, incesta i ugro\u017eenosti \u017eivota trudnice. Usvojeni prijedlog sastavljen je jo\u0161 2018. godine, a predstavlja bla\u017ei oblik (iako i dalje jedan od najstro\u017eih u Europi, nakon Malte, Andore i San Marina) posljednjeg prijedloga koji je zahtijevao zabranu poba\u010daja \u010dak i u slu\u010daju silovanja i trudno\u0107e koja ugro\u017eava zdravlje trudnice, a povu\u010den je nakon <a rel=\"noreferrer noopener\" href=\"https:\/\/www.nytimes.com\/2016\/10\/04\/world\/europe\/poland-abortion-black-monday.html\" target=\"_blank\">masovnih prosvjeda 2016. godine<\/a>.<\/p>\n\n\n\n<p>Prema slu\u017ebenim podacima u Poljskoj se u 2019. obavilo 1.110 legalnih poba\u010daja, od \u010dega je njih 1.074 (97%) obavljeno zbog anomalija fetusa, \u0161to novi zakon zabranjuje. Procjenjuje se da Poljakinje godi\u0161nje obave izme\u0111u 80.000 i 200.000 poba\u010daja \u2013 ve\u0107inom ilegalnih, dok se dio obavlja u inozemstvu, naj\u010de\u0161\u0107e Njema\u010dkoj i Slova\u010dkoj. Velikom broju poba\u010daja u inozemstvu, i onih ilegalno obavljenih u Poljskoj, doprinosi i \u010dinjenica da bolnice imaju pravo odbiti obaviti poba\u010daj \u010dak i tih nekoliko slu\u010dajeva kada ih zakon dozvoljava. Desna vlada, predvo\u0111ena strakom PiS (Pravo i pravda \u2013 Prawo i Sprawiedliwo\u015b\u0107) poba\u010daje zbog anomalija fetusa, odnosno fetusa kojima je dijagnosticirana trisomija, prozvala je &#8220;eugeni\u010dkim abortusima&#8221;.<\/p>\n\n\n\n<p>Presuda Ustavnog suda prva je promjena poljskog zakona o poba\u010daju nakon 1993. godine, a predstavlja kulminaciju vi\u0161egodi\u0161njeg napora poljske desne vlade (izabrane 2015.) da ograni\u010di pristup poba\u010dajima. Retorika protiv poba\u010daja \u010dini temelj konzervativnog programa vladaju\u0107e stranke PiS, koja je zakon o zabrani poba\u010daja zbog anomalija fetusa poku\u0161ala donijeti u <a rel=\"noreferrer noopener\" href=\"https:\/\/www.bilten.org\/?p=32190\" target=\"_blank\">prvim tjednima pandemije<\/a> koronavirusa. Osim zabrane poba\u010daja, konzervativna vlada pokrenula je rasprave i na temu zabrane spolnog odgoja, Istanbulske konvencije, umjetne oplodnje i <a href=\"https:\/\/www.dw.com\/hr\/opasno-je-biti-homoseksualac-u-poljskoj\/a-49739056\" target=\"_blank\" rel=\"noreferrer noopener\">prava LBGTQI osoba<\/a>, posebno po pitanju istospolnih brakova i zajednica. <\/p>\n","protected":false},"excerpt":{"rendered":"<p>Nekoliko tisu\u0107a ljudi prosvjedovalo je pro\u0161log tjedna tri no\u0107i za redom u Var\u0161avi i nekoliko drugih poljskih gradova protiv slu\u017ebene objave Ustavnog suda o gotovo potpunoj zabrani poba\u010daja. Prosvjed, koji je organizirao pokret \u0160trajk za \u017eene (Strajk Kobiet) u Var\u0161avi zavr\u0161io je u petak nakon pono\u0107i blizu ku\u0107e Jaros\u0142awa Kaczy\u0144skog, predsjednika vladaju\u0107e stranke Pravo i [&hellip;]<\/p>\n","protected":false},"author":9,"featured_media":36122,"comment_status":"closed","ping_status":"closed","sticky":false,"template":"","format":"standard","meta":{"footnotes":""},"categories":[454],"tags":[551,552,286],"theme":[458],"country":[495],"articleformat":[205],"coauthors":[241],"class_list":["post-36120","post","type-post","status-publish","format-standard","has-post-thumbnail","hentry","category-naslovnica","tag-abortus","tag-pobacaj","tag-poljska","theme-drustvo","country-europska-unija","articleformat-vijest"],"_links":{"self":[{"href":"https:\/\/www.bilten.org\/index.php?rest_route=\/wp\/v2\/posts\/36120","targetHints":{"allow":["GET"]}}],"collection":[{"href":"https:\/\/www.bilten.org\/index.php?rest_route=\/wp\/v2\/posts"}],"about":[{"href":"https:\/\/www.bilten.org\/index.php?rest_route=\/wp\/v2\/types\/post"}],"author":[{"embeddable":true,"href":"https:\/\/www.bilten.org\/index.php?rest_route=\/wp\/v2\/users\/9"}],"replies":[{"embeddable":true,"href":"https:\/\/www.bilten.org\/index.php?rest_route=%2Fwp%2Fv2%2Fcomments&post=36120"}],"version-history":[{"count":2,"href":"https:\/\/www.bilten.org\/index.php?rest_route=\/wp\/v2\/posts\/36120\/revisions"}],"predecessor-version":[{"id":36123,"href":"https:\/\/www.bilten.org\/index.php?rest_route=\/wp\/v2\/posts\/36120\/revisions\/36123"}],"wp:featuredmedia":[{"embeddable":true,"href":"https:\/\/www.bilten.org\/index.php?rest_route=\/wp\/v2\/media\/36122"}],"wp:attachment":[{"href":"https:\/\/www.bilten.org\/index.php?rest_route=%2Fwp%2Fv2%2Fmedia&parent=36120"}],"wp:term":[{"taxonomy":"category","embeddable":true,"href":"https:\/\/www.bilten.org\/index.php?rest_route=%2Fwp%2Fv2%2Fcategories&post=36120"},{"taxonomy":"post_tag","embeddable":true,"href":"https:\/\/www.bilten.org\/index.php?rest_route=%2Fwp%2Fv2%2Ftags&post=36120"},{"taxonomy":"theme","embeddable":true,"href":"https:\/\/www.bilten.org\/index.php?rest_route=%2Fwp%2Fv2%2Ftheme&post=36120"},{"taxonomy":"country","embeddable":true,"href":"https:\/\/www.bilten.org\/index.php?rest_route=%2Fwp%2Fv2%2Fcountry&post=36120"},{"taxonomy":"articleformat","embeddable":true,"href":"https:\/\/www.bilten.org\/index.php?rest_route=%2Fwp%2Fv2%2Farticleformat&post=36120"},{"taxonomy":"author","embeddable":true,"href":"https:\/\/www.bilten.org\/index.php?rest_route=%2Fwp%2Fv2%2Fcoauthors&post=36120"}],"curies":[{"name":"wp","href":"https:\/\/api.w.org\/{rel}","templated":true}]}}