{"id":35913,"date":"2021-01-20T11:55:00","date_gmt":"2021-01-20T10:55:00","guid":{"rendered":"https:\/\/www.bilten.org\/?p=35913"},"modified":"2021-01-20T12:26:52","modified_gmt":"2021-01-20T11:26:52","slug":"soros-ne-moze-kp-kine-moze","status":"publish","type":"post","link":"https:\/\/www.bilten.org\/?p=35913","title":{"rendered":"Soro\u0161ev &#8220;kulturni marksizam&#8221; ne mo\u017ee, ali KP Kine mo\u017ee"},"content":{"rendered":"\n<p>Nema sumnje da je Viktor Orban najve\u0107i politi\u010dki <em>celebrity<\/em> me\u0111u desnicom u na\u0161em dijelu Europe. Desnica je u ovom slu\u010daju samo-definirana stavom da se Angela Merkel nalazi na ljevici. Me\u0111u njima prevladava mi\u0161ljenje po kojem se recept za gotovo svaki politi\u010dki problem nalazi u formuli: treba nam na\u0161 Orban! Naravno, postoje i oni ambiciozniji me\u0111u njima koji upravo sebe vide u toj ulozi pandana ma\u0111arskom premijeru. A on je taj status zaslu\u017eio navodno beskompromisnim stavovima prema &#8220;moralnom imperijalizmu&#8221; Bruxellesa, stranom kapitalu, izbjeglicama, &#8220;rodnoj ideologiji&#8221; i &#8220;kulturnom marksizmu&#8221;. Dakle, prema svim najve\u0107im izvorima zla ovog svijeta u vi\u0111enju suvremene (ekstremne) desnice.<\/p>\n\n\n\n<p>Me\u0111utim, Orban je puno ideolo\u0161ki fleksibilniji i politi\u010dki pragmati\u010dniji od svojih fanova. I ponekad potezima definitivno uvodi zbrku me\u0111u njima, unato\u010d tome \u0161to uvijek postoji prikladno marketin\u0161ko opravdanje za te poteze, naj\u010de\u0161\u0107e izra\u017eeno ekstremizacijom stava po nekom drugom pitanju. Novi izazov za Orbanove fanove u na\u0161em dvori\u0161tu predstavlja <a href=\"https:\/\/www.ft.com\/content\/55565169-98f3-4391-8df8-5adf30d814f9\" target=\"_blank\" rel=\"noreferrer noopener\">poslovno-obrazovna suradnja<\/a> s Kinom. Preciznije s tamo\u0161njim Sveu\u010dili\u0161tem Fudan. Sama suradnja mo\u017eda i ne bi bila toliko problemati\u010dna da joj nije prethodilo kontroverzno i \u0161irom svijeta poznato izbacivanje Srednjoeuropskog univerziteta (CEU) iz Budimpe\u0161ta, ina\u010de poznatijeg kao Soro\u0161ev univerzitet. Ne treba posebno nagla\u0161avati da je milijarder George Soro\u0161 centralna figura desni\u010darskih teorija zavjere o nametanju &#8220;rodne ideologije&#8221; i &#8220;kulturnog marksizma&#8221;. A pogotovo u Ma\u0111arskoj odakle vu\u010de porijeklo. Upravo je obra\u010dun sa Soro\u0161om poslu\u017eio Orbanu da se poka\u017ee kao nepokolebljiv borac protiv bizarne koalicije \u017eidovskog kapitala i ljevi\u010darske ideologije. Dodu\u0161e, bizarne ako joj ne znamo povijest, pogotovo onu me\u0111uratnu u Njema\u010dkoj.<\/p>\n\n\n\n<p>Soro\u0161 je, dakle, potjeran, epilog pri\u010de se odvija na europskim sudovima, a Kinezi su do\u010dekani ra\u0161irenih ruku. Kampus u Budimpe\u0161ti se planira izgraditi do 2024. godine, a dotad \u0107e se fakultetski programi odvijati u suradnji s ma\u0111arskim sveu\u010dili\u0161tima. Prijateljstvo je podebljano obe\u0107anjem po kojem \u0107e ma\u0111arska vlada donirati 2.2 milijuna eura za izgradnju kampusa. No, kako navode kriti\u010dari projekta, ta \u0107e se donacija Orbanu itekako isplatiti jer \u0107e nakon otvaranja Fudanove podru\u017enice slobodno mo\u0107i rezati sredstva za javna sveu\u010dili\u0161ta. \u0160to ne predstavlja samo prigodu za u\u0161tedu ve\u0107 i alat za obra\u010dun s preostalim protivnicima re\u017eima. S druge pak strane, smatraju kriti\u010dari, Kinezima Budimpe\u0161ta predstavlja sigurno uto\u010di\u0161te u poslovno-obrazovnoj ekspanziji. U nekim atraktivnijim metropolama na zapadu bili bi izlo\u017eeniji politi\u010dkim pritiscima. Kina i Ma\u0111arska ve\u0107 neko vrijeme njeguju uspje\u0161nu ekonomsku suradnju.<\/p>\n\n\n\n<p>To se najbolje vidi na primjeru Huaweija, kompanije koja ve\u0107 neko vrijeme izaziva kontroverze na zapadu zbog utrke u uspostavljanju 5G mre\u017ee. Najve\u0107i opskrbni centar Huaweija van Kine nalazi se upravo u Ma\u0111arskoj. Prema izra\u010dunima britanske konzultantske firme Oxford Economics, Huawei je zaslu\u017ean za 0.4% ma\u0111arskog BDP-a, 0.5% ukupne zaposlenosti i 0.4% prora\u010dunskih prihoda. Dakle, itekako relevantna uloga, a prisutni su i drugi oblici suradnje. Nema ni\u0161ta naro\u010dito sporno u tome, Orban se snishodljivo odnosi i prema zapadnom kapitalu, pogotovo onom u autoindustriji. No, odluke tog kapitala ne nadzire neka Komunisti\u010dka partija kao \u0161to je to rije\u010d u kineskom slu\u010daju. Kao \u0161to u povelji Soro\u0161evog fakulteta ne stoji ono \u0161to stoji u povelji Sveu\u010dili\u0161ta Fudan, a tamo lijepo pi\u0161e da se Fudan &#8220;pridr\u017eava vodstva Komunisti\u010dke partije Kine i da \u0107e u potpunosti implementirati obrazovnu politiku Partije&#8221;.<\/p>\n\n\n\n<p>Dakle, mo\u017ee realno postoje\u0107a komunisti\u010dka partija, ali ne i &#8220;kulturni marksizam&#8221; koji financira mo\u0107ni milijarder. Doslovno mem materijal za popularni Twitter profil Accidentally left-wing na kojem se objavljuju istupi i postovi desni\u010dara i konzervativaca koji nehotice i nesvjesno zalutaju lijevo. \u0160togod mislili o Komunisti\u010dkoj partije Kine i njenom marksizmu, ovakvi kriteriji koje provodi Orban u prvom redu samo potvr\u0111uju svu besmislenost teorija o &#8220;kulturnom marksizmu&#8221; kao alatu za ovladavanje svijetom. Lokalna desnica se tek s tim treba suo\u010diti. Nelagoda je bila vidljiva i pri preno\u0161enju ove vijesti. Portali Kamenjar i Direkno su ju samo iskoristili da u naslovu opet spomenu protjerivanje Soro\u0161a, a \u0161to se ti\u010de sadr\u017eaja i Kineza, samo su prenijeli sa\u017eetak vijesti iz Financial Timesu koji im je ponudio Jutarnji list. Tko zna, mo\u017eda im odlazak Trumpa olak\u0161a prihva\u0107anje Komunisti\u010dke partije Kine.<\/p>\n","protected":false},"excerpt":{"rendered":"<p>Nema sumnje da je Viktor Orban najve\u0107i politi\u010dki celebrity me\u0111u desnicom u na\u0161em dijelu Europe. Desnica je u ovom slu\u010daju samo-definirana stavom da se Angela Merkel nalazi na ljevici. Me\u0111u njima prevladava mi\u0161ljenje po kojem se recept za gotovo svaki politi\u010dki problem nalazi u formuli: treba nam na\u0161 Orban! Naravno, postoje i oni ambiciozniji me\u0111u [&hellip;]<\/p>\n","protected":false},"author":5,"featured_media":35917,"comment_status":"closed","ping_status":"closed","sticky":false,"template":"","format":"standard","meta":{"footnotes":""},"categories":[454],"tags":[287],"theme":[456],"country":[495],"articleformat":[205],"coauthors":[90],"class_list":["post-35913","post","type-post","status-publish","format-standard","has-post-thumbnail","hentry","category-naslovnica","tag-madarska","theme-politika","country-europska-unija","articleformat-vijest"],"_links":{"self":[{"href":"https:\/\/www.bilten.org\/index.php?rest_route=\/wp\/v2\/posts\/35913","targetHints":{"allow":["GET"]}}],"collection":[{"href":"https:\/\/www.bilten.org\/index.php?rest_route=\/wp\/v2\/posts"}],"about":[{"href":"https:\/\/www.bilten.org\/index.php?rest_route=\/wp\/v2\/types\/post"}],"author":[{"embeddable":true,"href":"https:\/\/www.bilten.org\/index.php?rest_route=\/wp\/v2\/users\/5"}],"replies":[{"embeddable":true,"href":"https:\/\/www.bilten.org\/index.php?rest_route=%2Fwp%2Fv2%2Fcomments&post=35913"}],"version-history":[{"count":3,"href":"https:\/\/www.bilten.org\/index.php?rest_route=\/wp\/v2\/posts\/35913\/revisions"}],"predecessor-version":[{"id":35918,"href":"https:\/\/www.bilten.org\/index.php?rest_route=\/wp\/v2\/posts\/35913\/revisions\/35918"}],"wp:featuredmedia":[{"embeddable":true,"href":"https:\/\/www.bilten.org\/index.php?rest_route=\/wp\/v2\/media\/35917"}],"wp:attachment":[{"href":"https:\/\/www.bilten.org\/index.php?rest_route=%2Fwp%2Fv2%2Fmedia&parent=35913"}],"wp:term":[{"taxonomy":"category","embeddable":true,"href":"https:\/\/www.bilten.org\/index.php?rest_route=%2Fwp%2Fv2%2Fcategories&post=35913"},{"taxonomy":"post_tag","embeddable":true,"href":"https:\/\/www.bilten.org\/index.php?rest_route=%2Fwp%2Fv2%2Ftags&post=35913"},{"taxonomy":"theme","embeddable":true,"href":"https:\/\/www.bilten.org\/index.php?rest_route=%2Fwp%2Fv2%2Ftheme&post=35913"},{"taxonomy":"country","embeddable":true,"href":"https:\/\/www.bilten.org\/index.php?rest_route=%2Fwp%2Fv2%2Fcountry&post=35913"},{"taxonomy":"articleformat","embeddable":true,"href":"https:\/\/www.bilten.org\/index.php?rest_route=%2Fwp%2Fv2%2Farticleformat&post=35913"},{"taxonomy":"author","embeddable":true,"href":"https:\/\/www.bilten.org\/index.php?rest_route=%2Fwp%2Fv2%2Fcoauthors&post=35913"}],"curies":[{"name":"wp","href":"https:\/\/api.w.org\/{rel}","templated":true}]}}