{"id":35390,"date":"2020-11-30T11:40:49","date_gmt":"2020-11-30T10:40:49","guid":{"rendered":"https:\/\/www.bilten.org\/?p=35390"},"modified":"2020-11-30T11:37:35","modified_gmt":"2020-11-30T10:37:35","slug":"skupi-spas-u-turskoj","status":"publish","type":"post","link":"https:\/\/www.bilten.org\/?p=35390","title":{"rendered":"Skupi spas u Turskoj"},"content":{"rendered":"\n<p>Tr\u017ei\u0161ta nastaju na razli\u010dite na\u010dine. Nekad iza nastanka stoji tehnolo\u0161ka inovacija, nekad osvajanje novih teritorija, nekad me\u0111udr\u017eavni sporazumi, a nekad oduzimanje zemlje seljacima. Kroz povijest smo svjedo\u010dili raznolikim primjerima, manje ili vi\u0161e &#8220;ekstravagantnim&#8221;. A bilo je za o\u010dekivati da \u0107e pandemija rezultirati novim primjerima, pogotovo u onim siroma\u0161nijim zemljama u kojima dr\u017eava nema dovoljne kapacitete da se nosi sa svim izazovima koje pandemija donosi. Jedan od tu\u017enijih dolazi iz Albanije.<\/p>\n\n\n\n<p>Prema <a href=\"https:\/\/balkaninsight.com\/2020\/11\/24\/albanians-spend-millions-on-covid-19-treatment-in-turkey\/\" target=\"_blank\" rel=\"noreferrer noopener\">saznanjima<\/a> do kojih je do\u0161ao BIRN nekoliko stotina Albanaca zara\u017eenih korona virusom je u proteklom periodu odletjelo u Tursku na zdravstveni tretman u tamo\u0161njim privatnim klinikama. Naime, odletjeli su jer se nisu mogli u pouzdati u to da \u0107e im albanski zdravstveni sustav omogu\u0107iti izlije\u010denje. Razlog tome uglavnom le\u017ei u manjku medicinskih kadrova u bolnicama i posljedi\u010dno slabijoj skrbi. Lije\u010denje u Turskoj pak ko\u0161ta prili\u010dno. Sam let ko\u0161ta od 10.500 eura do 20.000 ako je izrazito hitan. Jedna no\u0107 u klinici stoji oko 1.200 eura, a mo\u017ee dosegnuti i 3.500 eura ako \u017eelite luksuzniji smje\u0161taj. Jednog od BIRN-ovih sugovornika koji je bio na lije\u010denju u Turskoj i tamo boravio 20 dana, \u017eivot je ko\u0161tao oko 45.000 eura.<\/p>\n\n\n\n<p>\u010cak i usputno poznavanje albanske ekonomije i \u017eivotnog standarda sugerira da si ve\u0107ina stanovni\u0161tva ne mo\u017ee priu\u0161titi takav oblik zdravstvenog spasa. No, prema podacima kojima raspola\u017ee BIRN, za odlazak u Tursku se ne odlu\u010duju samo imu\u0107niji slojevi. Ekstremna situacija i smrt koja visi iznad glave prisiljavaju i one slabijeg ekonomskog stanja da se ukrcaju na avion. Tada uska\u010du ro\u0111aci i rodbina, zadu\u017euje se na sve strane, a neki razmatraju i prodaju ku\u0107e kako bi pre\u017eivjeli. Premijer Edi Rama, upitan za ovaj oblik &#8220;zdravstvenog turizma&#8221;, tvrdi da se ne mo\u017ee zabraniti ljudima da putuju. Zaposlenica Turske internacionalne bolnice u Tirani koja regulira zdravstvenu dimenziju prijevoza u Tursku ka\u017ee da odbijaju pacijente za koje je o\u010dito da se mogu izlije\u010diti i u Albaniji jer kao ne \u017eele da se ljudi zadu\u017euju bez razloga.<\/p>\n\n\n\n<p>Uglavnom, albanski dr\u017eavljani zbog slabe efikasnosti javnog zdravstvenog sustava sada novce tro\u0161e u turskim privatnim klinikama kako bi pre\u017eivjeli. I tu se otvorilo novo tr\u017ei\u0161te koje smo spomenuli na po\u010detku. Kada je cijela stvar krenula prijevoz pacijenata organizirala je samo kompanija specijalizirana za hitne zdravstvene prijevoze. Ali ubrzo su i ostali namirisali potencijalnu zaradu za posredni\u010dke usluge. Trenutno na novostvorenom tr\u017ei\u0161tu operira desetak firmi koje organiziraju \u010darter letove, a me\u0111u njima su turisti\u010dke agencije i firme za pogrebne usluge koje valjda tako zara\u0111uju i na onima koji ne\u0107e umrijeti. Te posredni\u010dke firme dobivaju izme\u0111u 10 i 20% od ra\u010duna koje izdaju turske klinike. Posrijedi je, dakle, jedna prili\u010dno bizarna pri\u010da u kojoj je pravo na \u017eivot gotovo svedeno na kupovnu mo\u0107. <\/p>\n","protected":false},"excerpt":{"rendered":"<p>Tr\u017ei\u0161ta nastaju na razli\u010dite na\u010dine. Nekad iza nastanka stoji tehnolo\u0161ka inovacija, nekad osvajanje novih teritorija, nekad me\u0111udr\u017eavni sporazumi, a nekad oduzimanje zemlje seljacima. Kroz povijest smo svjedo\u010dili raznolikim primjerima, manje ili vi\u0161e &#8220;ekstravagantnim&#8221;. A bilo je za o\u010dekivati da \u0107e pandemija rezultirati novim primjerima, pogotovo u onim siroma\u0161nijim zemljama u kojima dr\u017eava nema dovoljne kapacitete [&hellip;]<\/p>\n","protected":false},"author":5,"featured_media":35393,"comment_status":"closed","ping_status":"closed","sticky":false,"template":"","format":"standard","meta":{"footnotes":""},"categories":[454],"tags":[435],"theme":[458],"country":[65],"articleformat":[205],"coauthors":[90],"class_list":["post-35390","post","type-post","status-publish","format-standard","has-post-thumbnail","hentry","category-naslovnica","tag-zdravstvo","theme-drustvo","country-albanija","articleformat-vijest"],"_links":{"self":[{"href":"https:\/\/www.bilten.org\/index.php?rest_route=\/wp\/v2\/posts\/35390","targetHints":{"allow":["GET"]}}],"collection":[{"href":"https:\/\/www.bilten.org\/index.php?rest_route=\/wp\/v2\/posts"}],"about":[{"href":"https:\/\/www.bilten.org\/index.php?rest_route=\/wp\/v2\/types\/post"}],"author":[{"embeddable":true,"href":"https:\/\/www.bilten.org\/index.php?rest_route=\/wp\/v2\/users\/5"}],"replies":[{"embeddable":true,"href":"https:\/\/www.bilten.org\/index.php?rest_route=%2Fwp%2Fv2%2Fcomments&post=35390"}],"version-history":[{"count":3,"href":"https:\/\/www.bilten.org\/index.php?rest_route=\/wp\/v2\/posts\/35390\/revisions"}],"predecessor-version":[{"id":35394,"href":"https:\/\/www.bilten.org\/index.php?rest_route=\/wp\/v2\/posts\/35390\/revisions\/35394"}],"wp:featuredmedia":[{"embeddable":true,"href":"https:\/\/www.bilten.org\/index.php?rest_route=\/wp\/v2\/media\/35393"}],"wp:attachment":[{"href":"https:\/\/www.bilten.org\/index.php?rest_route=%2Fwp%2Fv2%2Fmedia&parent=35390"}],"wp:term":[{"taxonomy":"category","embeddable":true,"href":"https:\/\/www.bilten.org\/index.php?rest_route=%2Fwp%2Fv2%2Fcategories&post=35390"},{"taxonomy":"post_tag","embeddable":true,"href":"https:\/\/www.bilten.org\/index.php?rest_route=%2Fwp%2Fv2%2Ftags&post=35390"},{"taxonomy":"theme","embeddable":true,"href":"https:\/\/www.bilten.org\/index.php?rest_route=%2Fwp%2Fv2%2Ftheme&post=35390"},{"taxonomy":"country","embeddable":true,"href":"https:\/\/www.bilten.org\/index.php?rest_route=%2Fwp%2Fv2%2Fcountry&post=35390"},{"taxonomy":"articleformat","embeddable":true,"href":"https:\/\/www.bilten.org\/index.php?rest_route=%2Fwp%2Fv2%2Farticleformat&post=35390"},{"taxonomy":"author","embeddable":true,"href":"https:\/\/www.bilten.org\/index.php?rest_route=%2Fwp%2Fv2%2Fcoauthors&post=35390"}],"curies":[{"name":"wp","href":"https:\/\/api.w.org\/{rel}","templated":true}]}}