{"id":35180,"date":"2020-11-12T13:51:35","date_gmt":"2020-11-12T12:51:35","guid":{"rendered":"https:\/\/www.bilten.org\/?p=35180"},"modified":"2020-11-15T11:57:55","modified_gmt":"2020-11-15T10:57:55","slug":"kisela-zedna-i-jalova-kako-zastititi-tlo-u-hrvatskoj","status":"publish","type":"post","link":"https:\/\/www.bilten.org\/?p=35180","title":{"rendered":"Kisela, \u017eedna i jalova: kako za\u0161tititi tla u Hrvatskoj?"},"content":{"rendered":"\n<p>Kao \u0161to su zaklju\u010dili sudionici nacionalnog foruma o tlu pod nazivom &#8220;Kako za\u0161tititi tlo: poljoprivredna tla Hrvatske poprili\u010dno kisela, \u017eedna i jalova&#8221; u organizaciji udruga Zelena Istra i ODRAZ \u2013 Odr\u017eivi razvoj; situacija je dosta lo\u0161a &#8220;alarm je uklju\u010den, potrebna je hitna reakcija&#8221;. Udruge su 10. studenog, u okviru projekta SOIL4LIFE odr\u017eale online konferenciju s pitanjem kako sa\u010duvati tlo i ciljem da se osvijesti problem degradacije tla te &#8220;stimulirati donositelje odluka za aktivnosti za\u0161tite&#8221;. Kako je na konferenciji isticao Darko Znaor, neovisni agro-okoli\u0161ni konzultant: &#8220;tlo je ugro\u017eeno, to je resurs koji nije neograni\u010den te je temelj na\u0161eg opstanka&#8221;. Iznio je neke podatke o stanju tla u Hrvatskoj kazav\u0161i kako se ovdje nalazi \u010dak 65 vrsta zemlje, od \u010dega je 54 posto pogodno za obradu.<\/p>\n\n\n\n<p>Upozorio je da se usprkos ustavnim odredbama u \u010dlanku 53. Ustava RH koje odre\u0111uju da zemlji\u0161te i ostala prirodna bogatstva imaju posebnu za\u0161titu, te odredbe uop\u0107e ne provode. Znaor problematizira \u010dinjenicu koju smo i na Biltenu i sami <a rel=\"noreferrer noopener\" href=\"https:\/\/www.bilten.org\/?p=28581\" target=\"_blank\">prepoznali<\/a> \u2013 podataka o budu\u0107nosti poljoprivrede u Hrvatskoj uop\u0107e nema. Bilten posljednje tri godine neuspje\u0161no poku\u0161ava analizirati temu budu\u0107nosti hrane u Hrvatskoj sa perspektivama klimatskih promjena. U te tri godine nismo uspjeli prona\u0107i autore spremne za analizirati ove teme. Ova informacija daje nove negativne implikacije cijeloj temi. Znaor je u sli\u010dnom kontekstu na konferenciji istaknuo kako je &#8220;kvaliteta podataka o stanju i nastojanjima u za\u0161titi tla posljednjih godina ne\u0161to bolja, ali su podaci i dalje oskudni i fragmentirani: Od ukupno 30-ak indikatora stanja tla koje bi trebalo pratiti, u Hrvatskoj se prati svega nekoliko, tako da, na primjer, pra\u0107enje biolo\u0161kih indikatora kvalitete tla gotovo da ne postoji. Problem je i u tome \u0161to se podaci ne interpretiraju i ne analiziraju, naro\u010dito ne kroz du\u017ee razdoblje kako bi se moglo zaklju\u010diti o trendovima (osim za Osje\u010dko-baranjsku \u017eupaniju koja sustavno prati kvalitetu tla). Ne postoji ni kriti\u010dki osvrt na podatke kojim bi se definirao problem. Podatke osim institucija iz javnog sektora prikupljaju i entuzijasti iz akademske zajednice te privatni sektor u komercijalne svrhe. Klju\u010dna poljoprivredna izvje\u0161\u0107a i strategije ne sadr\u017ee informacije o stanju tla.&#8221;<\/p>\n\n\n\n<h2 class=\"wp-block-heading\">Realnopostoje\u0107a kriza<\/h2>\n\n\n\n<p>Istra\u017eivanja u RH pokazuju da je \u010dak 89% uzoraka tla za podizanje trajnih nasada slabo humusno, u \u010demu prednja\u010de \u010detiri \u017eupanije isto\u010dne Hrvatske svega 3% njihovih uzoraka sadr\u017ei vi\u0161e od 3,4% humusa u orani\u010dnom sloju tla. Klju\u010dne prijetnje za\u0161titi i plodnosti tla u Hrvatskoj su: uzak plodored, industrijski uzgoj stoke na velikim farmama, bez \u2013 ili, s vrlo malo poljoprivrednog zemlji\u0161ta, koje koncentriraju proizvodnju gnojiva na uskom podru\u010dju, i koji je, zbog visokih tro\u0161kova prijevoza, neisplativo koristiti na udaljenijem poljoprivrednom zemlji\u0161tu te hidroponski uzgoj \u2013 proizvodnja povr\u0107a bez tla.<\/p>\n\n\n\n<p>Drugim rije\u010dima, hrvatska poljoprivreda je sve ono \u0161to u realnopostoje\u0107oj dru\u0161tvenoj situaciji klimatske krize ne treba biti. Ona je nazadna, nepromi\u0161ljena, stihijska i neoliberalna. Sudionici projekta SOIL4LIFE zaklju\u010duju kako je &#8220;potrebno kreirati lepezu politika, ali i pritiska gra\u0111anskog dru\u0161tva i znanstvene zajednice na kreatore politika, da to uzmu u razmatranje i donesu konkretne mjere&#8221;. Svi su se sudionici foruma slo\u017eili kako je potrebno intenzivno i kontinuirano informiranje javnosti o svim problemima i opasnostima vezanima uz degradaciju i potro\u0161nju tla te zajedni\u010dki zagovara\u010dki anga\u017eman &#8211; znanosti, prakse, institucija i organizacija civilnog dru\u0161tva prema donositeljima odluka.<\/p>\n\n\n\n<p>No, nije li porazno imati dr\u017eavnu politiku koju je potrebno kontrolirati javnim pritiskom \u010dak i onda kada se radi o ne\u010dem toliko osnovnom da zaista osnovnije ne mo\u017ee biti: budu\u0107nost hrane u Hrvatskoj. Nije li posebno razlju\u0107uju\u0107a \u010dinjenica da \u0107e u kontekstu najnovije Zajedni\u010dke poljoprivredne politike 80 posto dr\u017eavnih subvencija za poljoprivredu oti\u0107i najve\u0107im veleposjednicima, koji nakon kraha Agrokora \u010dak vi\u0161e nisu ni doma\u0107i vlasnici i koji upravo provode poljoprivredne politike koje su na\u0161a tla u\u010dinila kiselim i jalovim? Ne le\u017ei li ultimativna dru\u0161tvena ironija u \u010dinjenici da su na\u0161a hvaljena plodna tla postala nalik na\u0161em dru\u0161tvu: kisela, \u017eedna i jalova?<\/p>\n","protected":false},"excerpt":{"rendered":"<p>Kao \u0161to su zaklju\u010dili sudionici nacionalnog foruma o tlu pod nazivom &#8220;Kako za\u0161tititi tlo: poljoprivredna tla Hrvatske poprili\u010dno kisela, \u017eedna i jalova&#8221; u organizaciji udruga Zelena Istra i ODRAZ \u2013 Odr\u017eivi razvoj; situacija je dosta lo\u0161a &#8220;alarm je uklju\u010den, potrebna je hitna reakcija&#8221;. Udruge su 10. studenog, u okviru projekta SOIL4LIFE odr\u017eale online konferenciju s [&hellip;]<\/p>\n","protected":false},"author":4,"featured_media":35182,"comment_status":"closed","ping_status":"closed","sticky":false,"template":"","format":"standard","meta":{"footnotes":""},"categories":[454],"tags":[436,70],"theme":[457],"country":[38],"articleformat":[205],"coauthors":[47],"class_list":["post-35180","post","type-post","status-publish","format-standard","has-post-thumbnail","hentry","category-naslovnica","tag-hrana","tag-poljoprivreda","theme-klima","country-hrvatska","articleformat-vijest"],"_links":{"self":[{"href":"https:\/\/www.bilten.org\/index.php?rest_route=\/wp\/v2\/posts\/35180","targetHints":{"allow":["GET"]}}],"collection":[{"href":"https:\/\/www.bilten.org\/index.php?rest_route=\/wp\/v2\/posts"}],"about":[{"href":"https:\/\/www.bilten.org\/index.php?rest_route=\/wp\/v2\/types\/post"}],"author":[{"embeddable":true,"href":"https:\/\/www.bilten.org\/index.php?rest_route=\/wp\/v2\/users\/4"}],"replies":[{"embeddable":true,"href":"https:\/\/www.bilten.org\/index.php?rest_route=%2Fwp%2Fv2%2Fcomments&post=35180"}],"version-history":[{"count":5,"href":"https:\/\/www.bilten.org\/index.php?rest_route=\/wp\/v2\/posts\/35180\/revisions"}],"predecessor-version":[{"id":35202,"href":"https:\/\/www.bilten.org\/index.php?rest_route=\/wp\/v2\/posts\/35180\/revisions\/35202"}],"wp:featuredmedia":[{"embeddable":true,"href":"https:\/\/www.bilten.org\/index.php?rest_route=\/wp\/v2\/media\/35182"}],"wp:attachment":[{"href":"https:\/\/www.bilten.org\/index.php?rest_route=%2Fwp%2Fv2%2Fmedia&parent=35180"}],"wp:term":[{"taxonomy":"category","embeddable":true,"href":"https:\/\/www.bilten.org\/index.php?rest_route=%2Fwp%2Fv2%2Fcategories&post=35180"},{"taxonomy":"post_tag","embeddable":true,"href":"https:\/\/www.bilten.org\/index.php?rest_route=%2Fwp%2Fv2%2Ftags&post=35180"},{"taxonomy":"theme","embeddable":true,"href":"https:\/\/www.bilten.org\/index.php?rest_route=%2Fwp%2Fv2%2Ftheme&post=35180"},{"taxonomy":"country","embeddable":true,"href":"https:\/\/www.bilten.org\/index.php?rest_route=%2Fwp%2Fv2%2Fcountry&post=35180"},{"taxonomy":"articleformat","embeddable":true,"href":"https:\/\/www.bilten.org\/index.php?rest_route=%2Fwp%2Fv2%2Farticleformat&post=35180"},{"taxonomy":"author","embeddable":true,"href":"https:\/\/www.bilten.org\/index.php?rest_route=%2Fwp%2Fv2%2Fcoauthors&post=35180"}],"curies":[{"name":"wp","href":"https:\/\/api.w.org\/{rel}","templated":true}]}}