{"id":34932,"date":"2020-10-28T11:25:26","date_gmt":"2020-10-28T10:25:26","guid":{"rendered":"https:\/\/www.bilten.org\/?p=34932"},"modified":"2020-10-28T11:21:26","modified_gmt":"2020-10-28T10:21:26","slug":"jug-se-pomalo-odrice-stednje","status":"publish","type":"post","link":"https:\/\/www.bilten.org\/?p=34932","title":{"rendered":"Jug se pomalo odri\u010de \u0161tednje"},"content":{"rendered":"\n<p>Pravila igre su donedavno bila jasna. Dr\u017eave na europskom jugu su rastro\u0161ne, sklone deficitu i non\u0161alantnoj fiskalnoj politici. Zato su tu ozbiljne zemlje sjevera i briselska birokracija da ih zauzdavaju i usmjeravaju na ispravan put. Ako se na tom putu raspadne koja bolnica ili \u0161kola, nije toliko va\u017eno. Ako umirovljenici ne mogu zadovoljiti osnovne \u017eivotne potrebe, a mladi prona\u0107i pristojan posao, tako\u0111er je nije va\u017eno. Ono \u0161to je va\u017eno jest da su zadovoljeni imaginarni ekonomski bogovi i politi\u010dke elite ne\u0161to sjevernije. To \u0161to su minusi na jugu direktno zna\u010dili pluseve na sjeveru &#8211; u obliku potra\u017enje za proizvodima sjevernih ekonomija koji se ina\u010de ne bi prodali &#8211; tako\u0111er nije bilo va\u017eno.<\/p>\n\n\n\n<p>Pojava korona virusa je malo pomrsila prioritete i olabavila pravila igre. Obrazac nije sasvim nestao, svjedo\u010dili smo uvjetima i zahtjevima &#8220;\u0161tedljive \u010detvorke&#8221; u pregovorima oko europskog paketa pomo\u0107a. Ali barem je direktni nadzor nad fiskalnim politikama &#8220;problemati\u010dnih&#8221; \u010dlanica prili\u010dno oslabio. Potezi i mjere koje su se \u010dinili nezamislivima polako stje\u010du status minimalne legitimnosti i predmeta rasprave. Tu promjenu u ideolo\u0161koj klimi koju prvenstveno diktira Njema\u010dka nanju\u0161ili su i na jugu. Naslovi na stranicama renomiranih europskih medija bilje\u017ee zna\u010dajne promjene dr\u017eavnih politika, a pritom se isti\u010du <a href=\"https:\/\/www.ft.com\/content\/c95d11a4-5979-464f-b132-2ac868566fbd\" target=\"_blank\" rel=\"noreferrer noopener\">\u0160panjolska<\/a> i <a href=\"https:\/\/www.ft.com\/content\/914dc963-c460-4b50-bb31-9563f3bc94d4\" target=\"_blank\" rel=\"noreferrer noopener\">Italija<\/a>.<\/p>\n\n\n\n<p>Koalicijska \u0161panjolska vlada koju \u010dine socijalisti i Podemos ju\u010der je predstavila prijedlog prora\u010duna za narednu godinu. Premijer Pedro S\u00e1nchez je prora\u010dun najavio kao opro\u0161taj od politika \u0161tednje, dok je Pablo Iglesias, \u010delnik Podemosa, sukladno ne\u0161to lijevijoj orijentaciji, imao jo\u0161 ambiciozniju najavu te poru\u010dio da novi prora\u010dun predstavlja kraj neoliberalizma. Podlogu za takve najave \u010dini program izda\u0161nijih &#8220;dru\u0161tvenih investicija&#8221; koje \u0107e se financirati putem ve\u0107ih poreza za najbogatije. Te se investicije uglavnom odnose na zdravstvo, sustav skrbi, obrazovanje i istra\u017eivanje. Porezne izmjene se ti\u010du 36.000 najbogatijih poreznih obveznika, 0,17% ukupnog broja. Planiran je rast poreznih stopa za 3 odnosno 2% na najvi\u0161e pla\u0107e i na prihode od kapitalne dobiti. Tako\u0111er, predvi\u0111eno je da se stopa izuze\u0107a za porez na dividendu za strane vlasnike velikih firmi smanji sa 100 na 95%. Time bi bilo obuhva\u0107eno ne\u0161to manje od 2.000 firmi. Tako\u0111er, najavljena je i kontrola visine renti.<\/p>\n\n\n\n<p>I dok se dr\u017eava na Iberijskom poluotoku &#8220;zadr\u017eala&#8221; uglavnom na fiskalnim kalkulacijama, ona na Apeninskom poluotoku je pokazala ne\u0161to proaktivniju stranu. \u0160to i ne \u010dudi toliko ako znamo da je premijer Giuseppe Conte za savjetnicu izabrao Marianu Mazzucato, ekonomisticu najpoznatiju po knjizi &#8220;<a href=\"https:\/\/shop.skolskaknjiga.hr\/drzava-poduzetnica.html\" target=\"_blank\" rel=\"noreferrer noopener\">Dr\u017eava poduzetnica<\/a>&#8221; koja je nedavno i kod nas prevedena. Mazzucato zagovara stav po kojem banalna podjela na inovativni privatni sektor i tromu dr\u017eavu ne dr\u017ei vodu ni u ekonomskoj realnosti niti se na nju mo\u017ee osloniti pri razvojnim planovima. Dr\u017eava je, smatra Mazzucato, neophodni faktor ekonomske inovacije i za bilo kakav iskorak nu\u017ena je njena proaktivnija uloga. Talijanska je vlada taj stav u odre\u0111enoj mjeri prihvatila i u posljednje vrijeme krenula u zna\u010dajne akvizicije kompanija, kao i u izda\u0161nije subvencije. Tu se isti\u010du uglavnom one infrastrukturne, ali nema &#8220;diskriminacije&#8221;, preuzimaju se i tekstilne firme.<\/p>\n\n\n\n<p>Domete zaokreta u vi\u0111enju ekonomske uloge dr\u017eave tek treba procijeniti, pogotovo u neizvjesnom pandemijskom kontekstu. Ali, taj kontekst name\u0107e neminovnost te promjene. Kako je u nedavnom intervjuu primijetio \u0161kotski ekonomist Mark Blyth, tako\u0111er autor <a href=\"https:\/\/www.superknjizara.hr\/?page=knjiga&amp;id_knjiga=119902\" target=\"_blank\" rel=\"noreferrer noopener\">ekonomske uspje\u0161nice<\/a> koja je prevedena i kod nas, ova kriza je pone\u0161to druk\u010dije prirode od prethodnih financijskih kriza. Nije do\u0161lo do destrukcije kapitala uslijed raskoraka izme\u0111u njegove valorizacije na financijskim tr\u017ei\u0161tima i prihoda koje je generirao. Poslali smo ljude doma, ali kapital je jo\u0161 tu. I sad je pitanje kako taj kapital aktivirati i preusmjeriti s obzirom na pandemijske okolnosti i promjene ekonomskih prioriteta, umjesto da &#8220;\u010deka&#8221;. S obzirom na to da se famozna kreativna destrukcija nije dogodila, strogo tr\u017ei\u0161na rje\u0161enja ne ulijevaju ba\u0161 povjerenje. \u010cini se da je dr\u017eava jedina u poziciji planiranja razvoja. Ako je ostalo i\u0161ta kapaciteta i sposobnosti nakon vi\u0161edesetljetne epizode uni\u0161tavanja tih istih kapaciteta i sposobnosti.<\/p>\n","protected":false},"excerpt":{"rendered":"<p>Pravila igre su donedavno bila jasna. Dr\u017eave na europskom jugu su rastro\u0161ne, sklone deficitu i non\u0161alantnoj fiskalnoj politici. Zato su tu ozbiljne zemlje sjevera i briselska birokracija da ih zauzdavaju i usmjeravaju na ispravan put. Ako se na tom putu raspadne koja bolnica ili \u0161kola, nije toliko va\u017eno. Ako umirovljenici ne mogu zadovoljiti osnovne \u017eivotne [&hellip;]<\/p>\n","protected":false},"author":5,"featured_media":34935,"comment_status":"closed","ping_status":"closed","sticky":false,"template":"","format":"standard","meta":{"footnotes":""},"categories":[454],"tags":[110,228],"theme":[456],"country":[495],"articleformat":[205],"coauthors":[90],"class_list":["post-34932","post","type-post","status-publish","format-standard","has-post-thumbnail","hentry","category-naslovnica","tag-drzava","tag-ekonomija","theme-politika","country-europska-unija","articleformat-vijest"],"_links":{"self":[{"href":"https:\/\/www.bilten.org\/index.php?rest_route=\/wp\/v2\/posts\/34932","targetHints":{"allow":["GET"]}}],"collection":[{"href":"https:\/\/www.bilten.org\/index.php?rest_route=\/wp\/v2\/posts"}],"about":[{"href":"https:\/\/www.bilten.org\/index.php?rest_route=\/wp\/v2\/types\/post"}],"author":[{"embeddable":true,"href":"https:\/\/www.bilten.org\/index.php?rest_route=\/wp\/v2\/users\/5"}],"replies":[{"embeddable":true,"href":"https:\/\/www.bilten.org\/index.php?rest_route=%2Fwp%2Fv2%2Fcomments&post=34932"}],"version-history":[{"count":1,"href":"https:\/\/www.bilten.org\/index.php?rest_route=\/wp\/v2\/posts\/34932\/revisions"}],"predecessor-version":[{"id":34934,"href":"https:\/\/www.bilten.org\/index.php?rest_route=\/wp\/v2\/posts\/34932\/revisions\/34934"}],"wp:featuredmedia":[{"embeddable":true,"href":"https:\/\/www.bilten.org\/index.php?rest_route=\/wp\/v2\/media\/34935"}],"wp:attachment":[{"href":"https:\/\/www.bilten.org\/index.php?rest_route=%2Fwp%2Fv2%2Fmedia&parent=34932"}],"wp:term":[{"taxonomy":"category","embeddable":true,"href":"https:\/\/www.bilten.org\/index.php?rest_route=%2Fwp%2Fv2%2Fcategories&post=34932"},{"taxonomy":"post_tag","embeddable":true,"href":"https:\/\/www.bilten.org\/index.php?rest_route=%2Fwp%2Fv2%2Ftags&post=34932"},{"taxonomy":"theme","embeddable":true,"href":"https:\/\/www.bilten.org\/index.php?rest_route=%2Fwp%2Fv2%2Ftheme&post=34932"},{"taxonomy":"country","embeddable":true,"href":"https:\/\/www.bilten.org\/index.php?rest_route=%2Fwp%2Fv2%2Fcountry&post=34932"},{"taxonomy":"articleformat","embeddable":true,"href":"https:\/\/www.bilten.org\/index.php?rest_route=%2Fwp%2Fv2%2Farticleformat&post=34932"},{"taxonomy":"author","embeddable":true,"href":"https:\/\/www.bilten.org\/index.php?rest_route=%2Fwp%2Fv2%2Fcoauthors&post=34932"}],"curies":[{"name":"wp","href":"https:\/\/api.w.org\/{rel}","templated":true}]}}